{"id":8407,"date":"2023-01-25T13:35:15","date_gmt":"2023-01-25T13:35:15","guid":{"rendered":"https:\/\/www.radiolimari.cl\/?p=8407"},"modified":"2023-01-25T13:35:15","modified_gmt":"2023-01-25T13:35:15","slug":"dirigentes-y-dirigentas-sindicales-valoran-de-forma-positiva-proyecto-de-reforma-de-pensiones","status":"publish","type":"post","link":"https:\/\/www.radiolimari.cl\/?p=8407","title":{"rendered":"<strong>Dirigentes y dirigentas sindicales valoran de forma positiva proyecto de Reforma de Pensiones<\/strong>"},"content":{"rendered":"\n<figure class=\"wp-block-image size-large\"><a href=\"https:\/\/www.radiolimari.cl\/wp-content\/uploads\/2023\/01\/SISTEMA-MIXTO-1.jpeg\"><img fetchpriority=\"high\" decoding=\"async\" width=\"1024\" height=\"768\" src=\"https:\/\/www.radiolimari.cl\/wp-content\/uploads\/2023\/01\/SISTEMA-MIXTO-1-1024x768.jpeg\" alt=\"\" class=\"wp-image-8408\" srcset=\"https:\/\/www.radiolimari.cl\/wp-content\/uploads\/2023\/01\/SISTEMA-MIXTO-1-1024x768.jpeg 1024w, https:\/\/www.radiolimari.cl\/wp-content\/uploads\/2023\/01\/SISTEMA-MIXTO-1-300x225.jpeg 300w, https:\/\/www.radiolimari.cl\/wp-content\/uploads\/2023\/01\/SISTEMA-MIXTO-1-768x576.jpeg 768w, https:\/\/www.radiolimari.cl\/wp-content\/uploads\/2023\/01\/SISTEMA-MIXTO-1-1536x1152.jpeg 1536w, https:\/\/www.radiolimari.cl\/wp-content\/uploads\/2023\/01\/SISTEMA-MIXTO-1.jpeg 1600w\" sizes=\"(max-width: 1024px) 100vw, 1024px\" \/><\/a><figcaption class=\"wp-element-caption\">\u00b7\u00a0\u00a0\u00a0\u00a0\u00a0\u00a0 <strong><em>La Seremi del Trabajo dio a conocer los alcances del proyecto presentado por el Gobierno.<\/em><\/strong> <\/figcaption><\/figure>\n\n\n\n<p>Representantes de trabajadores y trabajadoras de diferentes \u00e1reas productivas de las comunas de La Serena, Coquimbo y Ovalle sostuvieron un encuentro con la Seremi del Trabajo y Previsi\u00f3n Social, Claudia Santander, instancia que permiti\u00f3 entregar detalles del proyecto de Reforma de Pensiones y la propuesta de un Sistema Mixto presentado por el Gobierno.<\/p>\n\n\n\n<p>En la jornada los dirigentes y dirigentas sindicales valoraron de forma positiva los alcances de la propuesta presentada por el ejecutivo, que de aprobarse, aumentar\u00e1 las pensiones de los actuales y de los futuros jubilados del pa\u00eds.<\/p>\n\n\n\n<p>Maribel Flores, presidenta del Sindicato de Manipuladoras de Alimentos Merken, coment\u00f3 que \u201cconocimos de forma muy clara los detalles del proyecto que es fundamental para nosotras las mujeres. Nosotros tenemos muchas socias que ya est\u00e1n pensionadas y que se les est\u00e1n terminando sus fondos, por lo que nos interesan las iniciativas que permitan mejorar y tener pensiones m\u00e1s dignas\u201d.<\/p>\n\n\n\n<p>Mientras que Marcelo Silva, presidente del Sindicato de Servicios Log\u00edsticos La Serena S.A, destac\u00f3 la instancia de informaci\u00f3n y dijo que \u201cexiste una contraparte que busca desinformar a la gente respecto de este proyecto, por lo que estas reuniones es un buen avance y debemos hacerlo m\u00e1s masivo para alcanzar a m\u00e1s gente con la informaci\u00f3n\u201d.<\/p>\n\n\n\n<p>La Seremi del Trabajo, Claudia Santander, valor\u00f3 la jornada de difusi\u00f3n de la Reforma de Pensiones y enfatiz\u00f3 en la importancia de que los dirigentes puedan informarse acerca de la iniciativa presentada por el Gobierno y manifest\u00f3 que \u201ces fundamental que los dirigentes sindicales puedan estar capacitados y hacer replica de la informaci\u00f3n que aqu\u00ed se les entrega a sus bases. La informaci\u00f3n y conocimiento de este proyecto es absolutamente necesario para poder empujar esta reforma que va a beneficiar a todos los pensionados, actuales y futuros de nuestro pa\u00eds\u201d.<\/p>\n\n\n\n<p>El proyecto de ley que crea un Nuevo Sistema Mixto de Pensiones tiene como pilares mejorar el monto y cobertura de la Pensi\u00f3n Garantizada Universal (PGU), elev\u00e1ndola a $ 250.000, y crear un Seguro Social en el Pilar Contributivo que sea financiado con una cotizaci\u00f3n adicional de 6% de la renta imponible, de cargo del empleador, que mejorar\u00e1 las pensiones actuales y futuras, sobre todo, las jubilaciones de las mujeres, a trav\u00e9s de diversos mecanismos solidarios.<\/p>\n\n\n\n<p>Al mismo tiempo, propone una reorganizaci\u00f3n de la industria previsional, sin la existencia de las AFP, y en el que convivan un Inversor de Pensiones P\u00fablico y Aut\u00f3nomo (IPPA) con nuevos Inversores de Pensiones Privados (IPP), que s\u00f3lo realizar\u00e1n actividades de inversi\u00f3n. Asimismo, existir\u00e1 el Administrador de Pensiones Aut\u00f3nomo (APA), entidad p\u00fablica fortalecida que suceder\u00e1 al actual Instituto de Previsi\u00f3n Social (IPS) y que asumir\u00e1 las diversas actividades de soporte, como afiliaci\u00f3n, recaudaci\u00f3n, cobranza y pago de beneficios, entre otros.<\/p>\n","protected":false},"excerpt":{"rendered":"<p>Representantes de trabajadores y trabajadoras de diferentes \u00e1reas productivas de las comunas de La Serena, Coquimbo y Ovalle sostuvieron un encuentro con la Seremi del Trabajo y Previsi\u00f3n Social, Claudia Santander, instancia que permiti\u00f3 entregar detalles del proyecto de Reforma de Pensiones y la propuesta de un Sistema Mixto presentado por el Gobierno. En la &#8230;<\/p>\n","protected":false},"author":2,"featured_media":8408,"comment_status":"open","ping_status":"open","sticky":false,"template":"","format":"standard","meta":{"footnotes":""},"categories":[6],"tags":[],"class_list":["post-8407","post","type-post","status-publish","format-standard","has-post-thumbnail","hentry","category-regionales"],"_links":{"self":[{"href":"https:\/\/www.radiolimari.cl\/index.php?rest_route=\/wp\/v2\/posts\/8407","targetHints":{"allow":["GET"]}}],"collection":[{"href":"https:\/\/www.radiolimari.cl\/index.php?rest_route=\/wp\/v2\/posts"}],"about":[{"href":"https:\/\/www.radiolimari.cl\/index.php?rest_route=\/wp\/v2\/types\/post"}],"author":[{"embeddable":true,"href":"https:\/\/www.radiolimari.cl\/index.php?rest_route=\/wp\/v2\/users\/2"}],"replies":[{"embeddable":true,"href":"https:\/\/www.radiolimari.cl\/index.php?rest_route=%2Fwp%2Fv2%2Fcomments&post=8407"}],"version-history":[{"count":1,"href":"https:\/\/www.radiolimari.cl\/index.php?rest_route=\/wp\/v2\/posts\/8407\/revisions"}],"predecessor-version":[{"id":8409,"href":"https:\/\/www.radiolimari.cl\/index.php?rest_route=\/wp\/v2\/posts\/8407\/revisions\/8409"}],"wp:featuredmedia":[{"embeddable":true,"href":"https:\/\/www.radiolimari.cl\/index.php?rest_route=\/wp\/v2\/media\/8408"}],"wp:attachment":[{"href":"https:\/\/www.radiolimari.cl\/index.php?rest_route=%2Fwp%2Fv2%2Fmedia&parent=8407"}],"wp:term":[{"taxonomy":"category","embeddable":true,"href":"https:\/\/www.radiolimari.cl\/index.php?rest_route=%2Fwp%2Fv2%2Fcategories&post=8407"},{"taxonomy":"post_tag","embeddable":true,"href":"https:\/\/www.radiolimari.cl\/index.php?rest_route=%2Fwp%2Fv2%2Ftags&post=8407"}],"curies":[{"name":"wp","href":"https:\/\/api.w.org\/{rel}","templated":true}]}}