{"id":8404,"date":"2023-01-24T00:57:39","date_gmt":"2023-01-24T00:57:39","guid":{"rendered":"https:\/\/www.radiolimari.cl\/?p=8404"},"modified":"2023-01-24T00:57:39","modified_gmt":"2023-01-24T00:57:39","slug":"club-atletico-mineiro-de-monte-patria-contara-con-nueva-sede-social","status":"publish","type":"post","link":"https:\/\/www.radiolimari.cl\/?p=8404","title":{"rendered":"Club Atl\u00e9tico Mineiro de Monte Patria contar\u00e1 con nueva sede social"},"content":{"rendered":"\n<figure class=\"wp-block-image size-full is-resized\"><a href=\"https:\/\/www.radiolimari.cl\/wp-content\/uploads\/2023\/01\/FOTO2.jpeg\"><img fetchpriority=\"high\" decoding=\"async\" src=\"https:\/\/www.radiolimari.cl\/wp-content\/uploads\/2023\/01\/FOTO2.jpeg\" alt=\"\" class=\"wp-image-8405\" width=\"397\" height=\"298\" srcset=\"https:\/\/www.radiolimari.cl\/wp-content\/uploads\/2023\/01\/FOTO2.jpeg 1024w, https:\/\/www.radiolimari.cl\/wp-content\/uploads\/2023\/01\/FOTO2-300x225.jpeg 300w, https:\/\/www.radiolimari.cl\/wp-content\/uploads\/2023\/01\/FOTO2-768x576.jpeg 768w\" sizes=\"(max-width: 397px) 100vw, 397px\" \/><\/a><figcaption class=\"wp-element-caption\"><strong><em>Construcci\u00f3n podr\u00e1 concretarse tras la adjudicaci\u00f3n del Fondo Social Presidente de la Rep\u00fablica que gestiona la Delegaci\u00f3n Presidencial de Limar\u00ed.<\/em><\/strong> <\/figcaption><\/figure>\n\n\n\n<p>Felices est\u00e1n los m\u00e1s de 50 socios y socias del club Atl\u00e9tico Mineiro de Monte Patria, ya que gracias al financiamiento adjudicado por el del Fondo Social Presidente de la Rep\u00fablica, que gestiona la Delegaci\u00f3n Presidencial de Limar\u00ed, podr\u00e1n contar con una nueva sede social, cuyo valor ser\u00e1 de m\u00e1s de 29 millones de pesos, financiados en su totalidad por el fondo antes mencionado.<\/p>\n\n\n\n<p>Se trata de la soluci\u00f3n a una sentida necesidad,&nbsp;&nbsp;como lo comenta Amadiel&nbsp;\u00c1ngel, presidente del Club \u201cnuestro club ten\u00eda una sede antigua, que con los terremotos estaba deteriorada, hasta que un d\u00eda un bus la choc\u00f3, derrib\u00e1ndola por completo y dej\u00e1ndonos sin sede. Por eso, con este proyecto podremos tener un lugar para reunirnos y poder realizar nuestras actividades\u201d.<\/p>\n\n\n\n<p>Por su parte el Galo Luna Penna, delegado presidencial Provincial de Limar\u00ed, fue a reunirse en Monte patria con dirigentes del club y el alcaldede la comuna, Cristian Herrera. En el lugar, el representante del presidente Boric,&nbsp;&nbsp;pudo constatar en terreno la realidad que vive el club&nbsp;&nbsp;y se\u00f1al\u00f3&nbsp;\u201cestamos muy contentos de poder compartir junto al club Atl\u00e9tico Mineiro, a quienes hemos venido a entregar un fondo que les permitir\u00e1 construir su sede, ellos contaban con el terreno y solo faltaba un aporte monetario. Esperamos poder visitarlos prontamente para inaugurar su sede social que se concreta gracias al apoyo que pudimos gestionar y que viene en nombre del presidente\u201d<\/p>\n\n\n\n<p>Otro de los&nbsp;&nbsp;aportes esenciales en materia de gesti\u00f3n, fue el realizado por la Municipalidad de Monte Patria, ya que a trav\u00e9s de su alcalde Cristian Herrera, se pudo canalizar esta necesidad \u201cagradecemos al Delegado Presidencial y al Presidente por este fondo que va a permitir terminar con una situaci\u00f3n que vive este club, que no cuenta con un lugar donde reunirse aunque siguen jugando y reuni\u00e9ndose. Ellos se pusieron en contacto con nosotros y llegamos con la solicitud al delegado y que pudo apoyarnos con este proyecto que trae m\u00e1s recursos para nuestra comuna\u201d, puntualiz\u00f3 el edil.<\/p>\n\n\n\n<p>El fondo que se adjudic\u00f3 el Club corresponde al Fondo Social Presidente de la Rep\u00fablica, que permite a&nbsp;organismos p\u00fablicos o privados sin fines de lucro&nbsp;financiar proyectos sociales de&nbsp;equipamiento o infraestructura&nbsp;que apoyen y complementen las pol\u00edticas de inversi\u00f3n social del Estado.&nbsp;Estos proyectos deber\u00e1n estar preferentemente orientados a construir tejido social, potenciar la participaci\u00f3n ciudadana y contribuir a superar la vulnerabilidad social de una comunidad u organizaci\u00f3n determinada.<\/p>\n","protected":false},"excerpt":{"rendered":"<p>Felices est\u00e1n los m\u00e1s de 50 socios y socias del club Atl\u00e9tico Mineiro de Monte Patria, ya que gracias al financiamiento adjudicado por el del Fondo Social Presidente de la Rep\u00fablica, que gestiona la Delegaci\u00f3n Presidencial de Limar\u00ed, podr\u00e1n contar con una nueva sede social, cuyo valor ser\u00e1 de m\u00e1s de 29 millones de pesos, &#8230;<\/p>\n","protected":false},"author":2,"featured_media":8405,"comment_status":"open","ping_status":"open","sticky":false,"template":"","format":"standard","meta":{"footnotes":""},"categories":[5],"tags":[],"class_list":["post-8404","post","type-post","status-publish","format-standard","has-post-thumbnail","hentry","category-actualidad-limarina"],"_links":{"self":[{"href":"https:\/\/www.radiolimari.cl\/index.php?rest_route=\/wp\/v2\/posts\/8404","targetHints":{"allow":["GET"]}}],"collection":[{"href":"https:\/\/www.radiolimari.cl\/index.php?rest_route=\/wp\/v2\/posts"}],"about":[{"href":"https:\/\/www.radiolimari.cl\/index.php?rest_route=\/wp\/v2\/types\/post"}],"author":[{"embeddable":true,"href":"https:\/\/www.radiolimari.cl\/index.php?rest_route=\/wp\/v2\/users\/2"}],"replies":[{"embeddable":true,"href":"https:\/\/www.radiolimari.cl\/index.php?rest_route=%2Fwp%2Fv2%2Fcomments&post=8404"}],"version-history":[{"count":1,"href":"https:\/\/www.radiolimari.cl\/index.php?rest_route=\/wp\/v2\/posts\/8404\/revisions"}],"predecessor-version":[{"id":8406,"href":"https:\/\/www.radiolimari.cl\/index.php?rest_route=\/wp\/v2\/posts\/8404\/revisions\/8406"}],"wp:featuredmedia":[{"embeddable":true,"href":"https:\/\/www.radiolimari.cl\/index.php?rest_route=\/wp\/v2\/media\/8405"}],"wp:attachment":[{"href":"https:\/\/www.radiolimari.cl\/index.php?rest_route=%2Fwp%2Fv2%2Fmedia&parent=8404"}],"wp:term":[{"taxonomy":"category","embeddable":true,"href":"https:\/\/www.radiolimari.cl\/index.php?rest_route=%2Fwp%2Fv2%2Fcategories&post=8404"},{"taxonomy":"post_tag","embeddable":true,"href":"https:\/\/www.radiolimari.cl\/index.php?rest_route=%2Fwp%2Fv2%2Ftags&post=8404"}],"curies":[{"name":"wp","href":"https:\/\/api.w.org\/{rel}","templated":true}]}}