{"id":8401,"date":"2023-01-23T17:16:32","date_gmt":"2023-01-23T17:16:32","guid":{"rendered":"https:\/\/www.radiolimari.cl\/?p=8401"},"modified":"2023-01-23T17:16:32","modified_gmt":"2023-01-23T17:16:32","slug":"se-inicio-el-funcionamiento-de-la-oficina-municipal-de-migraciones-en-ovalle","status":"publish","type":"post","link":"https:\/\/www.radiolimari.cl\/?p=8401","title":{"rendered":"Se inici\u00f3 el funcionamiento de la Oficina Municipal de Migraciones en Ovalle"},"content":{"rendered":"\n<figure class=\"wp-block-image size-large\"><a href=\"https:\/\/www.radiolimari.cl\/wp-content\/uploads\/2023\/01\/Oficina-Municipal-de-Migraciones-scaled.jpg\"><img fetchpriority=\"high\" decoding=\"async\" width=\"1024\" height=\"922\" src=\"https:\/\/www.radiolimari.cl\/wp-content\/uploads\/2023\/01\/Oficina-Municipal-de-Migraciones-1024x922.jpg\" alt=\"\" class=\"wp-image-8402\" srcset=\"https:\/\/www.radiolimari.cl\/wp-content\/uploads\/2023\/01\/Oficina-Municipal-de-Migraciones-1024x922.jpg 1024w, https:\/\/www.radiolimari.cl\/wp-content\/uploads\/2023\/01\/Oficina-Municipal-de-Migraciones-300x270.jpg 300w, https:\/\/www.radiolimari.cl\/wp-content\/uploads\/2023\/01\/Oficina-Municipal-de-Migraciones-768x691.jpg 768w, https:\/\/www.radiolimari.cl\/wp-content\/uploads\/2023\/01\/Oficina-Municipal-de-Migraciones-1536x1382.jpg 1536w, https:\/\/www.radiolimari.cl\/wp-content\/uploads\/2023\/01\/Oficina-Municipal-de-Migraciones-2048x1843.jpg 2048w\" sizes=\"(max-width: 1024px) 100vw, 1024px\" \/><\/a><figcaption class=\"wp-element-caption\"><strong><em>La oficina, que atender\u00e1 de lunes a viernes de 8.30 a 14.00 horas, se encuentra en las dependencias municipales ubicadas en Arizt\u00eda Poniente #7 y atender\u00e1 problem\u00e1ticas de personas extranjeras, principalmente relacionadas con el \u00e1mbito social.<\/em><\/strong> <\/figcaption><\/figure>\n\n\n\n<p>El municipio de Ovalle puso en marcha el funcionamiento de la Oficina Municipal de Migraciones. Este lugar se encuentra en la entrada principal de las dependencias municipales, ubicadas en Arizt\u00eda Poniente #7 y atender\u00e1 de lunes a viernes de 8.30 a 14.00 horas, con el objetivo de apoyar a la poblaci\u00f3n extranjera, que actualmente reside en la comuna.<\/p>\n\n\n\n<p>Los beneficiarios podr\u00e1n optar a atenci\u00f3n apuntada a resolver tem\u00e1ticas relacionadas con informes sociales y proyectos, apoyo en el proceso de integraci\u00f3n social, educacional y laboral de las comunidades migrantes, adem\u00e1s de la atenci\u00f3n basada en el informe socio-jur\u00eddico, apuntando a la promoci\u00f3n de la regularidad migratoria.<\/p>\n\n\n\n<p>En este sentido, Katherine Ossand\u00f3n Lanas, encargada de Oficina Municipal de Migraciones destac\u00f3 que \u201cnosotros atenderemos a la poblaci\u00f3n migrante que reside en nuestra comuna y los ayudaremos en diversos \u00e1mbitos, por ejemplo el estado de su visa, su situaci\u00f3n laboral, social y educacional. La idea es apoyarlos para que se sientan a gusto en nuestro pa\u00eds y puedan conocer a qu\u00e9 beneficios pueden postular para su bienestar\u201d.<\/p>\n\n\n\n<p>Recordemos, que el municipio de Ovalle ya ha trabajado con la poblaci\u00f3n migrante. Fue as\u00ed como durante el 2022, una de estas gestiones se tradujo en la ejecuci\u00f3n del programa \u201cAprendiendo a hablar espa\u00f1ol en Ovalle\u201d, que tuvo una inversi\u00f3n de 8 millones de pesos, provenientes del Fondo Migrante del Servicio Nacional de Migraciones, el cual permiti\u00f3 que 18 alumnos haitianos tuvieran clases de espa\u00f1ol y conocieran m\u00e1s sobre la idiosincrasia de nuestro pa\u00eds. &nbsp;<\/p>\n","protected":false},"excerpt":{"rendered":"<p>El municipio de Ovalle puso en marcha el funcionamiento de la Oficina Municipal de Migraciones. Este lugar se encuentra en la entrada principal de las dependencias municipales, ubicadas en Arizt\u00eda Poniente #7 y atender\u00e1 de lunes a viernes de 8.30 a 14.00 horas, con el objetivo de apoyar a la poblaci\u00f3n extranjera, que actualmente reside &#8230;<\/p>\n","protected":false},"author":2,"featured_media":8402,"comment_status":"open","ping_status":"open","sticky":false,"template":"","format":"standard","meta":{"footnotes":""},"categories":[5],"tags":[],"class_list":["post-8401","post","type-post","status-publish","format-standard","has-post-thumbnail","hentry","category-actualidad-limarina"],"_links":{"self":[{"href":"https:\/\/www.radiolimari.cl\/index.php?rest_route=\/wp\/v2\/posts\/8401","targetHints":{"allow":["GET"]}}],"collection":[{"href":"https:\/\/www.radiolimari.cl\/index.php?rest_route=\/wp\/v2\/posts"}],"about":[{"href":"https:\/\/www.radiolimari.cl\/index.php?rest_route=\/wp\/v2\/types\/post"}],"author":[{"embeddable":true,"href":"https:\/\/www.radiolimari.cl\/index.php?rest_route=\/wp\/v2\/users\/2"}],"replies":[{"embeddable":true,"href":"https:\/\/www.radiolimari.cl\/index.php?rest_route=%2Fwp%2Fv2%2Fcomments&post=8401"}],"version-history":[{"count":1,"href":"https:\/\/www.radiolimari.cl\/index.php?rest_route=\/wp\/v2\/posts\/8401\/revisions"}],"predecessor-version":[{"id":8403,"href":"https:\/\/www.radiolimari.cl\/index.php?rest_route=\/wp\/v2\/posts\/8401\/revisions\/8403"}],"wp:featuredmedia":[{"embeddable":true,"href":"https:\/\/www.radiolimari.cl\/index.php?rest_route=\/wp\/v2\/media\/8402"}],"wp:attachment":[{"href":"https:\/\/www.radiolimari.cl\/index.php?rest_route=%2Fwp%2Fv2%2Fmedia&parent=8401"}],"wp:term":[{"taxonomy":"category","embeddable":true,"href":"https:\/\/www.radiolimari.cl\/index.php?rest_route=%2Fwp%2Fv2%2Fcategories&post=8401"},{"taxonomy":"post_tag","embeddable":true,"href":"https:\/\/www.radiolimari.cl\/index.php?rest_route=%2Fwp%2Fv2%2Ftags&post=8401"}],"curies":[{"name":"wp","href":"https:\/\/api.w.org\/{rel}","templated":true}]}}