{"id":8398,"date":"2023-01-23T16:56:25","date_gmt":"2023-01-23T16:56:25","guid":{"rendered":"https:\/\/www.radiolimari.cl\/?p=8398"},"modified":"2023-01-23T16:56:25","modified_gmt":"2023-01-23T16:56:25","slug":"municipio-de-ovalle-impulsara-ordenanza-contra-el-acoso-callejero","status":"publish","type":"post","link":"https:\/\/www.radiolimari.cl\/?p=8398","title":{"rendered":"Municipio de Ovalle impulsar\u00e1 ordenanza contra el Acoso Callejero"},"content":{"rendered":"\n<figure class=\"wp-block-image size-large\"><a href=\"https:\/\/www.radiolimari.cl\/wp-content\/uploads\/2023\/01\/Acoso-callejero-scaled.jpg\"><img fetchpriority=\"high\" decoding=\"async\" width=\"1024\" height=\"628\" src=\"https:\/\/www.radiolimari.cl\/wp-content\/uploads\/2023\/01\/Acoso-callejero-1024x628.jpg\" alt=\"\" class=\"wp-image-8399\" srcset=\"https:\/\/www.radiolimari.cl\/wp-content\/uploads\/2023\/01\/Acoso-callejero-1024x628.jpg 1024w, https:\/\/www.radiolimari.cl\/wp-content\/uploads\/2023\/01\/Acoso-callejero-300x184.jpg 300w, https:\/\/www.radiolimari.cl\/wp-content\/uploads\/2023\/01\/Acoso-callejero-768x471.jpg 768w, https:\/\/www.radiolimari.cl\/wp-content\/uploads\/2023\/01\/Acoso-callejero-1536x942.jpg 1536w, https:\/\/www.radiolimari.cl\/wp-content\/uploads\/2023\/01\/Acoso-callejero-2048x1256.jpg 2048w\" sizes=\"(max-width: 1024px) 100vw, 1024px\" \/><\/a><figcaption class=\"wp-element-caption\"><strong><em>La normativa se lanzar\u00e1 p\u00fablicamente el mi\u00e9rcoles 25 de enero, a las 12 horas, en el sector Espejo de Agua de la Alameda local.<\/em><\/strong><\/figcaption><\/figure>\n\n\n\n<p>Lamentablemente, muchas personas a diario, principalmente mujeres, viven momentos desagradables en la v\u00eda p\u00fablica, debido a que reciben comentarios destacando sus atributos f\u00edsicos o su forma de vestir. Esto es precisamente lo que quiere evitar el municipio de Ovalle, que, a trav\u00e9s de la Oficina Comunal de Seguridad P\u00fablica, realizar\u00e1 el lanzamiento de la Ordenanza Municipal contra el Acoso Callejero, el pr\u00f3ximo mi\u00e9rcoles 25 de enero, a las 12.00 horas en el sector Espejo de Agua de la Alameda local.&nbsp;<\/p>\n\n\n\n<p>Durante esta jornada, las autoridades locales explicar\u00e1n qu\u00e9 es el acoso callejero, que se da principalmente en los espacios p\u00fablicos y explicar\u00e1n c\u00f3mo las v\u00edctimas pueden denunciar y en qu\u00e9 entidades pueden solicitar apoyo. Las m\u00e1s afectadas en estos casos son las mujeres, quienes sufren estas situaciones en las calles, parques, transporte p\u00fablico, en estadios y centros comerciales.&nbsp;&nbsp;<\/p>\n\n\n\n<p>\u201cEs importante que las personas que se sientan invadidas y vulneradas denuncien porque el acoso sexual afecta la integridad tanto f\u00edsica, psicol\u00f3gica y sexual de las v\u00edctimas. Por eso nosotros como municipalidad quisimos hacernos parte de este tema e impulsaremos esta ordenanza, y es fundamental que nuestra comunidad se informe y est\u00e9 consciente de que existe una ordenanza que los protege de los acosadores\u201d indic\u00f3 el alcalde de Ovalle, Jonathan Acu\u00f1a Rojas. &nbsp;&nbsp;&nbsp;<\/p>\n\n\n\n<p>Este tipo de conductas son muy da\u00f1inas y en ocasiones llegan a tocamientos, abuso sexual y en los casos m\u00e1s graves en violaciones. El impacto de estas conductas es variado y va desde la incomodidad hasta el miedo.<\/p>\n\n\n\n<p>En la jornada habr\u00e1 stand informativos a cargo del Centro Sayen, Mujeres trabajadoras Jefas de Hogar, Programa Mujeres, Derechos Sexuales y Reproductivos, OPD, Carabineros, PDI y Fiscal\u00eda, quienes orientar\u00e1n en esta tem\u00e1tica a los asistentes.<\/p>\n","protected":false},"excerpt":{"rendered":"<p>Lamentablemente, muchas personas a diario, principalmente mujeres, viven momentos desagradables en la v\u00eda p\u00fablica, debido a que reciben comentarios destacando sus atributos f\u00edsicos o su forma de vestir. Esto es precisamente lo que quiere evitar el municipio de Ovalle, que, a trav\u00e9s de la Oficina Comunal de Seguridad P\u00fablica, realizar\u00e1 el lanzamiento de la Ordenanza &#8230;<\/p>\n","protected":false},"author":2,"featured_media":8399,"comment_status":"open","ping_status":"open","sticky":false,"template":"","format":"standard","meta":{"footnotes":""},"categories":[5],"tags":[],"class_list":["post-8398","post","type-post","status-publish","format-standard","has-post-thumbnail","hentry","category-actualidad-limarina"],"_links":{"self":[{"href":"https:\/\/www.radiolimari.cl\/index.php?rest_route=\/wp\/v2\/posts\/8398","targetHints":{"allow":["GET"]}}],"collection":[{"href":"https:\/\/www.radiolimari.cl\/index.php?rest_route=\/wp\/v2\/posts"}],"about":[{"href":"https:\/\/www.radiolimari.cl\/index.php?rest_route=\/wp\/v2\/types\/post"}],"author":[{"embeddable":true,"href":"https:\/\/www.radiolimari.cl\/index.php?rest_route=\/wp\/v2\/users\/2"}],"replies":[{"embeddable":true,"href":"https:\/\/www.radiolimari.cl\/index.php?rest_route=%2Fwp%2Fv2%2Fcomments&post=8398"}],"version-history":[{"count":1,"href":"https:\/\/www.radiolimari.cl\/index.php?rest_route=\/wp\/v2\/posts\/8398\/revisions"}],"predecessor-version":[{"id":8400,"href":"https:\/\/www.radiolimari.cl\/index.php?rest_route=\/wp\/v2\/posts\/8398\/revisions\/8400"}],"wp:featuredmedia":[{"embeddable":true,"href":"https:\/\/www.radiolimari.cl\/index.php?rest_route=\/wp\/v2\/media\/8399"}],"wp:attachment":[{"href":"https:\/\/www.radiolimari.cl\/index.php?rest_route=%2Fwp%2Fv2%2Fmedia&parent=8398"}],"wp:term":[{"taxonomy":"category","embeddable":true,"href":"https:\/\/www.radiolimari.cl\/index.php?rest_route=%2Fwp%2Fv2%2Fcategories&post=8398"},{"taxonomy":"post_tag","embeddable":true,"href":"https:\/\/www.radiolimari.cl\/index.php?rest_route=%2Fwp%2Fv2%2Ftags&post=8398"}],"curies":[{"name":"wp","href":"https:\/\/api.w.org\/{rel}","templated":true}]}}