{"id":8395,"date":"2023-01-23T16:38:26","date_gmt":"2023-01-23T16:38:26","guid":{"rendered":"https:\/\/www.radiolimari.cl\/?p=8395"},"modified":"2023-01-23T16:38:27","modified_gmt":"2023-01-23T16:38:27","slug":"en-febrero-la-pension-garantizada-universal-se-reajusta-y-sobrepasa-los-200-mil","status":"publish","type":"post","link":"https:\/\/www.radiolimari.cl\/?p=8395","title":{"rendered":"<strong>En febrero la Pensi\u00f3n Garantizada Universal se reajusta y sobrepasa los $200 mil<\/strong>"},"content":{"rendered":"\n<figure class=\"wp-block-image size-large is-resized\"><a href=\"https:\/\/www.radiolimari.cl\/wp-content\/uploads\/2023\/01\/PGU-IPS-scaled.jpg\"><img fetchpriority=\"high\" decoding=\"async\" src=\"https:\/\/www.radiolimari.cl\/wp-content\/uploads\/2023\/01\/PGU-IPS-1024x683.jpg\" alt=\"\" class=\"wp-image-8396\" width=\"393\" height=\"262\" srcset=\"https:\/\/www.radiolimari.cl\/wp-content\/uploads\/2023\/01\/PGU-IPS-1024x683.jpg 1024w, https:\/\/www.radiolimari.cl\/wp-content\/uploads\/2023\/01\/PGU-IPS-300x200.jpg 300w, https:\/\/www.radiolimari.cl\/wp-content\/uploads\/2023\/01\/PGU-IPS-768x512.jpg 768w, https:\/\/www.radiolimari.cl\/wp-content\/uploads\/2023\/01\/PGU-IPS-1536x1024.jpg 1536w, https:\/\/www.radiolimari.cl\/wp-content\/uploads\/2023\/01\/PGU-IPS-2048x1365.jpg 2048w\" sizes=\"(max-width: 393px) 100vw, 393px\" \/><\/a><figcaption class=\"wp-element-caption\">\u00b7\u00a0\u00a0\u00a0\u00a0\u00a0\u00a0 <strong><em>El Instituto de Previsi\u00f3n Social ya implement\u00f3 los ajustes necesarios para concretar este incremento.<\/em><\/strong> <\/figcaption><\/figure>\n\n\n\n<p>El Instituto de Previsi\u00f3n Social (IPS) inform\u00f3 que ya dispuso de todas las adecuaciones necesarias en sus sistemas para implementar el reajuste de la Pensi\u00f3n Garantizada Universal (PGU), el que se ver\u00e1 reflejado en los pagos de febrero, de acuerdo con lo instruido por la Superintendencia de Pensiones en virtud de la normativa vigente.<\/p>\n\n\n\n<p>As\u00ed, a partir del pr\u00f3ximo mes el monto del beneficio sube desde $193.917 a $206.173 pesos mensuales, para quienes lo reciben en su totalidad.<\/p>\n\n\n\n<p>El incremento se calcul\u00f3 a partir de la variaci\u00f3n experimentada por el \u00cdndice de Precios al Consumidor (IPC) durante el per\u00edodo junio-diciembre 2022, que alcanz\u00f3 un 6,32 %, seg\u00fan inform\u00f3 el Instituto Nacional de Estad\u00edsticas (INE).<\/p>\n\n\n\n<p>La Seremi del Trabajo y Previsi\u00f3n Social, Claudia Santander, coment\u00f3 que \u201cen la regi\u00f3n de Coquimbo son m\u00e1s de 84 mil pensionados y pensionadas de la regi\u00f3n que actualmente reciben la PGU y que se ver\u00e1n beneficiados con este reajuste. Actualmente estamos en una campa\u00f1a para contactar a unas 1500 mayores de 65 a\u00f1os que pensionadas o no y que cumpliendo con los requisitos b\u00e1sicos no han solicitado la PGU\u201d.<\/p>\n\n\n\n<p>Adem\u00e1s, la Superintendencia de Pensiones instruy\u00f3 tambi\u00e9n que a partir de febrero de 2023 se reajuste el valor de la llamada \u201cPensi\u00f3n Inferior\u201d y el de la \u201cPensi\u00f3n Superior\u201d, que sirven de par\u00e1metros para uno de los requisitos de la PGU. La Pensi\u00f3n Inferior sube desde los actuales $660.366 mensuales a un nuevo monto de $702.101; mientras que el de la Pensi\u00f3n Superior aumentar\u00e1 desde $1.048.200 a $1.114.446. Cabe recordar que solo pueden acceder a la PGU, o a una parte de ella, quienes tengan una Pensi\u00f3n&nbsp; Base calculada inferior a la Pensi\u00f3n Superior establecida en la Ley, entre otros requisitos.<\/p>\n\n\n\n<p>En febrero tambi\u00e9n se incrementar\u00e1 el monto de la Pensi\u00f3n B\u00e1sica Solidaria de Invalidez, valor equivalente al de la PGU, y del Subsidio por Discapacidad para menores de 18 a\u00f1os, correspondiente al 50 % del monto de la PGU. En total, desde febrero se ver\u00e1n beneficiadas aproximadamente 2 millones de personas con los reajustes a la PGU y estos beneficios.<\/p>\n\n\n\n<p><strong>M\u00faltiples canales de solicitud y consulta de la PGU:<\/strong><\/p>\n\n\n\n<p>El IPS tambi\u00e9n aprovech\u00f3 de recordar las diversas alternativas disponibles para solicitar la Pensi\u00f3n Garantizada Universal, para las personas que tengan 65 a\u00f1os o m\u00e1s de edad y est\u00e9n o no pensionadas, siempre que cumplan los dem\u00e1s requisitos legales:<\/p>\n\n\n\n<p>1.&nbsp;&nbsp;&nbsp;&nbsp;&nbsp;&nbsp;&nbsp; En l\u00ednea, por el sitio www.chileatiende.cl, con la Clave\u00danica.<\/p>\n\n\n\n<p>2.&nbsp;&nbsp;&nbsp;&nbsp;&nbsp;&nbsp;&nbsp; En las 194 sucursales ChileAtiende del Instituto de Previsi\u00f3n Social, IPS.<\/p>\n\n\n\n<p>3.&nbsp;&nbsp;&nbsp;&nbsp;&nbsp;&nbsp;&nbsp; A trav\u00e9s de la sucursal virtual del organismo, desde el sitio web ChileAtiende.<\/p>\n\n\n\n<p>4.&nbsp;&nbsp;&nbsp;&nbsp;&nbsp;&nbsp;&nbsp; En las municipalidades en convenio con el IPS.<\/p>\n\n\n\n<p>5.&nbsp;&nbsp;&nbsp;&nbsp;&nbsp;&nbsp;&nbsp; En las AFP o compa\u00f1\u00edas de seguros a la que est\u00e9n afiliadas las personas.<\/p>\n\n\n\n<p>M\u00e1s informaci\u00f3n y requisitos de la Pensi\u00f3n Garantizada Universal se pueden consultar en www.chileatiende.cl. Adem\u00e1s, para resolver dudas, est\u00e1n disponibles las redes sociales @ChileAtiende en Facebook, Twitter e Instagram, y el Call Center 101.<\/p>\n","protected":false},"excerpt":{"rendered":"<p>El Instituto de Previsi\u00f3n Social (IPS) inform\u00f3 que ya dispuso de todas las adecuaciones necesarias en sus sistemas para implementar el reajuste de la Pensi\u00f3n Garantizada Universal (PGU), el que se ver\u00e1 reflejado en los pagos de febrero, de acuerdo con lo instruido por la Superintendencia de Pensiones en virtud de la normativa vigente. As\u00ed, &#8230;<\/p>\n","protected":false},"author":2,"featured_media":8396,"comment_status":"open","ping_status":"open","sticky":false,"template":"","format":"standard","meta":{"footnotes":""},"categories":[6],"tags":[],"class_list":["post-8395","post","type-post","status-publish","format-standard","has-post-thumbnail","hentry","category-regionales"],"_links":{"self":[{"href":"https:\/\/www.radiolimari.cl\/index.php?rest_route=\/wp\/v2\/posts\/8395","targetHints":{"allow":["GET"]}}],"collection":[{"href":"https:\/\/www.radiolimari.cl\/index.php?rest_route=\/wp\/v2\/posts"}],"about":[{"href":"https:\/\/www.radiolimari.cl\/index.php?rest_route=\/wp\/v2\/types\/post"}],"author":[{"embeddable":true,"href":"https:\/\/www.radiolimari.cl\/index.php?rest_route=\/wp\/v2\/users\/2"}],"replies":[{"embeddable":true,"href":"https:\/\/www.radiolimari.cl\/index.php?rest_route=%2Fwp%2Fv2%2Fcomments&post=8395"}],"version-history":[{"count":1,"href":"https:\/\/www.radiolimari.cl\/index.php?rest_route=\/wp\/v2\/posts\/8395\/revisions"}],"predecessor-version":[{"id":8397,"href":"https:\/\/www.radiolimari.cl\/index.php?rest_route=\/wp\/v2\/posts\/8395\/revisions\/8397"}],"wp:featuredmedia":[{"embeddable":true,"href":"https:\/\/www.radiolimari.cl\/index.php?rest_route=\/wp\/v2\/media\/8396"}],"wp:attachment":[{"href":"https:\/\/www.radiolimari.cl\/index.php?rest_route=%2Fwp%2Fv2%2Fmedia&parent=8395"}],"wp:term":[{"taxonomy":"category","embeddable":true,"href":"https:\/\/www.radiolimari.cl\/index.php?rest_route=%2Fwp%2Fv2%2Fcategories&post=8395"},{"taxonomy":"post_tag","embeddable":true,"href":"https:\/\/www.radiolimari.cl\/index.php?rest_route=%2Fwp%2Fv2%2Ftags&post=8395"}],"curies":[{"name":"wp","href":"https:\/\/api.w.org\/{rel}","templated":true}]}}