{"id":8377,"date":"2023-01-21T01:09:24","date_gmt":"2023-01-21T01:09:24","guid":{"rendered":"https:\/\/www.radiolimari.cl\/?p=8377"},"modified":"2023-01-21T01:09:24","modified_gmt":"2023-01-21T01:09:24","slug":"admision-2023-en-la-region-de-coquimbo-5-586-postulantes-fueron-seleccionados-en-las-universidades","status":"publish","type":"post","link":"https:\/\/www.radiolimari.cl\/?p=8377","title":{"rendered":"<strong>Admisi\u00f3n 2023: En la Regi\u00f3n de Coquimbo 5.586 postulantes fueron seleccionados en las Universidades<\/strong>"},"content":{"rendered":"\n<figure class=\"wp-block-image size-large\"><a href=\"https:\/\/www.radiolimari.cl\/wp-content\/uploads\/2023\/01\/3.-Foto-archivo-Seremi-con-estudiantes-de-pedagogia-ULS.jpg\"><img fetchpriority=\"high\" decoding=\"async\" width=\"1024\" height=\"622\" src=\"https:\/\/www.radiolimari.cl\/wp-content\/uploads\/2023\/01\/3.-Foto-archivo-Seremi-con-estudiantes-de-pedagogia-ULS-1024x622.jpg\" alt=\"\" class=\"wp-image-8378\" srcset=\"https:\/\/www.radiolimari.cl\/wp-content\/uploads\/2023\/01\/3.-Foto-archivo-Seremi-con-estudiantes-de-pedagogia-ULS-1024x622.jpg 1024w, https:\/\/www.radiolimari.cl\/wp-content\/uploads\/2023\/01\/3.-Foto-archivo-Seremi-con-estudiantes-de-pedagogia-ULS-300x182.jpg 300w, https:\/\/www.radiolimari.cl\/wp-content\/uploads\/2023\/01\/3.-Foto-archivo-Seremi-con-estudiantes-de-pedagogia-ULS-768x467.jpg 768w, https:\/\/www.radiolimari.cl\/wp-content\/uploads\/2023\/01\/3.-Foto-archivo-Seremi-con-estudiantes-de-pedagogia-ULS.jpg 1293w\" sizes=\"(max-width: 1024px) 100vw, 1024px\" \/><\/a><figcaption class=\"wp-element-caption\">\u00b7\u00a0\u00a0\u00a0\u00a0\u00a0\u00a0 <strong>Mineduc entreg\u00f3 un balance del Sistema de Acceso a la Educaci\u00f3n Superior que entrega mayor equidad y justicia educacional y que estuvo marcado por el aumento de seleccionados de liceos p\u00fablicos, de liceos t\u00e9cnico-profesionales y de mujeres, adem\u00e1s del mayor inter\u00e9s por la carrera de pedagog\u00eda.<\/strong> <\/figcaption><\/figure>\n\n\n\n<p>El Ministerio de Educaci\u00f3n, a trav\u00e9s del portal <a href=\"http:\/\/www.demre.cl\">www.demre.cl<\/a>, public\u00f3 los resultados de la selecci\u00f3n a las 45 universidades del Sistema de Acceso a la educaci\u00f3n superior, que este a\u00f1o dispuso de m\u00e1s de 2.000 programas de estudio. Con estos resultados, las y los estudiantes podr\u00e1n matricularse en las carreras en las que fueron seleccionados.<\/p>\n\n\n\n<p>El ministro de Educaci\u00f3n, Marco Antonio \u00c1vila; la subsecretaria de Educaci\u00f3n Superior, Ver\u00f3nica Figueroa Huencho; la rectora de la Universidad de Chile, Rosa Dev\u00e9s; y la directora del DEMRE de la U. de Chile, Leonor Varas, entregaron un balance de este proceso, marcado por noticias positivas para la educaci\u00f3n superior.<\/p>\n\n\n\n<p>A nivel nacional este a\u00f1o hubo 187.225 postulantes, 38.406 m\u00e1s que el a\u00f1o pasado (+25,7%) y que, de ellos, fueron seleccionados 140.557 por las universidades, 23.766 m\u00e1s que el a\u00f1o pasado (+20,3%). Esto quiere decir que el 55,7% de las personas que rindieron la PAES en noviembre hubo un aumento de 6,2 puntos porcentuales de personas seleccionadas respecto al a\u00f1o pasado.<\/p>\n\n\n\n<p><strong>En la Regi\u00f3n de Coquimbo <\/strong>en la admisi\u00f3n 2023, hubo 7.506 postulantes, en comparaci\u00f3n a 5.545 del a\u00f1o 2022, es decir aument\u00f3 en 1.961 postulantes (+35,3%). <strong>En tanto en 2023, rindieron la PAES en la regi\u00f3n 11.325 personas en comparaci\u00f3n a 10.322 que lo hicieron en el a\u00f1o 2022. Este a\u00f1o 2023 fueron seleccionadas 5.586 personas en las universidades, en comparaci\u00f3n a las 4.834 del a\u00f1o 2022, es decir 752 personas m\u00e1s seleccionadas, con un aumento de un 15,5%.<\/strong><\/p>\n\n\n\n<p>A nivel nacional, el proceso evidenci\u00f3 una reducci\u00f3n en todas las brechas: las mujeres que fueron seleccionadas por las universidades aumentaron de 50% el a\u00f1o pasado a 57% este a\u00f1o; los estudiantes de liceos p\u00fablicos que fueron seleccionados crecieron de 40% a 47% este a\u00f1o, y los estudiantes de liceos t\u00e9cnico-profesionales que quedaron en las universidades se incrementaron de 29% a 36%, siendo este el aumento m\u00e1s importante.<\/p>\n\n\n\n<p>Ante estas positivas cifras, el ministro de Educaci\u00f3n, Marco Antonio \u00c1vila, explic\u00f3 que \u201cestos son los primeros resultados de la nueva PAES, que es parte del esfuerzo del Mineduc y del Comit\u00e9 T\u00e9cnico de Acceso para avanzar hacia un sistema mucho m\u00e1s justo y equitativo en el ingreso a la educaci\u00f3n superior, poniendo en el centro a las y los estudiantes, y estamos muy contentos con estos resultados, porque vemos que estamos avanzando en este objetivo\u201d.<\/p>\n\n\n\n<p>Uno de los cambios en este proceso fue la ampliaci\u00f3n de 10 a 20 en las preferencias para postular, lo que fue destacado por la subsecretaria de Educaci\u00f3n Superior, Ver\u00f3nica Figueroa Huencho, quien enfatiz\u00f3 en que \u201ca trav\u00e9s de los cambios generados tanto por el Comit\u00e9 del Subsistema Universitario, como por nuestra Subsecretar\u00eda, hemos podido evidenciar un mejoramiento en las y los estudiantes habilitados para ingresar a la educaci\u00f3n superior, adem\u00e1s del aumento en las postulaciones, lo que demuestra el inter\u00e9s del estudiantado en seguir su trayectoria educativa. Esto nos pone muy contentos y nos anima a seguir mejorando en temas educacionales\u201d.<\/p>\n\n\n\n<p>La <strong>seremi de Educaci\u00f3n Cecilia Ram\u00edrez Ch\u00e1vez<\/strong> se\u00f1al\u00f3 que \u201cel proceso de admisi\u00f3n tuvo varias novedades, respecto de a\u00f1os anteriores, y en cada una de ellas se tuvo en el centro a las y los postulantes. Ha sido un proceso de postulaci\u00f3n diferente, m\u00e1s flexible y objetivo. Por ejemplo, se aument\u00f3 de 10 a 20 la cantidad de programas o carreras a los que se puede postular y se puede ocupar la mejor combinaci\u00f3n de las pruebas vigentes para la postulaci\u00f3n. En la Regi\u00f3n de Coquimbo este a\u00f1o 2023 fueron seleccionadas 5.586 personas en las universidades, en comparaci\u00f3n a las 4.834 del a\u00f1o 2022, es decir 752 personas m\u00e1s seleccionadas, con un aumento de un 15,5%. Como gobierno del Presidente Gabriel Boric Font, trav\u00e9s del Mineduc y en conjunto al Comit\u00e9 T\u00e9cnico de Acceso estamos comprometidos para que este Sistema de Acceso a la Educaci\u00f3n Superior, con la nueva Prueba PAES, promueva la equidad y la justicia educativa en beneficio de las y los estudiantes, reconociendo la diversidad de sus talentos\u201d.<\/p>\n\n\n\n<p>Por otro lado, la rectora de la Universidad de Chile, Rosa Dev\u00e9s, expres\u00f3 que \u201cestamos contentos, porque los resultados muestran que la tarea estuvo bien hecha y se cumpli\u00f3 con la promesa de mayor equidad en el sistema de acceso. Tanto las pruebas como el sistema en general fueron pensadas desde esa perspectiva. El aumento de postulantes que provienen del Sistema Local de Educaci\u00f3n, de colegios municipales y t\u00e9cnico profesionales es mayor y debe celebrarse, as\u00ed como el aumento de las postulaciones a pedagog\u00edas. Como siempre, es importante que las universidades asumamos con dedicaci\u00f3n el compromiso de acompa\u00f1ar a los y las j\u00f3venes que se integran a la educaci\u00f3n superior. Son m\u00e1s, y eso significa que tenemos que preocuparnos m\u00e1s de sus aprendizajes y de desarrollar sus capacidades. Realmente, es un d\u00eda para celebrar\u201d<\/p>\n\n\n\n<p>Asimismo, la directora del DEMRE, Leonor Varas, se\u00f1al\u00f3 que \u201cestos resultados reafirman que vamos en el camino correcto para construir un sistema m\u00e1s justo y de mayor calidad. M\u00e1s all\u00e1 de las brechas, los grupos hist\u00f3ricamente m\u00e1s desfavorecidos muestran indicadores de selecci\u00f3n significativamente mejores, tienen m\u00e1s postulaciones v\u00e1lidas y est\u00e1n ingresando a las universidades. Tambi\u00e9n nos alientan los resultados respecto de las pedagog\u00edas, que rompen la tendencia negativa de los \u00faltimos a\u00f1os e incluso superan los n\u00fameros de 2020&#8243;.<\/p>\n\n\n\n<p><strong>Crecen las carreras de pedagog\u00edas<\/strong><\/p>\n\n\n\n<p>Una buena noticia que dej\u00f3 el proceso fue el aumento en el inter\u00e9s por las carreras de Pedagog\u00eda: hubo 29.872 postulantes a estos programas, 54% m\u00e1s que el a\u00f1o anterior y, de ellos, fueron seleccionados 13.195 estudiantes, 51% m\u00e1s que en 2022. Las cifras son incluso mejores que las registradas en 2020, antes de la pandemia. Adem\u00e1s, el 83% de los postulantes marc\u00f3 estos programas dentro de sus tres primeras preferencias.<\/p>\n\n\n\n<p>Las pedagog\u00edas que m\u00e1s aumentaron sus seleccionados son Pedagog\u00eda en Educaci\u00f3n Diferencial (+80%), Pedagog\u00eda en Ciencias (+77%), Pedagog\u00eda en Educaci\u00f3n F\u00edsica (+73%), Pedagog\u00eda en Educaci\u00f3n B\u00e1sica (+70%), Pedagog\u00eda en Filosof\u00eda y Religi\u00f3n (+66%) y Pedagog\u00eda en Educaci\u00f3n de P\u00e1rvulos (+65%).<\/p>\n\n\n\n<p>En este contexto, el ministro \u00c1vila afirm\u00f3 que \u201chay que seguir fortaleciendo nuestras pedagog\u00edas, porque esto nos va a permitir cubrir este d\u00e9ficit y tambi\u00e9n poner en valor una carrera que ha sido compleja tras la pandemia\u201d. Adem\u00e1s, a\u00f1adi\u00f3 que \u201cesto va en la l\u00ednea con el Plan de Reactivaci\u00f3n Educativa que impulsa el Mineduc\u201d.<\/p>\n\n\n\n<p><strong>Pr\u00f3ximas etapas<\/strong><\/p>\n\n\n\n<p>Las y los seleccionados ahora tienen que matricularse en las universidades en que quedaron en este primer per\u00edodo de matr\u00edculas hasta este viernes 20 de enero. Un segundo per\u00edodo de matr\u00edculas es entre este s\u00e1bado 21 y el viernes 27 enero, para aquellos\u202fpostulantes que se encuentren en lista de espera, seg\u00fan los cupos vacantes de la carrera. Para mayor informaci\u00f3n, las y los postulantes deben dirigirse a <a href=\"https:\/\/acceso.mineduc.cl\/\">https:\/\/acceso.mineduc.cl\/<\/a>, donde encontrar\u00e1n las Instrucciones Generales de Matr\u00edcula para la admisi\u00f3n 2023.<\/p>\n","protected":false},"excerpt":{"rendered":"<p>El Ministerio de Educaci\u00f3n, a trav\u00e9s del portal www.demre.cl, public\u00f3 los resultados de la selecci\u00f3n a las 45 universidades del Sistema de Acceso a la educaci\u00f3n superior, que este a\u00f1o dispuso de m\u00e1s de 2.000 programas de estudio. Con estos resultados, las y los estudiantes podr\u00e1n matricularse en las carreras en las que fueron seleccionados. &#8230;<\/p>\n","protected":false},"author":2,"featured_media":8378,"comment_status":"open","ping_status":"open","sticky":false,"template":"","format":"standard","meta":{"footnotes":""},"categories":[6],"tags":[],"class_list":["post-8377","post","type-post","status-publish","format-standard","has-post-thumbnail","hentry","category-regionales"],"_links":{"self":[{"href":"https:\/\/www.radiolimari.cl\/index.php?rest_route=\/wp\/v2\/posts\/8377","targetHints":{"allow":["GET"]}}],"collection":[{"href":"https:\/\/www.radiolimari.cl\/index.php?rest_route=\/wp\/v2\/posts"}],"about":[{"href":"https:\/\/www.radiolimari.cl\/index.php?rest_route=\/wp\/v2\/types\/post"}],"author":[{"embeddable":true,"href":"https:\/\/www.radiolimari.cl\/index.php?rest_route=\/wp\/v2\/users\/2"}],"replies":[{"embeddable":true,"href":"https:\/\/www.radiolimari.cl\/index.php?rest_route=%2Fwp%2Fv2%2Fcomments&post=8377"}],"version-history":[{"count":1,"href":"https:\/\/www.radiolimari.cl\/index.php?rest_route=\/wp\/v2\/posts\/8377\/revisions"}],"predecessor-version":[{"id":8379,"href":"https:\/\/www.radiolimari.cl\/index.php?rest_route=\/wp\/v2\/posts\/8377\/revisions\/8379"}],"wp:featuredmedia":[{"embeddable":true,"href":"https:\/\/www.radiolimari.cl\/index.php?rest_route=\/wp\/v2\/media\/8378"}],"wp:attachment":[{"href":"https:\/\/www.radiolimari.cl\/index.php?rest_route=%2Fwp%2Fv2%2Fmedia&parent=8377"}],"wp:term":[{"taxonomy":"category","embeddable":true,"href":"https:\/\/www.radiolimari.cl\/index.php?rest_route=%2Fwp%2Fv2%2Fcategories&post=8377"},{"taxonomy":"post_tag","embeddable":true,"href":"https:\/\/www.radiolimari.cl\/index.php?rest_route=%2Fwp%2Fv2%2Ftags&post=8377"}],"curies":[{"name":"wp","href":"https:\/\/api.w.org\/{rel}","templated":true}]}}