{"id":8371,"date":"2023-01-18T22:37:12","date_gmt":"2023-01-18T22:37:12","guid":{"rendered":"https:\/\/www.radiolimari.cl\/?p=8371"},"modified":"2023-01-18T22:37:13","modified_gmt":"2023-01-18T22:37:13","slug":"artistas-visuales-de-monte-patria-caren-y-chanaral-alto-inauguran-exhibicion-en-el-museo-del-limari","status":"publish","type":"post","link":"https:\/\/www.radiolimari.cl\/?p=8371","title":{"rendered":"<strong>Artistas visuales de Monte Patria, Car\u00e9n y Cha\u00f1aral Alto inauguran exhibici\u00f3n en el Museo del Limar\u00ed<\/strong>"},"content":{"rendered":"\n<figure class=\"wp-block-image size-full\"><a href=\"https:\/\/www.radiolimari.cl\/wp-content\/uploads\/2023\/01\/IMG_0715.jpg\"><img fetchpriority=\"high\" decoding=\"async\" width=\"864\" height=\"576\" src=\"https:\/\/www.radiolimari.cl\/wp-content\/uploads\/2023\/01\/IMG_0715.jpg\" alt=\"\" class=\"wp-image-8372\" srcset=\"https:\/\/www.radiolimari.cl\/wp-content\/uploads\/2023\/01\/IMG_0715.jpg 864w, https:\/\/www.radiolimari.cl\/wp-content\/uploads\/2023\/01\/IMG_0715-300x200.jpg 300w, https:\/\/www.radiolimari.cl\/wp-content\/uploads\/2023\/01\/IMG_0715-768x512.jpg 768w\" sizes=\"(max-width: 864px) 100vw, 864px\" \/><\/a><figcaption class=\"wp-element-caption\"><strong>La muestra lleva por nombre \u201cExplorando las artes visuales, desde lo individual a lo colectivo\u201d y reunir\u00e1 diversos trabajos en modelado y escultura hasta el 05 de febrero.<\/strong> <\/figcaption><\/figure>\n\n\n\n<p>El arte nuevamente llega este verano al Museo del Limar\u00ed de la mano de artistas locales de<\/p>\n\n\n\n<p>las comunas de Monte Patria, Car\u00e9n y Cha\u00f1aral Alto, gracias a la exposici\u00f3n \u201cExplorando las artes visuales, desde lo individual a lo colectivo\u201d. La muestra ser\u00e1 inaugurada el 19 de enero en el Centro de Extensi\u00f3n Patrimonial del recinto arqueol\u00f3gico ovallino, donde se emplaz\u00f3 por a\u00f1os la exestaci\u00f3n de los Ferrocarriles del Estado de la ciudad de Ovalle.<\/p>\n\n\n\n<p>La exhibici\u00f3n es el resultado de diversas propuestas de creaci\u00f3n al alero del Fondart Regional 2022, en su l\u00ednea de Actividades Formativas, las cuales financiaron el proyecto \u201cTaller de formaci\u00f3n te\u00f3rico-pr\u00e1ctico, una aproximaci\u00f3n al lenguaje de las artes visuales para la comuna de Monte Patria.\u201dEl ejecutor responsable es el profesor de artes Isaac Vergara, con el apoyo y la mediaci\u00f3n de Hern\u00e1n Milla, licenciado en Bellas Artes.<\/p>\n\n\n\n<p>De acuerdo a Marco Sandoval, director del museo, \u201ces importante para recibir esta muestra que permite visibilizar el trabajo art\u00edstico-cultural al interior de la Provincia del Limar\u00ed\u201d, mientras que Vergara explic\u00f3 que \u201clos trabajos presentados establecen como hilo conductor la exploraci\u00f3n material y est\u00e9tica alejada de una idea preestablecida para abordar el proceso creativo. Esto ha permitido construir una exposici\u00f3n que pasa de lo individual a lo colectivo, donde cada uno de los y las participantes comparten sus imaginarios a partir de sus propias creaciones\u201d.<\/p>\n\n\n\n<p><a><\/a>En la muestra se podr\u00e1n apreciar dos \u00e1reas de trabajo: el primero relacionado al volumen y la escultura, teniendo como materialidad el trabajo de la pasta de modelar y la aplicaci\u00f3n de color con esmaltes y ahumados. La segunda \u00e1rea se encuentra relacionada con un proceso experimental, cuyo objetivo es construir y ampliar las posibilidades de la producci\u00f3n art\u00edstica.<\/p>\n\n\n\n<p><a><\/a>La muestra estar\u00e1 abierta de manera gratuita entre el 19 de enero al 05 de febrero, de martes a viernes, de 10:00 a 13:00 y de 15:00 a 18:00 horas, y tambi\u00e9n los s\u00e1bados y domingos de 10:00 a 14:00 horas, constituy\u00e9ndose como un interesante panorama para esta \u00e9poca estival en la Regi\u00f3n de Coquimbo.<\/p>\n","protected":false},"excerpt":{"rendered":"<p>El arte nuevamente llega este verano al Museo del Limar\u00ed de la mano de artistas locales de las comunas de Monte Patria, Car\u00e9n y Cha\u00f1aral Alto, gracias a la exposici\u00f3n \u201cExplorando las artes visuales, desde lo individual a lo colectivo\u201d. La muestra ser\u00e1 inaugurada el 19 de enero en el Centro de Extensi\u00f3n Patrimonial del &#8230;<\/p>\n","protected":false},"author":2,"featured_media":8372,"comment_status":"open","ping_status":"open","sticky":false,"template":"","format":"standard","meta":{"footnotes":""},"categories":[6],"tags":[],"class_list":["post-8371","post","type-post","status-publish","format-standard","has-post-thumbnail","hentry","category-regionales"],"_links":{"self":[{"href":"https:\/\/www.radiolimari.cl\/index.php?rest_route=\/wp\/v2\/posts\/8371","targetHints":{"allow":["GET"]}}],"collection":[{"href":"https:\/\/www.radiolimari.cl\/index.php?rest_route=\/wp\/v2\/posts"}],"about":[{"href":"https:\/\/www.radiolimari.cl\/index.php?rest_route=\/wp\/v2\/types\/post"}],"author":[{"embeddable":true,"href":"https:\/\/www.radiolimari.cl\/index.php?rest_route=\/wp\/v2\/users\/2"}],"replies":[{"embeddable":true,"href":"https:\/\/www.radiolimari.cl\/index.php?rest_route=%2Fwp%2Fv2%2Fcomments&post=8371"}],"version-history":[{"count":1,"href":"https:\/\/www.radiolimari.cl\/index.php?rest_route=\/wp\/v2\/posts\/8371\/revisions"}],"predecessor-version":[{"id":8373,"href":"https:\/\/www.radiolimari.cl\/index.php?rest_route=\/wp\/v2\/posts\/8371\/revisions\/8373"}],"wp:featuredmedia":[{"embeddable":true,"href":"https:\/\/www.radiolimari.cl\/index.php?rest_route=\/wp\/v2\/media\/8372"}],"wp:attachment":[{"href":"https:\/\/www.radiolimari.cl\/index.php?rest_route=%2Fwp%2Fv2%2Fmedia&parent=8371"}],"wp:term":[{"taxonomy":"category","embeddable":true,"href":"https:\/\/www.radiolimari.cl\/index.php?rest_route=%2Fwp%2Fv2%2Fcategories&post=8371"},{"taxonomy":"post_tag","embeddable":true,"href":"https:\/\/www.radiolimari.cl\/index.php?rest_route=%2Fwp%2Fv2%2Ftags&post=8371"}],"curies":[{"name":"wp","href":"https:\/\/api.w.org\/{rel}","templated":true}]}}