{"id":8365,"date":"2023-01-18T20:13:42","date_gmt":"2023-01-18T20:13:42","guid":{"rendered":"https:\/\/www.radiolimari.cl\/?p=8365"},"modified":"2023-01-18T20:13:43","modified_gmt":"2023-01-18T20:13:43","slug":"dirigentes-de-los-gremios-de-la-salud-y-de-educacion-sostienen-reuniones-con-el-alcalde-suplente-de-ovalle","status":"publish","type":"post","link":"https:\/\/www.radiolimari.cl\/?p=8365","title":{"rendered":"Dirigentes de los gremios de la Salud y de Educaci\u00f3n sostienen reuniones con el alcalde Suplente de Ovalle"},"content":{"rendered":"\n<figure class=\"wp-block-image size-large\"><a href=\"https:\/\/www.radiolimari.cl\/wp-content\/uploads\/2023\/01\/18.1-Reunion-con-gremios-de-Salud-y-Educacion-1-scaled.jpg\"><img fetchpriority=\"high\" decoding=\"async\" width=\"1024\" height=\"683\" src=\"https:\/\/www.radiolimari.cl\/wp-content\/uploads\/2023\/01\/18.1-Reunion-con-gremios-de-Salud-y-Educacion-1-1024x683.jpg\" alt=\"\" class=\"wp-image-8366\" srcset=\"https:\/\/www.radiolimari.cl\/wp-content\/uploads\/2023\/01\/18.1-Reunion-con-gremios-de-Salud-y-Educacion-1-1024x683.jpg 1024w, https:\/\/www.radiolimari.cl\/wp-content\/uploads\/2023\/01\/18.1-Reunion-con-gremios-de-Salud-y-Educacion-1-300x200.jpg 300w, https:\/\/www.radiolimari.cl\/wp-content\/uploads\/2023\/01\/18.1-Reunion-con-gremios-de-Salud-y-Educacion-1-768x512.jpg 768w, https:\/\/www.radiolimari.cl\/wp-content\/uploads\/2023\/01\/18.1-Reunion-con-gremios-de-Salud-y-Educacion-1-1536x1024.jpg 1536w, https:\/\/www.radiolimari.cl\/wp-content\/uploads\/2023\/01\/18.1-Reunion-con-gremios-de-Salud-y-Educacion-1-2048x1365.jpg 2048w\" sizes=\"(max-width: 1024px) 100vw, 1024px\" \/><\/a><\/figure>\n\n\n\n<p><strong>En audiencias con la primera autoridad comunal, pudieron plantear las situaciones que preocupan a los funcionarios<\/strong>.<\/p>\n\n\n\n<p>Reuniones con dirigentes de los gremios de la Salud y de Profesores sostuvo en la ma\u00f1ana de este jueves el alcalde Jonathan Acu\u00f1a Rojas, en el marco de las audiencias que el jefe comunal habitualmente tiene con las fuerzas vivas de la comunidad.<\/p>\n\n\n\n<p>En la primera de ellas la autoridad edilicia convers\u00f3 con la presidenta de la Asociaci\u00f3n de Funcionarios de la Salud Municipal, Ingrid Liberona, por alrededor de 40 minutos. Tras al cita, la dirigenta se\u00f1al\u00f3 que la reuni\u00f3n vers\u00f3 sobre \u201cla b\u00fasqueda de una estrategia para los funcionarios de Cerrillos de Tamaya con el tema de la movilizaci\u00f3n ya qu\u00e9 pasaje est\u00e1 m\u00e1s costoso y obviamente perjudica el bolsillo en nuestros funcionarios. Vimos tambi\u00e9n la posibilidad de mejorar las condiciones de los comedores en diarios en algunos centros de atenci\u00f3n de salud como el Jorge Jord\u00e1n y Marcos Macuada, adem\u00e1s de temas administrativos para mejorar el rendimiento y la gesti\u00f3n del departamento de salud\u201d.<\/p>\n\n\n\n<p>La dirigenta de la Salud Municipal remarc\u00f3 que \u201cnos vamos tranquilos, esperando una nueva reuni\u00f3n para ver estos puntos en detalle y ver c\u00f3mo vamos interviniendo. Esto nos va a facilitar entregar una mejor y m\u00e1s clara informaci\u00f3n a los funcionarios\u201d asegur\u00f3.<\/p>\n\n\n\n<p><strong><u>Educaci\u00f3n<\/u><\/strong><\/p>\n\n\n\n<p>Tras ello, el alcalde (S) Acu\u00f1a se reuni\u00f3 con dos representantes del Comunal Ovalle del Colegio de Profesores encabezados por su presidenta Natalia Reyes quien manifest\u00f3 que \u201cnos presentamos como directiva ante la nueva autoridad y tocamos algunos temas que ven\u00edamos tratando con el municipio, como saber cu\u00e1ntos colegas est\u00e1n colegiados, que es una cosa importante para nosotros, para saber con cu\u00e1ntas personas contamos en nuestro gremio\u201d.<\/p>\n\n\n\n<p>A\u00f1adi\u00f3 que \u201ctambi\u00e9n analizamos el tema de la titularidad y, como es un tema que es ley, a veces hay muchos tr\u00e1mites y mucho papeleo. Tambi\u00e9n analizaron \u201clo relativo con los sumarios, que nos preocupa bastante, porque hay varios procesos que no sabemos en qu\u00e9 van y que mejoren y funcionen de la mejor manera posible las relaciones entre el Municipio, el DEM y el Colegio de Profesores\u201d, argument\u00f3.<\/p>\n\n\n\n<p>La dirigente de los docentes valor\u00f3 la instancia con la autoridad comunal. \u201cAgradecemos la disposici\u00f3n de parte de \u00e9l para recibirnos y para los puntos que le planteamos. Esperamos poder tener esa confianza y agilidad de las dos partes, para el beneficio de nuestros profesores\u201d.<\/p>\n\n\n\n<p><strong>Autoridad Comunal<\/strong><\/p>\n\n\n\n<p>Jonathan Acu\u00f1a, consultado sobre las dos reuniones con los gremios, se\u00f1al\u00f3 que \u201cestuvimos con los gremios de la Salud y Educaci\u00f3n tocando los temas que les afectan. En la reuni\u00f3n con Salud, principalmente c\u00f3mo va a ser la continuidad respecto de los procesos administrativos que se llevan adelante, las preocupaciones en el \u00e1rea de salud principalmente de los equipos rurales sabemos que existen m\u00f3viles que van a estar realizando funciones y las &nbsp;problem\u00e1ticas tambi\u00e9n relacionadas con el traslado de los funcionarios a sus lugares de trabajo del sector rural y respecto de sus condiciones laborales\u201d.<\/p>\n\n\n\n<p>La autoridad comunal agreg\u00f3 que \u201choy d\u00eda queremos prestar un servicio a la Comunidad que sea de calidad, atendiendo todos los servicios de Urgencias de forma mucho m\u00e1s efectiva y r\u00e1pida\u201d.<\/p>\n\n\n\n<p>En el caso de Educaci\u00f3n, el alcalde Acu\u00f1a &nbsp;manifest\u00f3 que \u201cnos reunimos con el Colegio de Profesores, viendo particularmente las necesidades respecto de las personas que se van a acoger al retiro, de la actualizaci\u00f3n de sus datos y de c\u00f3mo, como municipio, podemos entregar condiciones m\u00e1s favorables para su actual desempe\u00f1o\u201d, finaliz\u00f3.<\/p>\n","protected":false},"excerpt":{"rendered":"<p>En audiencias con la primera autoridad comunal, pudieron plantear las situaciones que preocupan a los funcionarios. Reuniones con dirigentes de los gremios de la Salud y de Profesores sostuvo en la ma\u00f1ana de este jueves el alcalde Jonathan Acu\u00f1a Rojas, en el marco de las audiencias que el jefe comunal habitualmente tiene con las fuerzas &#8230;<\/p>\n","protected":false},"author":2,"featured_media":8366,"comment_status":"open","ping_status":"open","sticky":false,"template":"","format":"standard","meta":{"footnotes":""},"categories":[5],"tags":[],"class_list":["post-8365","post","type-post","status-publish","format-standard","has-post-thumbnail","hentry","category-actualidad-limarina"],"_links":{"self":[{"href":"https:\/\/www.radiolimari.cl\/index.php?rest_route=\/wp\/v2\/posts\/8365","targetHints":{"allow":["GET"]}}],"collection":[{"href":"https:\/\/www.radiolimari.cl\/index.php?rest_route=\/wp\/v2\/posts"}],"about":[{"href":"https:\/\/www.radiolimari.cl\/index.php?rest_route=\/wp\/v2\/types\/post"}],"author":[{"embeddable":true,"href":"https:\/\/www.radiolimari.cl\/index.php?rest_route=\/wp\/v2\/users\/2"}],"replies":[{"embeddable":true,"href":"https:\/\/www.radiolimari.cl\/index.php?rest_route=%2Fwp%2Fv2%2Fcomments&post=8365"}],"version-history":[{"count":1,"href":"https:\/\/www.radiolimari.cl\/index.php?rest_route=\/wp\/v2\/posts\/8365\/revisions"}],"predecessor-version":[{"id":8367,"href":"https:\/\/www.radiolimari.cl\/index.php?rest_route=\/wp\/v2\/posts\/8365\/revisions\/8367"}],"wp:featuredmedia":[{"embeddable":true,"href":"https:\/\/www.radiolimari.cl\/index.php?rest_route=\/wp\/v2\/media\/8366"}],"wp:attachment":[{"href":"https:\/\/www.radiolimari.cl\/index.php?rest_route=%2Fwp%2Fv2%2Fmedia&parent=8365"}],"wp:term":[{"taxonomy":"category","embeddable":true,"href":"https:\/\/www.radiolimari.cl\/index.php?rest_route=%2Fwp%2Fv2%2Fcategories&post=8365"},{"taxonomy":"post_tag","embeddable":true,"href":"https:\/\/www.radiolimari.cl\/index.php?rest_route=%2Fwp%2Fv2%2Ftags&post=8365"}],"curies":[{"name":"wp","href":"https:\/\/api.w.org\/{rel}","templated":true}]}}