{"id":8362,"date":"2023-01-18T19:04:46","date_gmt":"2023-01-18T19:04:46","guid":{"rendered":"https:\/\/www.radiolimari.cl\/?p=8362"},"modified":"2023-01-18T19:04:47","modified_gmt":"2023-01-18T19:04:47","slug":"en-ovalle-farmacia-municipal-inicia-su-funcionamiento-en-dependencias-del-ex-hospital-de-la-ciudad","status":"publish","type":"post","link":"https:\/\/www.radiolimari.cl\/?p=8362","title":{"rendered":"En Ovalle Farmacia Municipal inicia su funcionamiento en dependencias del ex hospital de la ciudad."},"content":{"rendered":"\n<figure class=\"wp-block-image size-large\"><a href=\"https:\/\/www.radiolimari.cl\/wp-content\/uploads\/2023\/01\/18.1-Farmacia-Municipal-de-Ovalle-scaled.jpg\"><img fetchpriority=\"high\" decoding=\"async\" width=\"1024\" height=\"768\" src=\"https:\/\/www.radiolimari.cl\/wp-content\/uploads\/2023\/01\/18.1-Farmacia-Municipal-de-Ovalle-1024x768.jpg\" alt=\"\" class=\"wp-image-8363\" srcset=\"https:\/\/www.radiolimari.cl\/wp-content\/uploads\/2023\/01\/18.1-Farmacia-Municipal-de-Ovalle-1024x768.jpg 1024w, https:\/\/www.radiolimari.cl\/wp-content\/uploads\/2023\/01\/18.1-Farmacia-Municipal-de-Ovalle-300x225.jpg 300w, https:\/\/www.radiolimari.cl\/wp-content\/uploads\/2023\/01\/18.1-Farmacia-Municipal-de-Ovalle-768x576.jpg 768w, https:\/\/www.radiolimari.cl\/wp-content\/uploads\/2023\/01\/18.1-Farmacia-Municipal-de-Ovalle-1536x1152.jpg 1536w, https:\/\/www.radiolimari.cl\/wp-content\/uploads\/2023\/01\/18.1-Farmacia-Municipal-de-Ovalle-2048x1536.jpg 2048w\" sizes=\"(max-width: 1024px) 100vw, 1024px\" \/><\/a><\/figure>\n\n\n\n<p><strong><em>Desde este mi\u00e9rcoles 18 de enero, el centro de abastecimiento de medicamentos municipal atender\u00e1 de lunes a jueves de 08:30 a 14:00 horas y de 15:00 a 17:30 horas y los viernes de 08:30 a 14:00 horas y de 15:00 a 16:30 horas.<\/em><\/strong><\/p>\n\n\n\n<p>La Farmacia Municipal de Ovalle inici\u00f3 su funcionamiento en las ex dependencias del Hospital Antonio Tirado Lanas, ubicadas en Arizt\u00eda Poniente N\u00b07, donde los usuarios podr\u00e1n adquirir sus medicamentos, en algunos casos, hasta un 70% m\u00e1s econ\u00f3micos que en las farmacias tradicionales.<\/p>\n\n\n\n<p>Con respecto al traslado de la Farmacia Municipal, el alcalde (S) de Ovalle, Jonathan Acu\u00f1a indic\u00f3 que estaban esperando \u201clas respectivas aprobaciones para darle funcionamiento nuevamente y para nosotros es importante porque la comunidad estaba esperando con ansias este momento. Nuestra idea es que todos los servicios municipales est\u00e9n reunidos en un mismo lugar y eso est\u00e1 orientado a darle mayor efectividad y rendimiento a la gesti\u00f3n municipal\u201d.<\/p>\n\n\n\n<p>Recordemos, que desde su apertura, en mayo de 2016, el centro de abastecimiento funcion\u00f3 en Vicu\u00f1a Mackenna 452 y tuvo una gran aceptaci\u00f3n por parte de la comunidad local, puesto que se convirti\u00f3 en una alternativa para adquirir sus tratamientos m\u00e9dicos a un menor costo. Quienes quieran optar a este beneficio deben presentar su receta m\u00e9dica y acreditar que residen en la comuna de Ovalle.<\/p>\n\n\n\n<p>Los medicamentos m\u00e1s solicitados son los relacionados con enfermedades cr\u00f3nicas, como diabetes, hipertensi\u00f3n, dislipidemia, entre otros. El centro de abastecimiento en la actualidad \u201ccuenta con un arsenal de m\u00e1s de mil productos, lo que significa un crecimiento importante porque en el a\u00f1o 2016 comenzamos con 100 medicamentos, luego aumentamos a 500 y hoy tenemos un inventario bastante grande, que nos permite abastecer a una gran cantidad de la poblaci\u00f3n de Ovalle. La idea es que nuestros usuarios puedan llevarse sus tratamientos completos y en los casos que podamos abastecer m\u00e1s de un mes, por el periodo de vacaciones, lo vamos a hacer\u201d sostuvo el qu\u00edmico farmac\u00e9utico y encargado de la Farmacia Municipal de Ovalle, Pablo Carmona.<\/p>\n\n\n\n<p>En la Farmacia Municipal existe un amplio margen de diferencia, en cuanto a los costos en las farmacias tradicionales. Hay productos que bordean los 1.600 pesos y en la red de farmacias superan los 40 mil pesos, por lo que \u201cel margen de la variaci\u00f3n de precios es alto, pero no todos los productos que tenemos son de un valor tan bajo, porque nosotros trabajamos con medicamentos de buena calidad, de marcas reconocidas y casi no trabajamos gen\u00e9ricos, pues solo contamos con productos bioequivalentes u originales, lo que garantiza que nuestros usuarios se llevar\u00e1n un medicamento de calidad, que permitir\u00e1 que su tratamiento sea efectivo\u201d agreg\u00f3 Carmona.<\/p>\n","protected":false},"excerpt":{"rendered":"<p>Desde este mi\u00e9rcoles 18 de enero, el centro de abastecimiento de medicamentos municipal atender\u00e1 de lunes a jueves de 08:30 a 14:00 horas y de 15:00 a 17:30 horas y los viernes de 08:30 a 14:00 horas y de 15:00 a 16:30 horas. La Farmacia Municipal de Ovalle inici\u00f3 su funcionamiento en las ex dependencias &#8230;<\/p>\n","protected":false},"author":2,"featured_media":8363,"comment_status":"open","ping_status":"open","sticky":false,"template":"","format":"standard","meta":{"footnotes":""},"categories":[5],"tags":[],"class_list":["post-8362","post","type-post","status-publish","format-standard","has-post-thumbnail","hentry","category-actualidad-limarina"],"_links":{"self":[{"href":"https:\/\/www.radiolimari.cl\/index.php?rest_route=\/wp\/v2\/posts\/8362","targetHints":{"allow":["GET"]}}],"collection":[{"href":"https:\/\/www.radiolimari.cl\/index.php?rest_route=\/wp\/v2\/posts"}],"about":[{"href":"https:\/\/www.radiolimari.cl\/index.php?rest_route=\/wp\/v2\/types\/post"}],"author":[{"embeddable":true,"href":"https:\/\/www.radiolimari.cl\/index.php?rest_route=\/wp\/v2\/users\/2"}],"replies":[{"embeddable":true,"href":"https:\/\/www.radiolimari.cl\/index.php?rest_route=%2Fwp%2Fv2%2Fcomments&post=8362"}],"version-history":[{"count":1,"href":"https:\/\/www.radiolimari.cl\/index.php?rest_route=\/wp\/v2\/posts\/8362\/revisions"}],"predecessor-version":[{"id":8364,"href":"https:\/\/www.radiolimari.cl\/index.php?rest_route=\/wp\/v2\/posts\/8362\/revisions\/8364"}],"wp:featuredmedia":[{"embeddable":true,"href":"https:\/\/www.radiolimari.cl\/index.php?rest_route=\/wp\/v2\/media\/8363"}],"wp:attachment":[{"href":"https:\/\/www.radiolimari.cl\/index.php?rest_route=%2Fwp%2Fv2%2Fmedia&parent=8362"}],"wp:term":[{"taxonomy":"category","embeddable":true,"href":"https:\/\/www.radiolimari.cl\/index.php?rest_route=%2Fwp%2Fv2%2Fcategories&post=8362"},{"taxonomy":"post_tag","embeddable":true,"href":"https:\/\/www.radiolimari.cl\/index.php?rest_route=%2Fwp%2Fv2%2Ftags&post=8362"}],"curies":[{"name":"wp","href":"https:\/\/api.w.org\/{rel}","templated":true}]}}