{"id":8347,"date":"2023-01-13T12:41:58","date_gmt":"2023-01-13T12:41:58","guid":{"rendered":"https:\/\/www.radiolimari.cl\/?p=8347"},"modified":"2023-01-13T12:42:00","modified_gmt":"2023-01-13T12:42:00","slug":"municipio-de-monte-patria-obtiene-primera-acreditacion-comunal-por-parte-del-servicio-mejor-ninez","status":"publish","type":"post","link":"https:\/\/www.radiolimari.cl\/?p=8347","title":{"rendered":"Municipio de Monte Patria obtiene primera acreditaci\u00f3n comunal por parte del Servicio Mejor Ni\u00f1ez"},"content":{"rendered":"\n<figure class=\"wp-block-image size-large\"><a href=\"https:\/\/www.radiolimari.cl\/wp-content\/uploads\/2023\/01\/316420110_1845497012455315_3777403496547592121_n-1.jpg\"><img fetchpriority=\"high\" decoding=\"async\" width=\"1024\" height=\"768\" src=\"https:\/\/www.radiolimari.cl\/wp-content\/uploads\/2023\/01\/316420110_1845497012455315_3777403496547592121_n-1-1024x768.jpg\" alt=\"\" class=\"wp-image-8348\" srcset=\"https:\/\/www.radiolimari.cl\/wp-content\/uploads\/2023\/01\/316420110_1845497012455315_3777403496547592121_n-1-1024x768.jpg 1024w, https:\/\/www.radiolimari.cl\/wp-content\/uploads\/2023\/01\/316420110_1845497012455315_3777403496547592121_n-1-300x225.jpg 300w, https:\/\/www.radiolimari.cl\/wp-content\/uploads\/2023\/01\/316420110_1845497012455315_3777403496547592121_n-1-768x576.jpg 768w, https:\/\/www.radiolimari.cl\/wp-content\/uploads\/2023\/01\/316420110_1845497012455315_3777403496547592121_n-1-1536x1152.jpg 1536w, https:\/\/www.radiolimari.cl\/wp-content\/uploads\/2023\/01\/316420110_1845497012455315_3777403496547592121_n-1.jpg 2048w\" sizes=\"(max-width: 1024px) 100vw, 1024px\" \/><\/a><\/figure>\n\n\n\n<p><strong><em>Actualmente, el municipio de Monte Patria es el \u00fanico que posee esta acreditaci\u00f3n a nivel regional.<\/em><\/strong><\/p>\n\n\n\n<p>Una excelente noticia para toda la comuna de Monte Patria, hace algunas semanas se concret\u00f3 la acreditaci\u00f3n del municipio local como colaborador del Servicio Nacional de Protecci\u00f3n Especializada a la Ni\u00f1ez y a la Adolescencia. Dicha acreditaci\u00f3n permitir\u00eda al municipio ejecutar nuevos programas en el territorio, como las \u201cIntervenciones Ambulatorias de Reparaci\u00f3n\u201d y el programa de \u201cFortalecimiento y Vinculaci\u00f3n\u201d.<\/p>\n\n\n\n<p>A trav\u00e9s de la resoluci\u00f3n exenta 1151 del Servicio Nacional de Protecci\u00f3n Especializada a la Ni\u00f1ez y Adolescencia, el municipio queda habilitado para articular dichos servicios de protecci\u00f3n en la comuna. Actualmente en Monte Patria funcionan los servicios de la Oficina de Protecci\u00f3n de Derechos (OPD) y el Programa de Protecci\u00f3n Focalizada (PPF).<\/p>\n\n\n\n<p>Ahora se abren otras aristas para trabajar la defensa de los derechos de las infancias, por ejemplo, est\u00e1 el programa de Fortalecimiento y Vinculaci\u00f3n; de igual forma se encuentra el de Intervenciones Ambulatorias de Reparaci\u00f3n, este \u00faltimo se compone de tres grandes elementos, el Programa de Acompa\u00f1amiento Familiar Territorial, Programa Intervenci\u00f3n Reparatoria y Programa Terap\u00e9utico Especializado.<\/p>\n\n\n\n<p>Herramientas que podr\u00e1n ser implementadas en la comuna con la coordinaci\u00f3n y el trabajo del municipio local. Para Cristian Herrera Pe\u00f1a, alcalde de la comuna de Monte Patria, esta acreditaci\u00f3n de trabajo conjunto entrega m\u00e1s herramientas para avanzar en el deber de la protecci\u00f3n de las infancias, <strong>\u201cpara nosotros como municipio es s\u00faper buenas noticas, que seamos el primer municipio de la regi\u00f3n en obtener la acreditaci\u00f3n del servicio mejor ni\u00f1ez. Esto demuestra nuestras preocupaciones, en especial con nuestros ni\u00f1os y ni\u00f1as; esto nos va a permitir mantener nuestros programas de OPD y PPF, as\u00ed mismo sumar otros programas de protecci\u00f3n de infancias. Quiero agradecer a los equipos t\u00e9cnicos de la postulaci\u00f3n y al servicio que siempre, persigue el bienestar de las infancias, entregando herramientas concretas para ello\u201d.<\/strong><\/p>\n\n\n\n<p>Desde el Servicio Nacional de Protecci\u00f3n Especializada a la Ni\u00f1ez y Adolescencia, la directora regional en Coquimbo, Gabriela Navarro, valor\u00f3 el entusiasmo del municipio de Monte Patria por querer ser colaborador del servicio, <strong>\u201ccomo servicio nacional de protecci\u00f3n especializada de la ni\u00f1ez y adolescencia, nos permite contar con organismos colaboradores acreditados que responden a los nuevos est\u00e1ndares de protecci\u00f3n que hoy se requiere para la reparaci\u00f3n del da\u00f1o y el resguardo de derechos. Cuando un municipio se interesa por formar parte de esta especializaci\u00f3n confirma el compromiso que existe por la infancia y adolescencia que ha vivido lamentablemente situaciones de vulneraci\u00f3n, ello nos permite entregar una mejor respuesta a las necesidades de los NNA y familias. Agradecemos al municipio de Monte Patria por el compromiso por la infancia y adolescencia, por querer acreditarse y lograr ser el primer municipio de la regi\u00f3n y estar entre los tres primeros municipios del pa\u00eds acreditados.\u201d.<\/strong><\/p>\n\n\n\n<p>La implementaci\u00f3n de las nuevas l\u00edneas de servicio, como es el caso de los programas \u201cIntervenciones Ambulatorias de Reparaci\u00f3n\u201d y el programa de \u201cFortalecimiento y Vinculaci\u00f3n\u201d, pasar\u00e1n a ser una corresponsabilidad del municipio local y el servicio, todo con la finalidad genera protecci\u00f3n a las infancias y adolescencias del pa\u00eds.<\/p>\n","protected":false},"excerpt":{"rendered":"<p>Actualmente, el municipio de Monte Patria es el \u00fanico que posee esta acreditaci\u00f3n a nivel regional. Una excelente noticia para toda la comuna de Monte Patria, hace algunas semanas se concret\u00f3 la acreditaci\u00f3n del municipio local como colaborador del Servicio Nacional de Protecci\u00f3n Especializada a la Ni\u00f1ez y a la Adolescencia. Dicha acreditaci\u00f3n permitir\u00eda al &#8230;<\/p>\n","protected":false},"author":2,"featured_media":8348,"comment_status":"open","ping_status":"open","sticky":false,"template":"","format":"standard","meta":{"footnotes":""},"categories":[5],"tags":[],"class_list":["post-8347","post","type-post","status-publish","format-standard","has-post-thumbnail","hentry","category-actualidad-limarina"],"_links":{"self":[{"href":"https:\/\/www.radiolimari.cl\/index.php?rest_route=\/wp\/v2\/posts\/8347","targetHints":{"allow":["GET"]}}],"collection":[{"href":"https:\/\/www.radiolimari.cl\/index.php?rest_route=\/wp\/v2\/posts"}],"about":[{"href":"https:\/\/www.radiolimari.cl\/index.php?rest_route=\/wp\/v2\/types\/post"}],"author":[{"embeddable":true,"href":"https:\/\/www.radiolimari.cl\/index.php?rest_route=\/wp\/v2\/users\/2"}],"replies":[{"embeddable":true,"href":"https:\/\/www.radiolimari.cl\/index.php?rest_route=%2Fwp%2Fv2%2Fcomments&post=8347"}],"version-history":[{"count":1,"href":"https:\/\/www.radiolimari.cl\/index.php?rest_route=\/wp\/v2\/posts\/8347\/revisions"}],"predecessor-version":[{"id":8349,"href":"https:\/\/www.radiolimari.cl\/index.php?rest_route=\/wp\/v2\/posts\/8347\/revisions\/8349"}],"wp:featuredmedia":[{"embeddable":true,"href":"https:\/\/www.radiolimari.cl\/index.php?rest_route=\/wp\/v2\/media\/8348"}],"wp:attachment":[{"href":"https:\/\/www.radiolimari.cl\/index.php?rest_route=%2Fwp%2Fv2%2Fmedia&parent=8347"}],"wp:term":[{"taxonomy":"category","embeddable":true,"href":"https:\/\/www.radiolimari.cl\/index.php?rest_route=%2Fwp%2Fv2%2Fcategories&post=8347"},{"taxonomy":"post_tag","embeddable":true,"href":"https:\/\/www.radiolimari.cl\/index.php?rest_route=%2Fwp%2Fv2%2Ftags&post=8347"}],"curies":[{"name":"wp","href":"https:\/\/api.w.org\/{rel}","templated":true}]}}