{"id":8342,"date":"2023-01-12T18:00:00","date_gmt":"2023-01-12T18:00:00","guid":{"rendered":"https:\/\/www.radiolimari.cl\/?p=8342"},"modified":"2023-01-12T18:00:00","modified_gmt":"2023-01-12T18:00:00","slug":"ovalle-reconoce-a-sus-estudiantes-con-desempeno-destacado-en-la-paes-2022","status":"publish","type":"post","link":"https:\/\/www.radiolimari.cl\/?p=8342","title":{"rendered":"<strong>Ovalle reconoce a sus estudiantes con desempe\u00f1o destacado en la PAES 2022<\/strong>"},"content":{"rendered":"\n<figure class=\"wp-block-image size-large\"><a href=\"https:\/\/www.radiolimari.cl\/wp-content\/uploads\/2023\/01\/Reconocimiento-PAES-2022-4-scaled.jpg\"><img fetchpriority=\"high\" decoding=\"async\" width=\"1024\" height=\"768\" src=\"https:\/\/www.radiolimari.cl\/wp-content\/uploads\/2023\/01\/Reconocimiento-PAES-2022-4-1024x768.jpg\" alt=\"\" class=\"wp-image-8343\" srcset=\"https:\/\/www.radiolimari.cl\/wp-content\/uploads\/2023\/01\/Reconocimiento-PAES-2022-4-1024x768.jpg 1024w, https:\/\/www.radiolimari.cl\/wp-content\/uploads\/2023\/01\/Reconocimiento-PAES-2022-4-300x225.jpg 300w, https:\/\/www.radiolimari.cl\/wp-content\/uploads\/2023\/01\/Reconocimiento-PAES-2022-4-768x576.jpg 768w, https:\/\/www.radiolimari.cl\/wp-content\/uploads\/2023\/01\/Reconocimiento-PAES-2022-4-1536x1152.jpg 1536w, https:\/\/www.radiolimari.cl\/wp-content\/uploads\/2023\/01\/Reconocimiento-PAES-2022-4-2048x1536.jpg 2048w\" sizes=\"(max-width: 1024px) 100vw, 1024px\" \/><\/a><figcaption class=\"wp-element-caption\"><strong><em>Un total de 28 estudiantes, pertenecientes a establecimientos administrados por el Departamento de Educaci\u00f3n Municipal, recibieron computadores, importante herramienta que ser\u00e1 de utilidad para el inicio del proceso de los j\u00f3venes en la educaci\u00f3n superior. <\/em><\/strong><\/figcaption><\/figure>\n\n\n\n<p>Como cada a\u00f1o, el Departamento de Educaci\u00f3n Municipal de Ovalle reconoci\u00f3 los logros de las y los estudiantes que obtuvieron puntajes destacados en la Prueba de Acceso a la Educaci\u00f3n Superior (PAES), reconociendo as\u00ed sus resultados y trayectorias educativas. La ceremonia realizada en el Liceo Bicentenario Alejandro \u00c1lvarez Jofr\u00e9 cont\u00f3 con la presencia de autoridades comunales, directores de establecimientos municipales, docentes y familiares de los alumnos y alumnas.<\/p>\n\n\n\n<p>Durante la jornada, se destac\u00f3 el esfuerzo de los estudiantes, as\u00ed como tambi\u00e9n el trabajo de los equipos directivos y docentes de cada uno de los establecimientos educacionales, as\u00ed como tambi\u00e9n el apoyo brindado por sus padres y apoderados.<\/p>\n\n\n\n<figure class=\"wp-block-image size-large\"><a href=\"https:\/\/www.radiolimari.cl\/wp-content\/uploads\/2023\/01\/Reconocimiento-PAES-2022-2-scaled.jpg\"><img decoding=\"async\" width=\"1024\" height=\"768\" src=\"https:\/\/www.radiolimari.cl\/wp-content\/uploads\/2023\/01\/Reconocimiento-PAES-2022-2-1024x768.jpg\" alt=\"\" class=\"wp-image-8344\" srcset=\"https:\/\/www.radiolimari.cl\/wp-content\/uploads\/2023\/01\/Reconocimiento-PAES-2022-2-1024x768.jpg 1024w, https:\/\/www.radiolimari.cl\/wp-content\/uploads\/2023\/01\/Reconocimiento-PAES-2022-2-300x225.jpg 300w, https:\/\/www.radiolimari.cl\/wp-content\/uploads\/2023\/01\/Reconocimiento-PAES-2022-2-768x576.jpg 768w, https:\/\/www.radiolimari.cl\/wp-content\/uploads\/2023\/01\/Reconocimiento-PAES-2022-2-1536x1152.jpg 1536w, https:\/\/www.radiolimari.cl\/wp-content\/uploads\/2023\/01\/Reconocimiento-PAES-2022-2-2048x1536.jpg 2048w\" sizes=\"(max-width: 1024px) 100vw, 1024px\" \/><\/a><\/figure>\n\n\n\n<p>Adem\u00e1s, de los estudiantes representantes del establecimiento anfitri\u00f3n, tambi\u00e9n se premi\u00f3 a j\u00f3venes del Colegio Bicentenario de las artes Eliseo Videla Jorquera, Liceo Estela \u00c1vila Molina, Colegio Ra\u00fal Silva Henr\u00edquez, Liceo Bicentenario Polit\u00e9cnico de Ovalle y Colegio de Administraci\u00f3n y Comercio El Ingenio. Todos ellos recibieron computadores, importante herramienta que ser\u00e1 de utilidad para el inicio del proceso de los j\u00f3venes en la educaci\u00f3n superior.<\/p>\n\n\n\n<p>Cada uno de los destacados obtuvo un puntaje sobre los 777 puntos, pero quien logr\u00f3 mejores resultados fue el alumno del Liceo Bicentenario Alejandro \u00c1lvarez Jofr\u00e9, Felipe Zavala, quien quiere convertirse en un exitoso m\u00e9dico. \u201cAl principio pens\u00e9 que me iba a ir peor, porque no me prepar\u00e9 tanto y en el \u00faltimo a\u00f1o intensifiqu\u00e9 mi preparaci\u00f3n, a trav\u00e9s del preuniversitario municipal. Cuando vi que me hab\u00eda ido bien, fue una alegr\u00eda enorme, as\u00ed es que ahora a celebrar, porque quiero estudiar medicina en la Universidad Cat\u00f3lica de Valpara\u00edso\u201d.<\/p>\n\n\n\n<figure class=\"wp-block-image size-large\"><a href=\"https:\/\/www.radiolimari.cl\/wp-content\/uploads\/2023\/01\/Reconocimiento-PAES-2022-1-scaled.jpg\"><img decoding=\"async\" width=\"1024\" height=\"768\" src=\"https:\/\/www.radiolimari.cl\/wp-content\/uploads\/2023\/01\/Reconocimiento-PAES-2022-1-1024x768.jpg\" alt=\"\" class=\"wp-image-8345\" srcset=\"https:\/\/www.radiolimari.cl\/wp-content\/uploads\/2023\/01\/Reconocimiento-PAES-2022-1-1024x768.jpg 1024w, https:\/\/www.radiolimari.cl\/wp-content\/uploads\/2023\/01\/Reconocimiento-PAES-2022-1-300x225.jpg 300w, https:\/\/www.radiolimari.cl\/wp-content\/uploads\/2023\/01\/Reconocimiento-PAES-2022-1-768x576.jpg 768w, https:\/\/www.radiolimari.cl\/wp-content\/uploads\/2023\/01\/Reconocimiento-PAES-2022-1-1536x1152.jpg 1536w, https:\/\/www.radiolimari.cl\/wp-content\/uploads\/2023\/01\/Reconocimiento-PAES-2022-1-2048x1536.jpg 2048w\" sizes=\"(max-width: 1024px) 100vw, 1024px\" \/><\/a><\/figure>\n\n\n\n<p>Los siete establecimientos municipalizados que imparten educaci\u00f3n media lograron positivos resultados y \u201chemos ido mejorando considerablemente, en cuanto a estos logros de esta prueba estandarizada, y por lo tanto son resultados totalmente destacados y tiene que ver con la pol\u00edtica comunal y con el trabajo a largo plazo, que realizan los recintos educacionales\u201d indic\u00f3 la directora del Centro de Educaci\u00f3n Integral para Adultos Limar\u00ed (CEIA), Karin Flores.<\/p>\n\n\n\n<p>Desde la aparici\u00f3n de las evaluaciones estandarizadas externas, uno de los principales desaf\u00edos al que se vieron expuestos los establecimientos educacionales con ense\u00f1anza media, fue posicionar a sus estudiantes en situaci\u00f3n de ingreso a la educaci\u00f3n superior. Es as\u00ed como durante el a\u00f1o 2022 aparece la nueva prueba de acceso a la educaci\u00f3n superior, PAES, que inserta&nbsp;importantes cambios en este nuevo proceso de admisi\u00f3n.<\/p>\n\n\n\n<p>Para enfrentar tal desaf\u00edo, se ha trabajado en el fortalecimiento de los aprendizajes de los estudiantes pertenecientes a los establecimientos municipales de ense\u00f1anza media, mediante su seguimiento y acompa\u00f1amiento, con el fin de garantizar sus trayectorias educativas.<\/p>\n\n\n\n<p>En su Plan Anual de Desarrollo de Educacional Municipal (PADEM), el Departamento de Educaci\u00f3n Municipal de Ovalle, menciona entre sus objetivos, la consolidaci\u00f3n de una pol\u00edtica de gesti\u00f3n pedag\u00f3gica comunal de calidad. Esto se relaciona con otra de las estrategias comunales que implementa el DEM, como lo es el preuniversitario municipal, a trav\u00e9s del cual 240 estudiantes accedieron a este programa de estudios, todos pertenecientes establecimientos municipales de ense\u00f1anza media de nuestra comuna, apoy\u00e1ndolos en su proceso formativo y tambi\u00e9n vocacional. \u201cHace un par de a\u00f1os, el municipio de Ovalle instaur\u00f3 como pol\u00edtica permanente el contar con un preuniversitario municipal, para preparar nuestros estudiantes de tercero y cuarto medio, esto les ha permitido obtener buenos resultados, por lo que creo que es s\u00faper relevante destacar este avance en materia educacional p\u00fablica local e ir fortaleciendo la educaci\u00f3n en sus diversas \u00e1reas. Hoy tenemos estudiantes m\u00e1s preparados, establecimientos con mayores herramientas para permitirse un mayor desarrollo a nuestros estudiantes\u201d afirm\u00f3 el alcalde suplente de Ovalle, Jonathan Acu\u00f1a. \u00a0<\/p>\n","protected":false},"excerpt":{"rendered":"<p>Como cada a\u00f1o, el Departamento de Educaci\u00f3n Municipal de Ovalle reconoci\u00f3 los logros de las y los estudiantes que obtuvieron puntajes destacados en la Prueba de Acceso a la Educaci\u00f3n Superior (PAES), reconociendo as\u00ed sus resultados y trayectorias educativas. La ceremonia realizada en el Liceo Bicentenario Alejandro \u00c1lvarez Jofr\u00e9 cont\u00f3 con la presencia de autoridades &#8230;<\/p>\n","protected":false},"author":2,"featured_media":8343,"comment_status":"open","ping_status":"open","sticky":false,"template":"","format":"standard","meta":{"footnotes":""},"categories":[5],"tags":[],"class_list":["post-8342","post","type-post","status-publish","format-standard","has-post-thumbnail","hentry","category-actualidad-limarina"],"_links":{"self":[{"href":"https:\/\/www.radiolimari.cl\/index.php?rest_route=\/wp\/v2\/posts\/8342","targetHints":{"allow":["GET"]}}],"collection":[{"href":"https:\/\/www.radiolimari.cl\/index.php?rest_route=\/wp\/v2\/posts"}],"about":[{"href":"https:\/\/www.radiolimari.cl\/index.php?rest_route=\/wp\/v2\/types\/post"}],"author":[{"embeddable":true,"href":"https:\/\/www.radiolimari.cl\/index.php?rest_route=\/wp\/v2\/users\/2"}],"replies":[{"embeddable":true,"href":"https:\/\/www.radiolimari.cl\/index.php?rest_route=%2Fwp%2Fv2%2Fcomments&post=8342"}],"version-history":[{"count":1,"href":"https:\/\/www.radiolimari.cl\/index.php?rest_route=\/wp\/v2\/posts\/8342\/revisions"}],"predecessor-version":[{"id":8346,"href":"https:\/\/www.radiolimari.cl\/index.php?rest_route=\/wp\/v2\/posts\/8342\/revisions\/8346"}],"wp:featuredmedia":[{"embeddable":true,"href":"https:\/\/www.radiolimari.cl\/index.php?rest_route=\/wp\/v2\/media\/8343"}],"wp:attachment":[{"href":"https:\/\/www.radiolimari.cl\/index.php?rest_route=%2Fwp%2Fv2%2Fmedia&parent=8342"}],"wp:term":[{"taxonomy":"category","embeddable":true,"href":"https:\/\/www.radiolimari.cl\/index.php?rest_route=%2Fwp%2Fv2%2Fcategories&post=8342"},{"taxonomy":"post_tag","embeddable":true,"href":"https:\/\/www.radiolimari.cl\/index.php?rest_route=%2Fwp%2Fv2%2Ftags&post=8342"}],"curies":[{"name":"wp","href":"https:\/\/api.w.org\/{rel}","templated":true}]}}