{"id":8338,"date":"2023-01-12T02:52:26","date_gmt":"2023-01-12T02:52:26","guid":{"rendered":"https:\/\/www.radiolimari.cl\/?p=8338"},"modified":"2023-01-12T02:52:28","modified_gmt":"2023-01-12T02:52:28","slug":"postulaciones-al-ife-laboral-y-subsidio-protege-se-extienden-hasta-el-primer-semestre-del-2023","status":"publish","type":"post","link":"https:\/\/www.radiolimari.cl\/?p=8338","title":{"rendered":"<strong>Postulaciones al IFE Laboral y Subsidio Protege se extienden hasta el primer semestre del 2023<\/strong>"},"content":{"rendered":"\n<figure class=\"wp-block-image size-large\"><a href=\"https:\/\/www.radiolimari.cl\/wp-content\/uploads\/2023\/01\/20230111_121349-scaled.jpg\"><img fetchpriority=\"high\" decoding=\"async\" width=\"1024\" height=\"768\" src=\"https:\/\/www.radiolimari.cl\/wp-content\/uploads\/2023\/01\/20230111_121349-1024x768.jpg\" alt=\"\" class=\"wp-image-8339\" srcset=\"https:\/\/www.radiolimari.cl\/wp-content\/uploads\/2023\/01\/20230111_121349-1024x768.jpg 1024w, https:\/\/www.radiolimari.cl\/wp-content\/uploads\/2023\/01\/20230111_121349-300x225.jpg 300w, https:\/\/www.radiolimari.cl\/wp-content\/uploads\/2023\/01\/20230111_121349-768x576.jpg 768w, https:\/\/www.radiolimari.cl\/wp-content\/uploads\/2023\/01\/20230111_121349-1536x1152.jpg 1536w, https:\/\/www.radiolimari.cl\/wp-content\/uploads\/2023\/01\/20230111_121349-2048x1536.jpg 2048w\" sizes=\"(max-width: 1024px) 100vw, 1024px\" \/><\/a><figcaption class=\"wp-element-caption\">\u00b7\u00a0\u00a0\u00a0\u00a0\u00a0\u00a0 <em>La medida forma parte del paquete de apoyo a la econom\u00eda familiar anunciada por el Gobierno.<\/em><\/figcaption><\/figure>\n\n\n\n<p>El plan de nuevas medidas para la seguridad econ\u00f3mica anunciado por el presidente, Gabriel Boric, considera un total de siete iniciativas entre las que destacan: el aumento al doble del Aporte Familiar Permanente (Bono Marzo) correspondiente al a\u00f1o 2023; la creaci\u00f3n de un Bolsillo Familiar Electr\u00f3nico y el aumento y ampliaci\u00f3n de la Asignaci\u00f3n Familiar (AF) y del Subsidio \u00danico Familiar (SUF), entre otras.<\/p>\n\n\n\n<p>Dentro del paquete de medias tambi\u00e9n se suma la extensi\u00f3n de las postulaciones al IFE Laboral y al Subsidio Protege, que se prolongar\u00e1 durante todo el primer semestre de 2023 para que nuevas personas puedan acceder.<\/p>\n\n\n\n<p>El IFE Laboral es un incentivo para los trabajadores, previamente cesantes, que inician una nueva relaci\u00f3n laboral formal. Este beneficio se entrega directamente al trabajador o trabajadora, siempre que su remuneraci\u00f3n bruta mensual no exceda de 3 Ingresos M\u00ednimos Mensuales.<\/p>\n\n\n\n<p>Al respecto la Seremi del Trabajo, Claudia Santander, coment\u00f3 que \u201crecordemos que el objetivo de estos beneficios es fortalecer la empleabilidad formal y por eso se extiende el IFE Laboral que ha sido una buena pol\u00edtica con muy buen resultado, donde en nuestra regi\u00f3n m\u00e1s de 55 mil personas han recibido este aporte del estado. El objetivo es impulsar la creaci\u00f3n de cerca de 600 mil empleos formales y con el mismo foco que ha tenido hasta ahora, priorizando a las mujeres, j\u00f3venes entre 18 y 24 a\u00f1os, adultos mayores de 55 a\u00f1os y personas con discapacidad a quienes el IFE Laboral los beneficia con un 60% de su remuneraci\u00f3n bruta mensual con un tope de $300 mil\u201d.<\/p>\n\n\n\n<p>\u201cEn el caso de los trabajadores hombres mayores de 24 a\u00f1os y menores de 55 a\u00f1os el beneficio es de un 25% de su remuneraci\u00f3n bruta con tope de $100 mil\u201d, explic\u00f3 la Seremi del Trabajo.<\/p>\n\n\n\n<p><strong>Subsidio Protege<\/strong><\/p>\n\n\n\n<p>Las medidas anunciadas por el gobierno incluyen la extensi\u00f3n de un nuevo periodo de postulaci\u00f3n al Subsidio Protege, durante todo el primer semestre del 2023. El Subsidio Protege beneficia a tutores, padres y madres inscritos en el Registro Social de Hogares, a cargo de ni\u00f1os y\/o ni\u00f1as de hasta 5 a\u00f1os, que no cuentan con red de apoyo, y sin acceso a sala cuna.<\/p>\n\n\n\n<p>En la regi\u00f3n de Coquimbo el Subsidio Protege durante el 2022 tuvo un alcance de m\u00e1s de 5500 beneficiadas.<\/p>\n\n\n\n<p>Las postulaciones, tanto para el IFE Laboral como para el Subsidio Protege, est\u00e1n disponibles en el sitio web <a href=\"http:\/\/www.subsidioalempleo.cl\">www.subsidioalempleo.cl<\/a><\/p>\n","protected":false},"excerpt":{"rendered":"<p>El plan de nuevas medidas para la seguridad econ\u00f3mica anunciado por el presidente, Gabriel Boric, considera un total de siete iniciativas entre las que destacan: el aumento al doble del Aporte Familiar Permanente (Bono Marzo) correspondiente al a\u00f1o 2023; la creaci\u00f3n de un Bolsillo Familiar Electr\u00f3nico y el aumento y ampliaci\u00f3n de la Asignaci\u00f3n Familiar &#8230;<\/p>\n","protected":false},"author":2,"featured_media":8339,"comment_status":"open","ping_status":"open","sticky":false,"template":"","format":"standard","meta":{"footnotes":""},"categories":[6],"tags":[],"class_list":["post-8338","post","type-post","status-publish","format-standard","has-post-thumbnail","hentry","category-regionales"],"_links":{"self":[{"href":"https:\/\/www.radiolimari.cl\/index.php?rest_route=\/wp\/v2\/posts\/8338","targetHints":{"allow":["GET"]}}],"collection":[{"href":"https:\/\/www.radiolimari.cl\/index.php?rest_route=\/wp\/v2\/posts"}],"about":[{"href":"https:\/\/www.radiolimari.cl\/index.php?rest_route=\/wp\/v2\/types\/post"}],"author":[{"embeddable":true,"href":"https:\/\/www.radiolimari.cl\/index.php?rest_route=\/wp\/v2\/users\/2"}],"replies":[{"embeddable":true,"href":"https:\/\/www.radiolimari.cl\/index.php?rest_route=%2Fwp%2Fv2%2Fcomments&post=8338"}],"version-history":[{"count":1,"href":"https:\/\/www.radiolimari.cl\/index.php?rest_route=\/wp\/v2\/posts\/8338\/revisions"}],"predecessor-version":[{"id":8340,"href":"https:\/\/www.radiolimari.cl\/index.php?rest_route=\/wp\/v2\/posts\/8338\/revisions\/8340"}],"wp:featuredmedia":[{"embeddable":true,"href":"https:\/\/www.radiolimari.cl\/index.php?rest_route=\/wp\/v2\/media\/8339"}],"wp:attachment":[{"href":"https:\/\/www.radiolimari.cl\/index.php?rest_route=%2Fwp%2Fv2%2Fmedia&parent=8338"}],"wp:term":[{"taxonomy":"category","embeddable":true,"href":"https:\/\/www.radiolimari.cl\/index.php?rest_route=%2Fwp%2Fv2%2Fcategories&post=8338"},{"taxonomy":"post_tag","embeddable":true,"href":"https:\/\/www.radiolimari.cl\/index.php?rest_route=%2Fwp%2Fv2%2Ftags&post=8338"}],"curies":[{"name":"wp","href":"https:\/\/api.w.org\/{rel}","templated":true}]}}