{"id":8326,"date":"2023-01-10T12:56:03","date_gmt":"2023-01-10T12:56:03","guid":{"rendered":"https:\/\/www.radiolimari.cl\/?p=8326"},"modified":"2023-01-10T12:56:04","modified_gmt":"2023-01-10T12:56:04","slug":"en-monte-patria-salon-de-artes-lleva-el-nombre-alcalde-juan-carlos-castillo-boilet","status":"publish","type":"post","link":"https:\/\/www.radiolimari.cl\/?p=8326","title":{"rendered":"En Monte Patria Sal\u00f3n de Artes lleva el nombre \u201cAlcalde Juan Carlos Castillo Boilet\u201d"},"content":{"rendered":"\n<figure class=\"wp-block-image size-full\"><a href=\"https:\/\/www.radiolimari.cl\/wp-content\/uploads\/2023\/01\/10.1-salon-monte-patria-1.jpg\"><img fetchpriority=\"high\" decoding=\"async\" width=\"926\" height=\"618\" src=\"https:\/\/www.radiolimari.cl\/wp-content\/uploads\/2023\/01\/10.1-salon-monte-patria-1.jpg\" alt=\"\" class=\"wp-image-8327\" srcset=\"https:\/\/www.radiolimari.cl\/wp-content\/uploads\/2023\/01\/10.1-salon-monte-patria-1.jpg 926w, https:\/\/www.radiolimari.cl\/wp-content\/uploads\/2023\/01\/10.1-salon-monte-patria-1-300x200.jpg 300w, https:\/\/www.radiolimari.cl\/wp-content\/uploads\/2023\/01\/10.1-salon-monte-patria-1-768x513.jpg 768w\" sizes=\"(max-width: 926px) 100vw, 926px\" \/><\/a><\/figure>\n\n\n\n<p><strong>La ceremonia se llev\u00f3 a cabo en el marco del sexto aniversario del fallecimiento de quien fuera profesor y alcalde de la comuna de los valles generosos por 24 a\u00f1os<\/strong>.<\/p>\n\n\n\n<p>M\u00e1s de 200 personas se dieron cita en el Centro Cultural Huayquilonko de Monte Patria, el pasado domingo, para rendir un sentido y emotivo homenaje a quien en vida fue Alcalde de la comuna de Monte Patria, Juan Carlos Castillo Boilet.<\/p>\n\n\n\n<p>En compa\u00f1\u00eda de familiares, amigos y la comunidad en general se devel\u00f3 el nuevo nombre que llevar\u00e1 el Sal\u00f3n de Artes del Centro Cultural, hom\u00f3nimo al edil, como una forma de perpetuar su memoria y agradecer de manera p\u00f3stuma su entrega, compromiso y cercan\u00eda con la comunidad durante su gesti\u00f3n durante 24 a\u00f1os; en la cual adem\u00e1s los asistentes disfrutaron de la funci\u00f3n de teatro \u201cLucila\u201d de la compa\u00f1\u00eda Trafkin.<\/p>\n\n\n\n<p>Durante la actividad organizada por la municipalidad de Monte Patria, a trav\u00e9s de su alcalde, Cristian Herrera Pe\u00f1a, en conjunto con la corporaci\u00f3n Juan Carlos Castillo se recordaron an\u00e9cdotas y momentos emblem\u00e1ticos del ex alcalde. Jaime Castillo Boilet, Secretario Ejecutivo de la Corporaci\u00f3n y hermano del ex edil se\u00f1al\u00f3 que \u201cfue un sentido homenaje, al viajar al pasado al ver en esas im\u00e1genes a Juan Carlos como \u00e9l era: alegre, espont\u00e1neo, sencillo, cercano, humilde; yo creo que ver esos recuerdos hoy d\u00eda fue bastante fuerte. Particularmente me sent\u00ed muy emocionado, porque aparte de ser el secretario de la corporaci\u00f3n soy uno de sus hermanos y con \u00e9l trabajamos juntos. Cuando \u00e9l tom\u00f3 el desaf\u00edo de ser alcalde yo lo acompa\u00f1\u00e9 sus primeros a\u00f1os, porque \u00e9l estaba solo y lo acompa\u00f1\u00e9 en sus inicios y despu\u00e9s ya hizo much\u00edsima redes y toma rumbo propio\u201d.<\/p>\n\n\n\n<p>Por su parte su hijo y actual concejal, Carlos Castillo, manifest\u00f3 que \u201ces un honor que se haya escuchado el clamor de la gente que ped\u00eda que se hiciera un reconocimiento de mi padre. Ya han pasado seis a\u00f1os desde que falleci\u00f3, lamentablemente en la anterior administraci\u00f3n no fueron o\u00eddas todas las veces que se pidi\u00f3 que llevara el nombre Centro Cultural o que se hiciera alg\u00fan reconocimiento y no se llev\u00f3 acabo en ese tiempo; as\u00ed que agradezco la gesti\u00f3n del alcalde Cristian Herrera y el concejo que aprob\u00f3 que esta sala lleve el nombre de mi pap\u00e1.\u201d.<\/p>\n\n\n\n<p>El crecimiento que tuvo la comuna despu\u00e9s del retorno a la democracia y durante los 24 a\u00f1os, el legado de Don Juan Carlos Castillo como alcalde contin\u00faa presente en la comunidad, as\u00ed lo indic\u00f3 Isabel Buguello, presidenta del COSOC quien adem\u00e1s dijo que \u201cfue un buen alcalde, muy humilde, muy solidario que trabaj\u00f3 con todos los dirigentes y me parece muy bonito que sea este reconocimiento.\u201d.<\/p>\n\n\n\n<p>Cabe recordar que el alcalde, Cristian Herrera Pe\u00f1a, tambi\u00e9n form\u00f3 parte del equipo de trabajo municipal, durante la administraci\u00f3n de Castillo Boilet, con quien adem\u00e1s estableci\u00f3 una amistad profunda, basada en las confianzas y lealtades. \u201cPor fin uno de los muchos espacios que \u00e9l construy\u00f3 va a llevar su nombre, un reconocimiento merecido, justo. Lamentablemente tuvo que pasar mucho tiempo para que se lograr\u00e1, ya estamos en el sexto aniversario de su fallecimiento. Recordar a Juan Carlos Castillo es hacerlo en todos sus \u00e1mbitos donde logr\u00f3 generar alianzas, tuvo sus adversarios pol\u00edticos m\u00e1s no enemigos. Pero principalmente el mayor recuerdo que existe es el de la persona, como un buen hombre, justo, capaz de ense\u00f1ar y sacar adelante a la comuna. Una conmemoraci\u00f3n que se la deb\u00edamos a Juan Carlos Castillo, adem\u00e1s con esta preciosa obra sobre Gabriela Mistral que yo creo que es el corolario para reconocer un hombre justo como \u00e9l\u201d manifest\u00f3.<\/p>\n","protected":false},"excerpt":{"rendered":"<p>La ceremonia se llev\u00f3 a cabo en el marco del sexto aniversario del fallecimiento de quien fuera profesor y alcalde de la comuna de los valles generosos por 24 a\u00f1os. M\u00e1s de 200 personas se dieron cita en el Centro Cultural Huayquilonko de Monte Patria, el pasado domingo, para rendir un sentido y emotivo homenaje &#8230;<\/p>\n","protected":false},"author":2,"featured_media":8327,"comment_status":"open","ping_status":"open","sticky":false,"template":"","format":"standard","meta":{"footnotes":""},"categories":[5],"tags":[],"class_list":["post-8326","post","type-post","status-publish","format-standard","has-post-thumbnail","hentry","category-actualidad-limarina"],"_links":{"self":[{"href":"https:\/\/www.radiolimari.cl\/index.php?rest_route=\/wp\/v2\/posts\/8326","targetHints":{"allow":["GET"]}}],"collection":[{"href":"https:\/\/www.radiolimari.cl\/index.php?rest_route=\/wp\/v2\/posts"}],"about":[{"href":"https:\/\/www.radiolimari.cl\/index.php?rest_route=\/wp\/v2\/types\/post"}],"author":[{"embeddable":true,"href":"https:\/\/www.radiolimari.cl\/index.php?rest_route=\/wp\/v2\/users\/2"}],"replies":[{"embeddable":true,"href":"https:\/\/www.radiolimari.cl\/index.php?rest_route=%2Fwp%2Fv2%2Fcomments&post=8326"}],"version-history":[{"count":1,"href":"https:\/\/www.radiolimari.cl\/index.php?rest_route=\/wp\/v2\/posts\/8326\/revisions"}],"predecessor-version":[{"id":8328,"href":"https:\/\/www.radiolimari.cl\/index.php?rest_route=\/wp\/v2\/posts\/8326\/revisions\/8328"}],"wp:featuredmedia":[{"embeddable":true,"href":"https:\/\/www.radiolimari.cl\/index.php?rest_route=\/wp\/v2\/media\/8327"}],"wp:attachment":[{"href":"https:\/\/www.radiolimari.cl\/index.php?rest_route=%2Fwp%2Fv2%2Fmedia&parent=8326"}],"wp:term":[{"taxonomy":"category","embeddable":true,"href":"https:\/\/www.radiolimari.cl\/index.php?rest_route=%2Fwp%2Fv2%2Fcategories&post=8326"},{"taxonomy":"post_tag","embeddable":true,"href":"https:\/\/www.radiolimari.cl\/index.php?rest_route=%2Fwp%2Fv2%2Ftags&post=8326"}],"curies":[{"name":"wp","href":"https:\/\/api.w.org\/{rel}","templated":true}]}}