{"id":8320,"date":"2023-01-09T14:23:45","date_gmt":"2023-01-09T14:23:45","guid":{"rendered":"https:\/\/www.radiolimari.cl\/?p=8320"},"modified":"2023-01-09T14:23:45","modified_gmt":"2023-01-09T14:23:45","slug":"abrio-sus-puertas-el-parque-acuatico-los-penones-en-ovalle","status":"publish","type":"post","link":"https:\/\/www.radiolimari.cl\/?p=8320","title":{"rendered":"<strong>Abri\u00f3 sus puertas el Parque Acu\u00e1tico Los Pe\u00f1ones en Ovalle<\/strong>"},"content":{"rendered":"\n<figure class=\"wp-block-image size-large\"><a href=\"https:\/\/www.radiolimari.cl\/wp-content\/uploads\/2023\/01\/Parque-Acuatico-Los-Penones-2023-1-scaled.jpg\"><img fetchpriority=\"high\" decoding=\"async\" width=\"1024\" height=\"768\" src=\"https:\/\/www.radiolimari.cl\/wp-content\/uploads\/2023\/01\/Parque-Acuatico-Los-Penones-2023-1-1024x768.jpg\" alt=\"\" class=\"wp-image-8321\" srcset=\"https:\/\/www.radiolimari.cl\/wp-content\/uploads\/2023\/01\/Parque-Acuatico-Los-Penones-2023-1-1024x768.jpg 1024w, https:\/\/www.radiolimari.cl\/wp-content\/uploads\/2023\/01\/Parque-Acuatico-Los-Penones-2023-1-300x225.jpg 300w, https:\/\/www.radiolimari.cl\/wp-content\/uploads\/2023\/01\/Parque-Acuatico-Los-Penones-2023-1-768x576.jpg 768w, https:\/\/www.radiolimari.cl\/wp-content\/uploads\/2023\/01\/Parque-Acuatico-Los-Penones-2023-1-1536x1152.jpg 1536w, https:\/\/www.radiolimari.cl\/wp-content\/uploads\/2023\/01\/Parque-Acuatico-Los-Penones-2023-1-2048x1536.jpg 2048w\" sizes=\"(max-width: 1024px) 100vw, 1024px\" \/><\/a><figcaption class=\"wp-element-caption\"><strong><em>La iniciativa municipal permitir\u00e1 que ni\u00f1os y ni\u00f1as, de entre 3 y 17 a\u00f1os, puedan disfrutar de amplias piscinas, de forma gratuita. El recinto, que cuenta con salvavidas y monitores, estar\u00e1 disponible de martes a domingo, de 14.00 a 19.00 horas.<\/em><\/strong> <\/figcaption><\/figure>\n\n\n\n<p>Una entretenida alternativa tendr\u00e1n las familias ovallinas para capear las altas temperaturas veraniegas. Se trata del Parque Acu\u00e1tico Los Pe\u00f1ones, iniciativa del municipio de Ovalle, a trav\u00e9s del departamento de Fomento Productivo, que estar\u00e1 disponible durante toda la temporada estival, en el Parque Recreacional Los Pe\u00f1ones.<\/p>\n\n\n\n<p>El recinto, que funcionar\u00e1 de martes a domingo de 14.00 a 19.00 horas, cuenta toboganes y &nbsp;tres piscinas de 10&#215;10 metros, las cuales est\u00e1n diferenciadas para su funcionamiento y seguridad de los ba\u00f1istas. La piscina 1 estar\u00e1 habilitada para j\u00f3venes de entre 13 y 17 a\u00f1os. La piscina 2 estar\u00e1 disponible para ni\u00f1os y ni\u00f1as de entre 3 y 7 a\u00f1os y la piscina 3 podr\u00e1 ser ocupada por ni\u00f1os y ni\u00f1as de entre los 8 y 12 a\u00f1os. El lugar cuenta con monitores y salvavidas, quienes estar\u00e1n a cargo de la seguridad de quienes ocupen las dependencias, con el fin de evitar cualquier tipo de accidentes.<\/p>\n\n\n\n<p>Uno de los participantes fue Jorge Rodr\u00edguez, de 14 a\u00f1os, indic\u00f3 que \u201ces muy entretenido. Hace unos a\u00f1os, cuando estaba m\u00e1s chico, igual ven\u00eda y siempre la pas\u00e9 bien porque vengo con amigos y esto ayuda para refrescarse\u201d. Asimismo, Francisca Ormaz\u00e1bal, de 13 a\u00f1os, se\u00f1al\u00f3 que \u201ctodo es muy bueno, porque son piscinas grandes que muchos podemos disfrutar en el verano. Ojal\u00e1 que siempre abran estas piscinas para nosotros\u201d.<\/p>\n\n\n\n<p>El alcalde suplente de Ovalle, Jonathan Acu\u00f1a, quien comparti\u00f3 con los primeros participantes del Parque Acu\u00e1tico Los Pe\u00f1ones mostr\u00f3 su felicidad, puesto que \u201cestamos abriendo espacios para la recreaci\u00f3n, principalmente, para los ni\u00f1os y ni\u00f1as. Creemos que en una situaci\u00f3n econ\u00f3mica complicada para la comuna y el pa\u00eds, esta iniciativa se convierte en una tremenda alternativa para que muchas familias puedan disfrutar del verano a nivel local y de forma gratuita\u201d.<\/p>\n\n\n\n<p>En las dependencias est\u00e1 prohibido correr, fumar y beber alcohol. El encargado del departamento de Fomento Productivo, Eric Castro sostuvo que \u201ces esencial que las personas que asistan respeten a los monitores y al personal que se encuentra a cargo y cuiden el lugar, porque de esta forma mantendremos un orden y evitaremos cualquier tipo de inconveniente, porque nuestra idea es que ni\u00f1os, ni\u00f1as y j\u00f3venes disfruten en un ambiente de diversi\u00f3n, luego de dos a\u00f1os que no se desarroll\u00f3 esta iniciativa municipal\u201d. &nbsp;<\/p>\n\n\n\n<p>Los d\u00edas lunes las dependencias estar\u00e1n cerradas, ya que estar\u00e1n destinados al proceso de mantenci\u00f3n.<\/p>\n","protected":false},"excerpt":{"rendered":"<p>Una entretenida alternativa tendr\u00e1n las familias ovallinas para capear las altas temperaturas veraniegas. Se trata del Parque Acu\u00e1tico Los Pe\u00f1ones, iniciativa del municipio de Ovalle, a trav\u00e9s del departamento de Fomento Productivo, que estar\u00e1 disponible durante toda la temporada estival, en el Parque Recreacional Los Pe\u00f1ones. El recinto, que funcionar\u00e1 de martes a domingo de &#8230;<\/p>\n","protected":false},"author":2,"featured_media":8321,"comment_status":"open","ping_status":"open","sticky":false,"template":"","format":"standard","meta":{"footnotes":""},"categories":[5],"tags":[],"class_list":["post-8320","post","type-post","status-publish","format-standard","has-post-thumbnail","hentry","category-actualidad-limarina"],"_links":{"self":[{"href":"https:\/\/www.radiolimari.cl\/index.php?rest_route=\/wp\/v2\/posts\/8320","targetHints":{"allow":["GET"]}}],"collection":[{"href":"https:\/\/www.radiolimari.cl\/index.php?rest_route=\/wp\/v2\/posts"}],"about":[{"href":"https:\/\/www.radiolimari.cl\/index.php?rest_route=\/wp\/v2\/types\/post"}],"author":[{"embeddable":true,"href":"https:\/\/www.radiolimari.cl\/index.php?rest_route=\/wp\/v2\/users\/2"}],"replies":[{"embeddable":true,"href":"https:\/\/www.radiolimari.cl\/index.php?rest_route=%2Fwp%2Fv2%2Fcomments&post=8320"}],"version-history":[{"count":1,"href":"https:\/\/www.radiolimari.cl\/index.php?rest_route=\/wp\/v2\/posts\/8320\/revisions"}],"predecessor-version":[{"id":8322,"href":"https:\/\/www.radiolimari.cl\/index.php?rest_route=\/wp\/v2\/posts\/8320\/revisions\/8322"}],"wp:featuredmedia":[{"embeddable":true,"href":"https:\/\/www.radiolimari.cl\/index.php?rest_route=\/wp\/v2\/media\/8321"}],"wp:attachment":[{"href":"https:\/\/www.radiolimari.cl\/index.php?rest_route=%2Fwp%2Fv2%2Fmedia&parent=8320"}],"wp:term":[{"taxonomy":"category","embeddable":true,"href":"https:\/\/www.radiolimari.cl\/index.php?rest_route=%2Fwp%2Fv2%2Fcategories&post=8320"},{"taxonomy":"post_tag","embeddable":true,"href":"https:\/\/www.radiolimari.cl\/index.php?rest_route=%2Fwp%2Fv2%2Ftags&post=8320"}],"curies":[{"name":"wp","href":"https:\/\/api.w.org\/{rel}","templated":true}]}}