{"id":8317,"date":"2023-01-05T17:19:52","date_gmt":"2023-01-05T17:19:52","guid":{"rendered":"https:\/\/www.radiolimari.cl\/?p=8317"},"modified":"2023-01-05T17:19:52","modified_gmt":"2023-01-05T17:19:52","slug":"probables-tormentas-electricas-y-precipitaciones-en-la-region-de-coquimbo","status":"publish","type":"post","link":"https:\/\/www.radiolimari.cl\/?p=8317","title":{"rendered":"<strong>Probables tormentas el\u00e9ctricas y precipitaciones en la Regi\u00f3n de Coquimbo.<\/strong>"},"content":{"rendered":"\n<figure class=\"wp-block-image size-large\"><a href=\"https:\/\/www.radiolimari.cl\/wp-content\/uploads\/2023\/01\/IMG_20230105_141041915_HDR-scaled.jpg\"><img fetchpriority=\"high\" decoding=\"async\" width=\"1024\" height=\"576\" src=\"https:\/\/www.radiolimari.cl\/wp-content\/uploads\/2023\/01\/IMG_20230105_141041915_HDR-1024x576.jpg\" alt=\"\" class=\"wp-image-8318\" srcset=\"https:\/\/www.radiolimari.cl\/wp-content\/uploads\/2023\/01\/IMG_20230105_141041915_HDR-1024x576.jpg 1024w, https:\/\/www.radiolimari.cl\/wp-content\/uploads\/2023\/01\/IMG_20230105_141041915_HDR-300x169.jpg 300w, https:\/\/www.radiolimari.cl\/wp-content\/uploads\/2023\/01\/IMG_20230105_141041915_HDR-768x432.jpg 768w, https:\/\/www.radiolimari.cl\/wp-content\/uploads\/2023\/01\/IMG_20230105_141041915_HDR-1536x864.jpg 1536w, https:\/\/www.radiolimari.cl\/wp-content\/uploads\/2023\/01\/IMG_20230105_141041915_HDR-2048x1152.jpg 2048w\" sizes=\"(max-width: 1024px) 100vw, 1024px\" \/><\/a><figcaption class=\"wp-element-caption\">Se espera el desarrollo de probables tormentas el\u00e9ctricas en la Regi\u00f3n de Coquimbo entre los d\u00edas viernes 06 y lunes 09 de enero, principalmente en sectores de precordillera y cordillera de las provincias de Elqui, Limar\u00ed, y Choapa. <\/figcaption><\/figure>\n\n\n\n<p>Se espera el desarrollo de probables tormentas el\u00e9ctricas en la Regi\u00f3n de Coquimbo entre los d\u00edas viernes 06 y lunes 09 de enero, principalmente en sectores de precordillera y cordillera de las provincias de Elqui, Limar\u00ed, y Choapa.<br><br>Estas tormentas el\u00e9ctricas se desarrollar\u00edan preferentemente durante la tarde-noche de los d\u00edas se\u00f1alados. Adem\u00e1s, se espera una precipitaci\u00f3n acumulada menor a 10mm en precordillera y cordillera de todo el tramo y hasta 5mm de lluvia acumulada en valles interiores de toda la regi\u00f3n.<\/p>\n\n\n\n<p><br>El evento tiene su origen en el desarrollo de convecci\u00f3n sobre la cordillera. Se recomienda tomar las precauciones pertinentes.<br><br>Para mayor detalle del pron\u00f3stico por localidad, visite la p\u00e1gina <a href=\"http:\/\/www.ceazamet.cl\/\" target=\"_blank\" rel=\"noreferrer noopener\">www.ceazamet.cl<\/a><\/p>\n","protected":false},"excerpt":{"rendered":"<p>Se espera el desarrollo de probables tormentas el\u00e9ctricas en la Regi\u00f3n de Coquimbo entre los d\u00edas viernes 06 y lunes 09 de enero, principalmente en sectores de precordillera y cordillera de las provincias de Elqui, Limar\u00ed, y Choapa. Estas tormentas el\u00e9ctricas se desarrollar\u00edan preferentemente durante la tarde-noche de los d\u00edas se\u00f1alados. Adem\u00e1s, se espera una &#8230;<\/p>\n","protected":false},"author":2,"featured_media":8318,"comment_status":"open","ping_status":"open","sticky":false,"template":"","format":"standard","meta":{"footnotes":""},"categories":[6],"tags":[],"class_list":["post-8317","post","type-post","status-publish","format-standard","has-post-thumbnail","hentry","category-regionales"],"_links":{"self":[{"href":"https:\/\/www.radiolimari.cl\/index.php?rest_route=\/wp\/v2\/posts\/8317","targetHints":{"allow":["GET"]}}],"collection":[{"href":"https:\/\/www.radiolimari.cl\/index.php?rest_route=\/wp\/v2\/posts"}],"about":[{"href":"https:\/\/www.radiolimari.cl\/index.php?rest_route=\/wp\/v2\/types\/post"}],"author":[{"embeddable":true,"href":"https:\/\/www.radiolimari.cl\/index.php?rest_route=\/wp\/v2\/users\/2"}],"replies":[{"embeddable":true,"href":"https:\/\/www.radiolimari.cl\/index.php?rest_route=%2Fwp%2Fv2%2Fcomments&post=8317"}],"version-history":[{"count":1,"href":"https:\/\/www.radiolimari.cl\/index.php?rest_route=\/wp\/v2\/posts\/8317\/revisions"}],"predecessor-version":[{"id":8319,"href":"https:\/\/www.radiolimari.cl\/index.php?rest_route=\/wp\/v2\/posts\/8317\/revisions\/8319"}],"wp:featuredmedia":[{"embeddable":true,"href":"https:\/\/www.radiolimari.cl\/index.php?rest_route=\/wp\/v2\/media\/8318"}],"wp:attachment":[{"href":"https:\/\/www.radiolimari.cl\/index.php?rest_route=%2Fwp%2Fv2%2Fmedia&parent=8317"}],"wp:term":[{"taxonomy":"category","embeddable":true,"href":"https:\/\/www.radiolimari.cl\/index.php?rest_route=%2Fwp%2Fv2%2Fcategories&post=8317"},{"taxonomy":"post_tag","embeddable":true,"href":"https:\/\/www.radiolimari.cl\/index.php?rest_route=%2Fwp%2Fv2%2Ftags&post=8317"}],"curies":[{"name":"wp","href":"https:\/\/api.w.org\/{rel}","templated":true}]}}