{"id":8311,"date":"2023-01-04T16:50:27","date_gmt":"2023-01-04T16:50:27","guid":{"rendered":"https:\/\/www.radiolimari.cl\/?p=8311"},"modified":"2023-01-04T16:50:28","modified_gmt":"2023-01-04T16:50:28","slug":"tribunal-de-ovalle-condena-a-8-anos-de-presidio-a-autor-de-homicidio-en-localidad-cordillerana-de-monte-patria","status":"publish","type":"post","link":"https:\/\/www.radiolimari.cl\/?p=8311","title":{"rendered":"Tribunal  de Ovalle condena a 8 a\u00f1os de presidio a autor de homicidio en localidad cordillerana de Monte Patria"},"content":{"rendered":"\n<figure class=\"wp-block-image size-large\"><a href=\"https:\/\/www.radiolimari.cl\/wp-content\/uploads\/2023\/01\/4.1-top-ovalle1.jpg\"><img fetchpriority=\"high\" decoding=\"async\" width=\"1024\" height=\"768\" src=\"https:\/\/www.radiolimari.cl\/wp-content\/uploads\/2023\/01\/4.1-top-ovalle1-1024x768.jpg\" alt=\"\" class=\"wp-image-8312\" srcset=\"https:\/\/www.radiolimari.cl\/wp-content\/uploads\/2023\/01\/4.1-top-ovalle1-1024x768.jpg 1024w, https:\/\/www.radiolimari.cl\/wp-content\/uploads\/2023\/01\/4.1-top-ovalle1-300x225.jpg 300w, https:\/\/www.radiolimari.cl\/wp-content\/uploads\/2023\/01\/4.1-top-ovalle1-768x576.jpg 768w, https:\/\/www.radiolimari.cl\/wp-content\/uploads\/2023\/01\/4.1-top-ovalle1.jpg 1280w\" sizes=\"(max-width: 1024px) 100vw, 1024px\" \/><\/a><\/figure>\n\n\n\n<p>El Tribunal de Juicio Oral en lo Penal de Ovalle conden\u00f3 a R.J.C.M. a la pena de 8 a\u00f1os de presidio efectivo, en calidad de autor del delito consumado de homicidio. Il\u00edcito perpetrado en la comuna de Monte Patria, en febrero de 2021.<\/p>\n\n\n\n<p>El Tribunal de Juicio Oral en lo Penal de Ovalle conden\u00f3 a R.J.C.M. a la pena de 8 a\u00f1os de presidio efectivo, en calidad de autor del delito consumado de homicidio. Il\u00edcito perpetrado en la comuna de Monte Patria, en febrero de 2021.<\/p>\n","protected":false},"excerpt":{"rendered":"<p>El Tribunal de Juicio Oral en lo Penal de Ovalle conden\u00f3 a R.J.C.M. a la pena de 8 a\u00f1os de presidio efectivo, en calidad de autor del delito consumado de homicidio. Il\u00edcito perpetrado en la comuna de Monte Patria, en febrero de 2021. El Tribunal de Juicio Oral en lo Penal de Ovalle conden\u00f3 a &#8230;<\/p>\n","protected":false},"author":2,"featured_media":8312,"comment_status":"open","ping_status":"open","sticky":false,"template":"","format":"standard","meta":{"footnotes":""},"categories":[5],"tags":[],"class_list":["post-8311","post","type-post","status-publish","format-standard","has-post-thumbnail","hentry","category-actualidad-limarina"],"_links":{"self":[{"href":"https:\/\/www.radiolimari.cl\/index.php?rest_route=\/wp\/v2\/posts\/8311","targetHints":{"allow":["GET"]}}],"collection":[{"href":"https:\/\/www.radiolimari.cl\/index.php?rest_route=\/wp\/v2\/posts"}],"about":[{"href":"https:\/\/www.radiolimari.cl\/index.php?rest_route=\/wp\/v2\/types\/post"}],"author":[{"embeddable":true,"href":"https:\/\/www.radiolimari.cl\/index.php?rest_route=\/wp\/v2\/users\/2"}],"replies":[{"embeddable":true,"href":"https:\/\/www.radiolimari.cl\/index.php?rest_route=%2Fwp%2Fv2%2Fcomments&post=8311"}],"version-history":[{"count":1,"href":"https:\/\/www.radiolimari.cl\/index.php?rest_route=\/wp\/v2\/posts\/8311\/revisions"}],"predecessor-version":[{"id":8313,"href":"https:\/\/www.radiolimari.cl\/index.php?rest_route=\/wp\/v2\/posts\/8311\/revisions\/8313"}],"wp:featuredmedia":[{"embeddable":true,"href":"https:\/\/www.radiolimari.cl\/index.php?rest_route=\/wp\/v2\/media\/8312"}],"wp:attachment":[{"href":"https:\/\/www.radiolimari.cl\/index.php?rest_route=%2Fwp%2Fv2%2Fmedia&parent=8311"}],"wp:term":[{"taxonomy":"category","embeddable":true,"href":"https:\/\/www.radiolimari.cl\/index.php?rest_route=%2Fwp%2Fv2%2Fcategories&post=8311"},{"taxonomy":"post_tag","embeddable":true,"href":"https:\/\/www.radiolimari.cl\/index.php?rest_route=%2Fwp%2Fv2%2Ftags&post=8311"}],"curies":[{"name":"wp","href":"https:\/\/api.w.org\/{rel}","templated":true}]}}