{"id":8300,"date":"2022-12-31T15:53:59","date_gmt":"2022-12-31T15:53:59","guid":{"rendered":"https:\/\/www.radiolimari.cl\/?p=8300"},"modified":"2022-12-31T15:53:59","modified_gmt":"2022-12-31T15:53:59","slug":"condenan-agresiones-de-pacientes-a-funcionarios-del-hospital-de-ovalle","status":"publish","type":"post","link":"https:\/\/www.radiolimari.cl\/?p=8300","title":{"rendered":"<strong>Condenan agresiones de pacientes a funcionarios del Hospital de Ovalle<\/strong>"},"content":{"rendered":"\n<figure class=\"wp-block-image size-large\"><a href=\"https:\/\/www.radiolimari.cl\/wp-content\/uploads\/2022\/12\/Unidad-de-emergencia-Hospital-de-Ovalle-2.jpeg\"><img fetchpriority=\"high\" decoding=\"async\" width=\"1024\" height=\"576\" src=\"https:\/\/www.radiolimari.cl\/wp-content\/uploads\/2022\/12\/Unidad-de-emergencia-Hospital-de-Ovalle-2-1024x576.jpeg\" alt=\"\" class=\"wp-image-8301\" srcset=\"https:\/\/www.radiolimari.cl\/wp-content\/uploads\/2022\/12\/Unidad-de-emergencia-Hospital-de-Ovalle-2-1024x576.jpeg 1024w, https:\/\/www.radiolimari.cl\/wp-content\/uploads\/2022\/12\/Unidad-de-emergencia-Hospital-de-Ovalle-2-300x169.jpeg 300w, https:\/\/www.radiolimari.cl\/wp-content\/uploads\/2022\/12\/Unidad-de-emergencia-Hospital-de-Ovalle-2-768x432.jpeg 768w, https:\/\/www.radiolimari.cl\/wp-content\/uploads\/2022\/12\/Unidad-de-emergencia-Hospital-de-Ovalle-2-1536x864.jpeg 1536w, https:\/\/www.radiolimari.cl\/wp-content\/uploads\/2022\/12\/Unidad-de-emergencia-Hospital-de-Ovalle-2.jpeg 1600w\" sizes=\"(max-width: 1024px) 100vw, 1024px\" \/><\/a><figcaption class=\"wp-element-caption\"><strong><em>En el mes de diciembre, se han registrado dos hechos de violencia hacia el personal de la urgencia del principal recinto de salud de Limari<\/em><\/strong>.<em>\u00a0<\/em> <\/figcaption><\/figure>\n\n\n\n<p>Una condena transversal por parte de las autoridades de salud, recibieron las agresiones a los trabajadores de la Urgencia del Hospital de Ovalle, situaciones que cada d\u00eda est\u00e1n siendo m\u00e1s frecuentes en la regi\u00f3n y en todo el pa\u00eds. Se trata de golpes que recibi\u00f3 un kinesi\u00f3logo el 14 de diciembre y una serie de amenazas propiciadas por un usuario el martes pasado, por lo que desde la red p\u00fablica de salud, hicieron un llamado a generar un ambiente de buen trato mutuo a la hora de consultar.&nbsp; &nbsp;<\/p>\n\n\n\n<p>Sergio Ansieta, Jefe del Departamento Jur\u00eddico y Director (s) del Servicio de Salud Coquimbo, fue categ\u00f3rico al respecto, se\u00f1alando que \u201cestas personas que agreden a los funcionarios, particularmente de los servicios de urgencia, no van a quedar impunes, porque estas agresiones, tanto las amenazas como las agresiones f\u00edsicas, est\u00e1n siendo condenadas hoy en d\u00eda por los Tribunales de Justicia\u201d.<\/p>\n\n\n\n<p>Y es que seg\u00fan informaron desde la instituci\u00f3n, en lo que va del a\u00f1o se han registrado diversas agresiones al personal cl\u00ednico de los hospitales y atenci\u00f3n primaria, de las cuales se han logrado in\u00e9ditas condenas para los agresores, sancionados por la ley 21.188. Legislaci\u00f3n promulgada el a\u00f1o 2019 y que endurece las penas para quienes comentan acciones violentas hacia trabajadores de recintos asistenciales.&nbsp;<\/p>\n\n\n\n<p>El Director (s) del Servicio de Salud Coquimbo explic\u00f3 que debido a esta modificaci\u00f3n del C\u00f3digo Penal \u201cpuedo decir que precisamente este a\u00f1o se obtuvieron las primeras condenas por agresiones en funcionarios de la salud, en el Hospital de Salamanca. Estas fueron sanciones que se aplicaron a personas que agredieron al personal, de tal forma que es importante enfatizar que estos hechos hoy no quedan impunes\u201d.<\/p>\n\n\n\n<p>En tanto, el Dr. Jorge Guti\u00e9rrez, director del Hospital Provincial de Ovalle, enfatiz\u00f3 en que \u201ccondenamos los hechos de violencia a los cuales han sido expuestos nuestros funcionarios. Esto no puede seguir pasando, ya que nosotros estamos aqu\u00ed para cuidar de las personas con problemas de salud y para ello, debemos dejar en claro que en este y en todos los servicios de urgencia del pa\u00eds, no se atiende a las personas por orden de llegada, si no que por la gravedad de su condici\u00f3n, priorizando los recursos siempre para quienes est\u00e1n pasando por una situaci\u00f3n de riesgo vital o que pueda generar secuelas de por vida a un paciente\u201d.<\/p>\n\n\n\n<p>Cabe indicar que el martes 27 de diciembre otra funcionaria, que se desempe\u00f1a como orientadora en la Unidad de Emergencias, recibi\u00f3 amenazas por parte de un paciente que consult\u00f3 en el recinto<\/p>\n\n\n\n<p>El Dr. Guti\u00e9rrez, se\u00f1al\u00f3 que \u201ctenemos que poner freno a los hechos de violencia y propender a convivir sanamente entre todos, a veces los pacientes creen que los diagn\u00f3sticos y las atenciones de salud son autom\u00e1ticas e inmediatas, y eso no es as\u00ed, el personal cl\u00ednico sigue protocolos de altos est\u00e1ndares de calidad y que requieren su tiempo para que sean precisos, sobre todo si se refiere a casos de real gravedad o riesgo vital, es por ello, que pedimos a la comunidad que conf\u00ede y respete a los funcionarios del hospital, porque nuestra misi\u00f3n aqu\u00ed es salvar vidas haciendo nuestro mayor esfuerzo siempre\u201d.<\/p>\n","protected":false},"excerpt":{"rendered":"<p>Una condena transversal por parte de las autoridades de salud, recibieron las agresiones a los trabajadores de la Urgencia del Hospital de Ovalle, situaciones que cada d\u00eda est\u00e1n siendo m\u00e1s frecuentes en la regi\u00f3n y en todo el pa\u00eds. Se trata de golpes que recibi\u00f3 un kinesi\u00f3logo el 14 de diciembre y una serie de &#8230;<\/p>\n","protected":false},"author":2,"featured_media":8301,"comment_status":"open","ping_status":"open","sticky":false,"template":"","format":"standard","meta":{"footnotes":""},"categories":[6],"tags":[],"class_list":["post-8300","post","type-post","status-publish","format-standard","has-post-thumbnail","hentry","category-regionales"],"_links":{"self":[{"href":"https:\/\/www.radiolimari.cl\/index.php?rest_route=\/wp\/v2\/posts\/8300","targetHints":{"allow":["GET"]}}],"collection":[{"href":"https:\/\/www.radiolimari.cl\/index.php?rest_route=\/wp\/v2\/posts"}],"about":[{"href":"https:\/\/www.radiolimari.cl\/index.php?rest_route=\/wp\/v2\/types\/post"}],"author":[{"embeddable":true,"href":"https:\/\/www.radiolimari.cl\/index.php?rest_route=\/wp\/v2\/users\/2"}],"replies":[{"embeddable":true,"href":"https:\/\/www.radiolimari.cl\/index.php?rest_route=%2Fwp%2Fv2%2Fcomments&post=8300"}],"version-history":[{"count":1,"href":"https:\/\/www.radiolimari.cl\/index.php?rest_route=\/wp\/v2\/posts\/8300\/revisions"}],"predecessor-version":[{"id":8302,"href":"https:\/\/www.radiolimari.cl\/index.php?rest_route=\/wp\/v2\/posts\/8300\/revisions\/8302"}],"wp:featuredmedia":[{"embeddable":true,"href":"https:\/\/www.radiolimari.cl\/index.php?rest_route=\/wp\/v2\/media\/8301"}],"wp:attachment":[{"href":"https:\/\/www.radiolimari.cl\/index.php?rest_route=%2Fwp%2Fv2%2Fmedia&parent=8300"}],"wp:term":[{"taxonomy":"category","embeddable":true,"href":"https:\/\/www.radiolimari.cl\/index.php?rest_route=%2Fwp%2Fv2%2Fcategories&post=8300"},{"taxonomy":"post_tag","embeddable":true,"href":"https:\/\/www.radiolimari.cl\/index.php?rest_route=%2Fwp%2Fv2%2Ftags&post=8300"}],"curies":[{"name":"wp","href":"https:\/\/api.w.org\/{rel}","templated":true}]}}