{"id":8297,"date":"2022-12-31T15:44:37","date_gmt":"2022-12-31T15:44:37","guid":{"rendered":"https:\/\/www.radiolimari.cl\/?p=8297"},"modified":"2022-12-31T15:44:38","modified_gmt":"2022-12-31T15:44:38","slug":"robo-de-camaras-de-seguridad-en-centro-comunitario-de-rehabilitacion-de-monte-patria","status":"publish","type":"post","link":"https:\/\/www.radiolimari.cl\/?p=8297","title":{"rendered":"<strong>Robo de c\u00e1maras de seguridad en Centro Comunitario de Rehabilitaci\u00f3n de Monte Patria<\/strong>"},"content":{"rendered":"\n<figure class=\"wp-block-image size-large\"><a href=\"https:\/\/www.radiolimari.cl\/wp-content\/uploads\/2022\/12\/WhatsApp-Image-2022-12-30-at-4.06.40-PM-3.jpg\"><img fetchpriority=\"high\" decoding=\"async\" width=\"576\" height=\"1024\" src=\"https:\/\/www.radiolimari.cl\/wp-content\/uploads\/2022\/12\/WhatsApp-Image-2022-12-30-at-4.06.40-PM-3-576x1024.jpg\" alt=\"\" class=\"wp-image-8298\" srcset=\"https:\/\/www.radiolimari.cl\/wp-content\/uploads\/2022\/12\/WhatsApp-Image-2022-12-30-at-4.06.40-PM-3-576x1024.jpg 576w, https:\/\/www.radiolimari.cl\/wp-content\/uploads\/2022\/12\/WhatsApp-Image-2022-12-30-at-4.06.40-PM-3-169x300.jpg 169w, https:\/\/www.radiolimari.cl\/wp-content\/uploads\/2022\/12\/WhatsApp-Image-2022-12-30-at-4.06.40-PM-3-768x1365.jpg 768w, https:\/\/www.radiolimari.cl\/wp-content\/uploads\/2022\/12\/WhatsApp-Image-2022-12-30-at-4.06.40-PM-3-864x1536.jpg 864w, https:\/\/www.radiolimari.cl\/wp-content\/uploads\/2022\/12\/WhatsApp-Image-2022-12-30-at-4.06.40-PM-3.jpg 900w\" sizes=\"(max-width: 576px) 100vw, 576px\" \/><\/a><figcaption class=\"wp-element-caption\">En la madrugada de este viernes 30 de diciembre, el Centro Comunitario de Rehabilitaci\u00f3n (CCR) de Monte Patria fue v\u00edctima de un robo, en el cual al menos un individuo logr\u00f3 ingresar al patrio del recinto, logrando sustraer 3 c\u00e1maras de televigilancia de establecimiento. <\/figcaption><\/figure>\n\n\n\n<p>El hecho fue advertido por el guardia que se encontraba de curso, realizando en el momento, el resguardo de toda evidencia posible. Durante el medio d\u00eda de la jornada del viernes 30 se realiz\u00f3 la denuncia frente a carabineros, la cual tuvo resultados eficaces; la c\u00e1mara de televigilancia habr\u00eda captado el rostro de quien fue el autor del delito, ordenando as\u00ed una detenci\u00f3n por parte de carabineros.<\/p>\n\n\n\n<p>El proceso continu\u00f3 con la detenci\u00f3n del sospechoso, quien adem\u00e1s ya sumaba otras causas de misma naturaleza; la evidencia de las im\u00e1genes de las c\u00e1maras de televigilancia, el relato del guardia y los funcionarios municipales, m\u00e1s el reporte de carabineros fueron remitidos al ministerio p\u00fablico para la respectiva investigaci\u00f3n.<\/p>\n\n\n\n<p>Desde la gesti\u00f3n local, Olga Barraza, administradora municipal y alcaldesa subrogante, destac\u00f3 el r\u00e1pido actuar de carabineros para este caso puntual, adem\u00e1s de relevar la importancia de este centro en el desarrollo de la comunidad, <strong>\u201cuna lamentable noticia con respecto a la situaci\u00f3n que ocurri\u00f3, el CCR es un centro de rehabilitaci\u00f3n que recibe a los usuarios de toda la comuna de Monte Patria, es s\u00faper importante su funcionamiento para el desarrollo comunal. Triste por el robo, pero alegres por la r\u00e1pida acci\u00f3n de carabineros, agradecer la disponibilidad de carabineros, la instituci\u00f3n ha demostrado su compromiso en este caso\u201d.<\/strong><\/p>\n\n\n\n<p>Recordar que el Centro Comunitario de Rehabilitaci\u00f3n, m\u00e1s conocido como CCR, es un espacio de tratamiento para personas con diversos tipos de discapacidad o afecciones de naturaleza f\u00edsica y psicosocial. Este centro cuenta con una dotaci\u00f3n de profesionales calificados para responder a las necesidades de sus usuarios, es de dependencia municipal y est\u00e1 al servicio de toda la comunidad.<\/p>\n\n\n\n<p>Por parte del municipio local, se espera no volver a vivir situaciones como estas, pues el da\u00f1o a la infraestructura p\u00fablica no solo perjudica los usuarios, sino m\u00e1s bien a toda una comunidad.<\/p>\n","protected":false},"excerpt":{"rendered":"<p>El hecho fue advertido por el guardia que se encontraba de curso, realizando en el momento, el resguardo de toda evidencia posible. Durante el medio d\u00eda de la jornada del viernes 30 se realiz\u00f3 la denuncia frente a carabineros, la cual tuvo resultados eficaces; la c\u00e1mara de televigilancia habr\u00eda captado el rostro de quien fue &#8230;<\/p>\n","protected":false},"author":2,"featured_media":8298,"comment_status":"open","ping_status":"open","sticky":false,"template":"","format":"standard","meta":{"footnotes":""},"categories":[5],"tags":[],"class_list":["post-8297","post","type-post","status-publish","format-standard","has-post-thumbnail","hentry","category-actualidad-limarina"],"_links":{"self":[{"href":"https:\/\/www.radiolimari.cl\/index.php?rest_route=\/wp\/v2\/posts\/8297","targetHints":{"allow":["GET"]}}],"collection":[{"href":"https:\/\/www.radiolimari.cl\/index.php?rest_route=\/wp\/v2\/posts"}],"about":[{"href":"https:\/\/www.radiolimari.cl\/index.php?rest_route=\/wp\/v2\/types\/post"}],"author":[{"embeddable":true,"href":"https:\/\/www.radiolimari.cl\/index.php?rest_route=\/wp\/v2\/users\/2"}],"replies":[{"embeddable":true,"href":"https:\/\/www.radiolimari.cl\/index.php?rest_route=%2Fwp%2Fv2%2Fcomments&post=8297"}],"version-history":[{"count":1,"href":"https:\/\/www.radiolimari.cl\/index.php?rest_route=\/wp\/v2\/posts\/8297\/revisions"}],"predecessor-version":[{"id":8299,"href":"https:\/\/www.radiolimari.cl\/index.php?rest_route=\/wp\/v2\/posts\/8297\/revisions\/8299"}],"wp:featuredmedia":[{"embeddable":true,"href":"https:\/\/www.radiolimari.cl\/index.php?rest_route=\/wp\/v2\/media\/8298"}],"wp:attachment":[{"href":"https:\/\/www.radiolimari.cl\/index.php?rest_route=%2Fwp%2Fv2%2Fmedia&parent=8297"}],"wp:term":[{"taxonomy":"category","embeddable":true,"href":"https:\/\/www.radiolimari.cl\/index.php?rest_route=%2Fwp%2Fv2%2Fcategories&post=8297"},{"taxonomy":"post_tag","embeddable":true,"href":"https:\/\/www.radiolimari.cl\/index.php?rest_route=%2Fwp%2Fv2%2Ftags&post=8297"}],"curies":[{"name":"wp","href":"https:\/\/api.w.org\/{rel}","templated":true}]}}