{"id":8288,"date":"2022-12-28T16:21:46","date_gmt":"2022-12-28T16:21:46","guid":{"rendered":"https:\/\/www.radiolimari.cl\/?p=8288"},"modified":"2022-12-28T16:21:48","modified_gmt":"2022-12-28T16:21:48","slug":"jonathan-acuna-asumio-como-alcalde-suplente-en-ovalle","status":"publish","type":"post","link":"https:\/\/www.radiolimari.cl\/?p=8288","title":{"rendered":"Jonathan Acu\u00f1a asumi\u00f3 como Alcalde suplente en Ovalle"},"content":{"rendered":"\n<figure class=\"wp-block-image size-full\"><a href=\"https:\/\/www.radiolimari.cl\/wp-content\/uploads\/2022\/12\/Asuncion-del-Alcalde-Suplente-1.jpeg\"><img fetchpriority=\"high\" decoding=\"async\" width=\"1023\" height=\"860\" src=\"https:\/\/www.radiolimari.cl\/wp-content\/uploads\/2022\/12\/Asuncion-del-Alcalde-Suplente-1.jpeg\" alt=\"\" class=\"wp-image-8289\" srcset=\"https:\/\/www.radiolimari.cl\/wp-content\/uploads\/2022\/12\/Asuncion-del-Alcalde-Suplente-1.jpeg 1023w, https:\/\/www.radiolimari.cl\/wp-content\/uploads\/2022\/12\/Asuncion-del-Alcalde-Suplente-1-300x252.jpeg 300w, https:\/\/www.radiolimari.cl\/wp-content\/uploads\/2022\/12\/Asuncion-del-Alcalde-Suplente-1-768x646.jpeg 768w\" sizes=\"(max-width: 1023px) 100vw, 1023px\" \/><\/a><\/figure>\n\n\n\n<p><strong><em>Los votos positivos de los concejales Fanny Vega, Cristian Rojas, Ricardo Rojas, Carlos Ramos y la auto votaci\u00f3n de Acu\u00f1a, permitieron que lograr\u00e1 la aprobaci\u00f3n y mayor\u00eda absoluta, para asumir el cargo hasta que se conozca la decisi\u00f3n definitiva del TRICEL en contra de Claudio Renter\u00eda. Cabe destacar, que en esta sesi\u00f3n estuvieron ausentes los ediles Nicol\u00e1s Aguirre y Gerald Castillo.<\/em><\/strong> <\/p>\n\n\n\n<p>El concejal Jonathan Acu\u00f1a asumi\u00f3 el cargo de Alcalde Suplente de Ovalle, luego de que en sesi\u00f3n extraordinaria del Concejo Municipal lograra la mayor\u00eda absoluta con la votaci\u00f3n positiva de cinco votos entregados por los concejales Fanny Vega, Cristian Rojas, Ricardo Rojas, Carlos Ramos y la autovotaci\u00f3n de Acu\u00f1a, quien&nbsp; estar\u00e1 al mando de la comuna de Ovalle hasta que se conozca la decisi\u00f3n definitiva del Tribunal Calificador de Elecciones (TRICEL), en contra de Claudio Renter\u00eda.<\/p>\n\n\n\n<p>La sesi\u00f3n extraordinaria del Concejo Municipal, que se llev\u00f3 a cabo en el Teatro Municipal, se inici\u00f3 con la lectura, por parte del Secretario Municipal Francisco Vega, de los incisos tercero y cuarto del art\u00edculos 62 de la Ley 18.695 Org\u00e1nica Constitucional de Municipalidades, donde se explic\u00f3 la elecci\u00f3n del Alcalde Suplente, luego de la suspensi\u00f3n de Claudio Renter\u00eda por parte del Tribunal Electoral Regional (TER).<\/p>\n\n\n\n<p>El proceso se realiz\u00f3 en orden de obtenci\u00f3n de votos en la \u00faltima elecci\u00f3n municipal. El primero en proceder fue Jonathan Acu\u00f1a, quien opt\u00f3 por la votaci\u00f3n por s\u00ed mismo y luego fue el turno de Carlos Ramos, Fanny Vega, Ricardo Rojas y Cristian Rojas, quienes tambi\u00e9n se inclinaron por Acu\u00f1a. Una de las situaciones inc\u00f3modas que vivi\u00f3 durante la jornada fue la ausencia de los concejales Gerald Castillo y Nicol\u00e1s Aguirre. En la ocasi\u00f3n, tambi\u00e9n no asisti\u00f3 Blas Araya, quien se encuentra con licencia m\u00e9dica. &nbsp;&nbsp;&nbsp;&nbsp;&nbsp;<\/p>\n\n\n\n<p>\u201cEste desaf\u00edo se asume con mucha humildad que es lo principal para una tarea tan compleja como es administrar una ciudad. He sido siempre abierto al di\u00e1logo a la conversaci\u00f3n y lo que espero es que junto con el concejo y con todos los funcionarios de la municipalidad podamos hacer grandes cosas e ir construyendo lo que ya se ha hecho y mejorando aquellas cosas que puedan tener algunas flaquezas, pero estoy confiado en que haremos un buen papel, hay mucho capital humano, muy bueno y creo que afrontarlo con responsabilidad y con cara a la comunidad es el mandato que tenemos\u201d sostuvo el alcalde suplente, Jonathan Acu\u00f1a.<\/p>\n\n\n\n<p>Con respecto, a la ausencia de los concejales Nicol\u00e1s Aguirre y Gerald Castillo, Acu\u00f1a sostuvo que \u201cen el caso particular de don Blas, \u00e9l present\u00f3 una licencia m\u00e9dica y me extra\u00f1a la ausencia de los otros dos concejales que en el d\u00eda de ayer (Martes) en sesi\u00f3n ordinaria estuvieron presentes, desconozco si presentaron una licencia m\u00e9dica, entiendo que no. Me hubiese gustado porque creo que eso le da m\u00e1s legitimidad al proceso y la importancia que significa la elecci\u00f3n de un nuevo alcalde, pero ellos tendr\u00e1n, en su oportunidad, el momento y el tiempo para poder responderle a la comunidad\u201d.<\/p>\n\n\n\n<p>Jonathan Acu\u00f1a es oriundo de la localidad de Uni\u00f3n Campesina, realiz\u00f3 sus estudios b\u00e1sicos en la escuela de dicha localidad y su educaci\u00f3n media la desarroll\u00f3 en el Liceo Bicentenario Alejandro \u00c1lvarez Jofr\u00e9 y posteriormente inici\u00f3 estudios de Derecho, los cuales dej\u00f3 paralizados para postularse como concejal de la comuna de Ovalle. Ha sido concejal por dos periodos consecutivos y en la segunda elecci\u00f3n fue el segundo edil con mayor votaci\u00f3n en la comuna. En la actualidad, se encuentra estudiando el \u00faltimo semestre de la carrera de Administraci\u00f3n P\u00fablica.<\/p>\n","protected":false},"excerpt":{"rendered":"<p>Los votos positivos de los concejales Fanny Vega, Cristian Rojas, Ricardo Rojas, Carlos Ramos y la auto votaci\u00f3n de Acu\u00f1a, permitieron que lograr\u00e1 la aprobaci\u00f3n y mayor\u00eda absoluta, para asumir el cargo hasta que se conozca la decisi\u00f3n definitiva del TRICEL en contra de Claudio Renter\u00eda. Cabe destacar, que en esta sesi\u00f3n estuvieron ausentes los &#8230;<\/p>\n","protected":false},"author":2,"featured_media":8289,"comment_status":"open","ping_status":"open","sticky":false,"template":"","format":"standard","meta":{"footnotes":""},"categories":[5],"tags":[],"class_list":["post-8288","post","type-post","status-publish","format-standard","has-post-thumbnail","hentry","category-actualidad-limarina"],"_links":{"self":[{"href":"https:\/\/www.radiolimari.cl\/index.php?rest_route=\/wp\/v2\/posts\/8288","targetHints":{"allow":["GET"]}}],"collection":[{"href":"https:\/\/www.radiolimari.cl\/index.php?rest_route=\/wp\/v2\/posts"}],"about":[{"href":"https:\/\/www.radiolimari.cl\/index.php?rest_route=\/wp\/v2\/types\/post"}],"author":[{"embeddable":true,"href":"https:\/\/www.radiolimari.cl\/index.php?rest_route=\/wp\/v2\/users\/2"}],"replies":[{"embeddable":true,"href":"https:\/\/www.radiolimari.cl\/index.php?rest_route=%2Fwp%2Fv2%2Fcomments&post=8288"}],"version-history":[{"count":1,"href":"https:\/\/www.radiolimari.cl\/index.php?rest_route=\/wp\/v2\/posts\/8288\/revisions"}],"predecessor-version":[{"id":8290,"href":"https:\/\/www.radiolimari.cl\/index.php?rest_route=\/wp\/v2\/posts\/8288\/revisions\/8290"}],"wp:featuredmedia":[{"embeddable":true,"href":"https:\/\/www.radiolimari.cl\/index.php?rest_route=\/wp\/v2\/media\/8289"}],"wp:attachment":[{"href":"https:\/\/www.radiolimari.cl\/index.php?rest_route=%2Fwp%2Fv2%2Fmedia&parent=8288"}],"wp:term":[{"taxonomy":"category","embeddable":true,"href":"https:\/\/www.radiolimari.cl\/index.php?rest_route=%2Fwp%2Fv2%2Fcategories&post=8288"},{"taxonomy":"post_tag","embeddable":true,"href":"https:\/\/www.radiolimari.cl\/index.php?rest_route=%2Fwp%2Fv2%2Ftags&post=8288"}],"curies":[{"name":"wp","href":"https:\/\/api.w.org\/{rel}","templated":true}]}}