{"id":8282,"date":"2022-12-27T16:36:12","date_gmt":"2022-12-27T16:36:12","guid":{"rendered":"https:\/\/www.radiolimari.cl\/?p=8282"},"modified":"2022-12-27T16:36:14","modified_gmt":"2022-12-27T16:36:14","slug":"ovalle-no-tendra-espectaculos-de-fuegos-artificiales-el-proximo-31-de-diciembre","status":"publish","type":"post","link":"https:\/\/www.radiolimari.cl\/?p=8282","title":{"rendered":"Ovalle NO tendr\u00e1 espect\u00e1culos de Fuegos Artificiales el pr\u00f3ximo 31 de diciembre"},"content":{"rendered":"\n<figure class=\"wp-block-image size-large\"><a href=\"https:\/\/www.radiolimari.cl\/wp-content\/uploads\/2022\/12\/Suspension-de-Fuegos-Artificiales-2022.jpg\"><img fetchpriority=\"high\" decoding=\"async\" width=\"1024\" height=\"683\" src=\"https:\/\/www.radiolimari.cl\/wp-content\/uploads\/2022\/12\/Suspension-de-Fuegos-Artificiales-2022-1024x683.jpg\" alt=\"\" class=\"wp-image-8283\" srcset=\"https:\/\/www.radiolimari.cl\/wp-content\/uploads\/2022\/12\/Suspension-de-Fuegos-Artificiales-2022-1024x683.jpg 1024w, https:\/\/www.radiolimari.cl\/wp-content\/uploads\/2022\/12\/Suspension-de-Fuegos-Artificiales-2022-300x200.jpg 300w, https:\/\/www.radiolimari.cl\/wp-content\/uploads\/2022\/12\/Suspension-de-Fuegos-Artificiales-2022-768x512.jpg 768w, https:\/\/www.radiolimari.cl\/wp-content\/uploads\/2022\/12\/Suspension-de-Fuegos-Artificiales-2022-1536x1024.jpg 1536w, https:\/\/www.radiolimari.cl\/wp-content\/uploads\/2022\/12\/Suspension-de-Fuegos-Artificiales-2022.jpg 2048w\" sizes=\"(max-width: 1024px) 100vw, 1024px\" \/><\/a><\/figure>\n\n\n\n<p><strong><em>As\u00ed fue determinado por la administraci\u00f3n comunal de la capital limarina, que opt\u00f3 este a\u00f1o por ocupar recursos en la colocaci\u00f3n de arreglos navide\u00f1os en varias zonas urbanas y rurales de la comuna, adem\u00e1s de evitar el gasto de recursos, considerando la situaci\u00f3n econ\u00f3mica que vive en el pa\u00eds.<\/em><\/strong> <\/p>\n\n\n\n<p>Por cuarta vez consecutiva Ovalle no tendr\u00e1 espect\u00e1culo de fuegos artificiales, para recibir el nuevo a\u00f1o el pr\u00f3ximo 31 de diciembre. Recordemos, que la primera de las suspensiones se realiz\u00f3 en el 2019 posterior al \u201cestallido social\u201d y luego el 2020 y 2021 se tom\u00f3 esta decisi\u00f3n, con el fin de evitar aglomeraciones de personas y as\u00ed posibles contagio de Covid-19. &nbsp;&nbsp;&nbsp;<\/p>\n\n\n\n<p>Este a\u00f1o la decisi\u00f3n apunta a proteger el medio ambiente, evitar las complicaciones que traen consigo los estruendos a las personas que tienen una condici\u00f3n relacionada con el Trastorno de Espectro Autista (TEA), y los problemas que genera en las mascotas. Fue as\u00ed como la administraci\u00f3n municipal se potenci\u00f3 la colocaci\u00f3n de arreglos navide\u00f1os en la zona urbana de la capital limarina y en localidades rurales.<\/p>\n\n\n\n<p>\u201cTomamos la decisi\u00f3n de suspender el show pirot\u00e9cnico por cuarto a\u00f1o consecutivo, debido a razones medioambientales y para proteger a las personas que tienen una condici\u00f3n de TEA y por supuesto, respondiendo a las solicitudes que siempre han remarcado las protectoras de animales, debido a que los fuertes ruidos traen complicaciones a las mascotas. Es por esta raz\u00f3n que optimizamos estos recursos y potenciamos la instalaci\u00f3n de arreglos navide\u00f1os en varias zonas de la comuna, como el Paseo Peatonal, la plaza de armas y algunas localidades rurales\u201d indic\u00f3 el alcalde (S) de Ovalle, H\u00e9ctor Vega Campusano.<\/p>\n\n\n\n<p>Recordemos, que hasta el a\u00f1o 2018, cientos de familias locales llegaban a la Avenida La Chimba con champa\u00f1a, cotill\u00f3n y sus c\u00e1balas, para apreciar de cerca del lanzamiento de los fuegos de artificio y celebrar la llegada de un nuevo a\u00f1o. Tras los abrazos, se iniciaba de inmediato un baile al aire libre, organizado por el municipio de Ovalle, para que todos pudieran disfrutar de esta significativa fecha, pero lamentablemente, al igual que el a\u00f1o pasado, este evento no se realizar\u00e1.<\/p>\n","protected":false},"excerpt":{"rendered":"<p>As\u00ed fue determinado por la administraci\u00f3n comunal de la capital limarina, que opt\u00f3 este a\u00f1o por ocupar recursos en la colocaci\u00f3n de arreglos navide\u00f1os en varias zonas urbanas y rurales de la comuna, adem\u00e1s de evitar el gasto de recursos, considerando la situaci\u00f3n econ\u00f3mica que vive en el pa\u00eds. Por cuarta vez consecutiva Ovalle no &#8230;<\/p>\n","protected":false},"author":2,"featured_media":8283,"comment_status":"open","ping_status":"open","sticky":false,"template":"","format":"standard","meta":{"footnotes":""},"categories":[5],"tags":[],"class_list":["post-8282","post","type-post","status-publish","format-standard","has-post-thumbnail","hentry","category-actualidad-limarina"],"_links":{"self":[{"href":"https:\/\/www.radiolimari.cl\/index.php?rest_route=\/wp\/v2\/posts\/8282","targetHints":{"allow":["GET"]}}],"collection":[{"href":"https:\/\/www.radiolimari.cl\/index.php?rest_route=\/wp\/v2\/posts"}],"about":[{"href":"https:\/\/www.radiolimari.cl\/index.php?rest_route=\/wp\/v2\/types\/post"}],"author":[{"embeddable":true,"href":"https:\/\/www.radiolimari.cl\/index.php?rest_route=\/wp\/v2\/users\/2"}],"replies":[{"embeddable":true,"href":"https:\/\/www.radiolimari.cl\/index.php?rest_route=%2Fwp%2Fv2%2Fcomments&post=8282"}],"version-history":[{"count":1,"href":"https:\/\/www.radiolimari.cl\/index.php?rest_route=\/wp\/v2\/posts\/8282\/revisions"}],"predecessor-version":[{"id":8284,"href":"https:\/\/www.radiolimari.cl\/index.php?rest_route=\/wp\/v2\/posts\/8282\/revisions\/8284"}],"wp:featuredmedia":[{"embeddable":true,"href":"https:\/\/www.radiolimari.cl\/index.php?rest_route=\/wp\/v2\/media\/8283"}],"wp:attachment":[{"href":"https:\/\/www.radiolimari.cl\/index.php?rest_route=%2Fwp%2Fv2%2Fmedia&parent=8282"}],"wp:term":[{"taxonomy":"category","embeddable":true,"href":"https:\/\/www.radiolimari.cl\/index.php?rest_route=%2Fwp%2Fv2%2Fcategories&post=8282"},{"taxonomy":"post_tag","embeddable":true,"href":"https:\/\/www.radiolimari.cl\/index.php?rest_route=%2Fwp%2Fv2%2Ftags&post=8282"}],"curies":[{"name":"wp","href":"https:\/\/api.w.org\/{rel}","templated":true}]}}