{"id":8272,"date":"2022-12-26T17:21:15","date_gmt":"2022-12-26T17:21:15","guid":{"rendered":"https:\/\/www.radiolimari.cl\/?p=8272"},"modified":"2022-12-26T17:21:15","modified_gmt":"2022-12-26T17:21:15","slug":"se-lanzaron-los-cursos-de-natacion-gratuitos-en-la-piscina-municipal-de-ovalle","status":"publish","type":"post","link":"https:\/\/www.radiolimari.cl\/?p=8272","title":{"rendered":"<strong>Se lanzaron los cursos de nataci\u00f3n gratuitos en la Piscina Municipal de Ovalle<\/strong>"},"content":{"rendered":"\n<figure class=\"wp-block-image size-large\"><a href=\"https:\/\/www.radiolimari.cl\/wp-content\/uploads\/2022\/12\/Cursos-de-natacion-2023-2.jpg\"><img fetchpriority=\"high\" decoding=\"async\" width=\"1024\" height=\"769\" src=\"https:\/\/www.radiolimari.cl\/wp-content\/uploads\/2022\/12\/Cursos-de-natacion-2023-2-1024x769.jpg\" alt=\"\" class=\"wp-image-8273\" srcset=\"https:\/\/www.radiolimari.cl\/wp-content\/uploads\/2022\/12\/Cursos-de-natacion-2023-2-1024x769.jpg 1024w, https:\/\/www.radiolimari.cl\/wp-content\/uploads\/2022\/12\/Cursos-de-natacion-2023-2-300x225.jpg 300w, https:\/\/www.radiolimari.cl\/wp-content\/uploads\/2022\/12\/Cursos-de-natacion-2023-2-768x577.jpg 768w, https:\/\/www.radiolimari.cl\/wp-content\/uploads\/2022\/12\/Cursos-de-natacion-2023-2.jpg 1440w\" sizes=\"(max-width: 1024px) 100vw, 1024px\" \/><\/a><figcaption class=\"wp-element-caption\"><strong><em>El proceso de inscripci\u00f3n para la primera etapa se realizar\u00e1 el pr\u00f3ximo 3 y 4 de enero, desde las 9.00 de la ma\u00f1ana. En esta iniciativa municipal podr\u00e1n participar ni\u00f1os, ni\u00f1as desde los 6 a\u00f1os, j\u00f3venes, adultos y adultos mayores y el principal objetivo es que se desenvuelvan de buena forma en cualquier medio acu\u00e1tico y eviten accidentes.<\/em><\/strong> <\/figcaption><\/figure>\n\n\n\n<p>Se realiz\u00f3 oficialmente el lanzamiento de los cursos de nataci\u00f3n gratuitos para la temporada 2023 en Ovalle, que se llevar\u00e1n a cabo en la Piscina Municipal. Esta iniciativa es muy valorada por la comunidad, puesto que permite que ni\u00f1os, ni\u00f1as, j\u00f3venes, adultos y adultos mayores se familiaricen con el medio acu\u00e1tico y puedan contar con herramientas para nadar correctamente, y de esta forma disminuir las posibilidades de sufrir un accidente en el mar o en una piscina.<\/p>\n\n\n\n<p>La ceremonia, se realiz\u00f3 en la Piscina Municipal ante la presencia de autoridades locales y los encargados de este proceso que contar\u00e1 con profesores de nataci\u00f3n especializados, personal param\u00e9dico, por cualquier inconveniente y con personal de apoyo ante cualquier eventualidad.<\/p>\n\n\n\n<p>El proceso de inscripci\u00f3n se llevar\u00e1 a cabo el pr\u00f3ximo 3 y 4 de enero, desde las 9.00 de la ma\u00f1ana en dependencias del Cendyr Municipal y est\u00e1 abierto para ni\u00f1os, ni\u00f1as, desde los 6 a\u00f1os, j\u00f3venes, adultos y adultos mayores, quienes deber\u00e1n entregar sus datos personales y posteriormente tendr\u00e1n que rendir una prueba de diagn\u00f3stico en el agua, para ver si se encuentran en un nivel b\u00e1sico, medio o avanzado.<\/p>\n\n\n\n<p>Al momento de la inscripci\u00f3n los participantes tendr\u00e1n que presentar un certificado m\u00e9dico para verificar su buen estado de salud y si est\u00e1n aptos para actividades deportivas, una fotocopia del carnet de identidad y un certificado de nacimiento.&nbsp;<\/p>\n\n\n\n<p>Los horarios de los cursos de nataci\u00f3n tendr\u00e1n una duraci\u00f3n de una hora y ser\u00e1n de martes a s\u00e1bado de 9.30 de la ma\u00f1ana a 17.30 horas. Se dividir\u00e1n en grupos de 15 a 17 a\u00f1os, de 12 a 14 a\u00f1os, de 9 a 11 a\u00f1os, de 6 a 8 a\u00f1os, adem\u00e1s de los adultos mayores, quienes trabajar\u00e1n los d\u00edas s\u00e1bado.<\/p>\n\n\n\n<p>\u201cTodos nuestros talleres son formativos y recreativos y por eso le hacemos la invitaci\u00f3n a todos quienes quieran participar a que se inscriban y ocupen la Piscina Municipal, porque es un espacio abierto para todos\u201d sostuvo el encargado de los recintos deportivos municipales, Cristi\u00e1n Rodr\u00edguez.&nbsp;<\/p>\n\n\n\n<p>Mat\u00edas Iriarte, profesor encargado del proceso de cursos de nataci\u00f3n 2023, indic\u00f3 que la metodolog\u00eda que se ocupar\u00e1 para los diferentes grupos etarios \u201cser\u00e1 progresiva, es decir, iremos de menos a m\u00e1s aprendiendo con ni\u00f1os, j\u00f3venes, adultos y adultos mayores. Nuestra metodolog\u00eda es formativa netamente, no es competitiva, porque nuestro principal prop\u00f3sito es que las personas conozcan el medio acu\u00e1tico, se adapten y que disfruten cada clase\u201d.<\/p>\n\n\n\n<p>El cuidado y la prevenci\u00f3n de accidentes es fundamental para quienes son parte de este proceso de cursos de nataci\u00f3n. \u201cNosotros tenemos un protocolo de salud y contamos con todos los implementos para atender una urgencia o un paro cardio respiratorio y contamos con un botiqu\u00edn para 100 personas y contamos una camilla equipada por si existe la posibilidad de un traslado a un centro de salud, lo esencial es estar atento al cuidado de quienes participar\u00e1n durante este a\u00f1o\u201d afirm\u00f3 la encargada de salud de los recintos deportivos municipales, Juana Guajardo.<\/p>\n\n\n\n<p>A cada participante se le entregar\u00e1 un reglamento interno de la Piscina Municipal, para que respeten las normas establecidas para el buen funcionamiento del recinto.<\/p>\n","protected":false},"excerpt":{"rendered":"<p>Se realiz\u00f3 oficialmente el lanzamiento de los cursos de nataci\u00f3n gratuitos para la temporada 2023 en Ovalle, que se llevar\u00e1n a cabo en la Piscina Municipal. Esta iniciativa es muy valorada por la comunidad, puesto que permite que ni\u00f1os, ni\u00f1as, j\u00f3venes, adultos y adultos mayores se familiaricen con el medio acu\u00e1tico y puedan contar con &#8230;<\/p>\n","protected":false},"author":2,"featured_media":8273,"comment_status":"open","ping_status":"open","sticky":false,"template":"","format":"standard","meta":{"footnotes":""},"categories":[5],"tags":[],"class_list":["post-8272","post","type-post","status-publish","format-standard","has-post-thumbnail","hentry","category-actualidad-limarina"],"_links":{"self":[{"href":"https:\/\/www.radiolimari.cl\/index.php?rest_route=\/wp\/v2\/posts\/8272","targetHints":{"allow":["GET"]}}],"collection":[{"href":"https:\/\/www.radiolimari.cl\/index.php?rest_route=\/wp\/v2\/posts"}],"about":[{"href":"https:\/\/www.radiolimari.cl\/index.php?rest_route=\/wp\/v2\/types\/post"}],"author":[{"embeddable":true,"href":"https:\/\/www.radiolimari.cl\/index.php?rest_route=\/wp\/v2\/users\/2"}],"replies":[{"embeddable":true,"href":"https:\/\/www.radiolimari.cl\/index.php?rest_route=%2Fwp%2Fv2%2Fcomments&post=8272"}],"version-history":[{"count":1,"href":"https:\/\/www.radiolimari.cl\/index.php?rest_route=\/wp\/v2\/posts\/8272\/revisions"}],"predecessor-version":[{"id":8274,"href":"https:\/\/www.radiolimari.cl\/index.php?rest_route=\/wp\/v2\/posts\/8272\/revisions\/8274"}],"wp:featuredmedia":[{"embeddable":true,"href":"https:\/\/www.radiolimari.cl\/index.php?rest_route=\/wp\/v2\/media\/8273"}],"wp:attachment":[{"href":"https:\/\/www.radiolimari.cl\/index.php?rest_route=%2Fwp%2Fv2%2Fmedia&parent=8272"}],"wp:term":[{"taxonomy":"category","embeddable":true,"href":"https:\/\/www.radiolimari.cl\/index.php?rest_route=%2Fwp%2Fv2%2Fcategories&post=8272"},{"taxonomy":"post_tag","embeddable":true,"href":"https:\/\/www.radiolimari.cl\/index.php?rest_route=%2Fwp%2Fv2%2Ftags&post=8272"}],"curies":[{"name":"wp","href":"https:\/\/api.w.org\/{rel}","templated":true}]}}