{"id":8269,"date":"2022-12-26T15:06:48","date_gmt":"2022-12-26T15:06:48","guid":{"rendered":"https:\/\/www.radiolimari.cl\/?p=8269"},"modified":"2022-12-26T15:06:49","modified_gmt":"2022-12-26T15:06:49","slug":"alianza-sence-gendarmeria-permite-capacitar-a-internos-e-internas-de-ovalle-e-illapel-en-diferentes-rubros","status":"publish","type":"post","link":"https:\/\/www.radiolimari.cl\/?p=8269","title":{"rendered":"<strong>Alianza SENCE-Gendarmer\u00eda permite capacitar a internos e internas de Ovalle e Illapel en diferentes rubros<\/strong>"},"content":{"rendered":"\n<figure class=\"wp-block-image size-large\"><a href=\"https:\/\/www.radiolimari.cl\/wp-content\/uploads\/2022\/12\/TSP00.jpeg\"><img fetchpriority=\"high\" decoding=\"async\" width=\"1024\" height=\"683\" src=\"https:\/\/www.radiolimari.cl\/wp-content\/uploads\/2022\/12\/TSP00-1024x683.jpeg\" alt=\"\" class=\"wp-image-8270\" srcset=\"https:\/\/www.radiolimari.cl\/wp-content\/uploads\/2022\/12\/TSP00-1024x683.jpeg 1024w, https:\/\/www.radiolimari.cl\/wp-content\/uploads\/2022\/12\/TSP00-300x200.jpeg 300w, https:\/\/www.radiolimari.cl\/wp-content\/uploads\/2022\/12\/TSP00-768x512.jpeg 768w, https:\/\/www.radiolimari.cl\/wp-content\/uploads\/2022\/12\/TSP00-1536x1024.jpeg 1536w, https:\/\/www.radiolimari.cl\/wp-content\/uploads\/2022\/12\/TSP00.jpeg 2048w\" sizes=\"(max-width: 1024px) 100vw, 1024px\" \/><\/a><figcaption class=\"wp-element-caption\">\u00b7\u00a0\u00a0\u00a0\u00a0\u00a0\u00a0 <em>Peluquer\u00eda, Muebler\u00eda y Orfebrer\u00eda fueron los cursos que se dictaron en esta oportunidad, beneficiando a 30 internos e internas, y con una inversi\u00f3n de parte de Sence que super\u00f3 los $21 millones.<\/em> <\/figcaption><\/figure>\n\n\n\n<p>Treinta hombres y mujeres recluidos en los Centros de Detenci\u00f3n Preventiva de Ovalle e Illapel se capacitaron en oficios como Orfebrer\u00eda, Muebler\u00eda o Peluquer\u00eda, a trav\u00e9s del programa Transferencia al Sector p\u00fablico (TSP), que mantienen el Servicio Nacional de Capacitaci\u00f3n y Empleo, Sence, y Gendarmer\u00eda, con el objetivo de desarrollar programas de capacitaci\u00f3n y formaci\u00f3n laboral.<\/p>\n\n\n\n<p>Para V\u00edctor, quien hizo el curso de Peluquer\u00eda en Ovalle, esto signific\u00f3 \u201cuna bonita experiencia, ya que algunos compa\u00f1eros no sab\u00edamos c\u00f3mo tomar unas tijeras, una peineta, agradecer a la profesora por esta experiencia. Muy bueno el curso, y as\u00ed nos facilita tener un aporte en la calle cuando tengamos la libertad\u201d.<\/p>\n\n\n\n<p>En Ovalle se realiz\u00f3 el curso de Peluquer\u00eda, el que benefici\u00f3 a 10 internos, mientras que en Illapel se dict\u00f3 el curso de Muebler\u00eda, que tambi\u00e9n capacit\u00f3 a 10 varones, as\u00ed como tambi\u00e9n el curso de Orfebrer\u00eda, el que cursaron 10 hombres y mujeres internos en el centro. Estos tres cursos significaron una inversi\u00f3n de 21 millones de pesos de parte de Sence.<\/p>\n\n\n\n<p>Juan Francisco Cort\u00e9s Lazzus, jefe t\u00e9cnico regional de Gendarmer\u00eda, coment\u00f3 que \u201cpara nosotros siempre ha sido importante participar en estas actividades. Como Gendarmer\u00eda tenemos dos objetivos principales, uno es la seguridad y el otro es la reinserci\u00f3n, y para poder lograr una reinserci\u00f3n eficaz en el medio libre, la idea es que la gente pueda obtener alg\u00fan tipo de capacitaci\u00f3n para que puedan proyectar alg\u00fan tipo de actividad laboral\u201d.<\/p>\n\n\n\n<p>Por su parte, Eduardo Toro, director regional (S) de Sence, expres\u00f3 que \u201cvaloramos enormemente los esfuerzos que continuamente hace Gendarmer\u00eda para poder capacitar a las personas privadas de libertad, confiando en que merecen una segunda oportunidad, contribuyendo a su reinserci\u00f3n social y laboral, y que son ideales que compartimos profundamente, de ah\u00ed el hecho que ambas instituciones trabajamos juntas en financiar y desarrollar distintos programas de capacitaci\u00f3n para beneficiar a estas personas\u201d.<\/p>\n\n\n\n<p>Cabe se\u00f1alar que el programa Transferencia al Sector P\u00fablico (TSP) es una alianza en donde Sence financia los planes de capacitaci\u00f3n que elabora Gendarmer\u00eda para beneficiar a la poblaci\u00f3n penal.<\/p>\n","protected":false},"excerpt":{"rendered":"<p>Treinta hombres y mujeres recluidos en los Centros de Detenci\u00f3n Preventiva de Ovalle e Illapel se capacitaron en oficios como Orfebrer\u00eda, Muebler\u00eda o Peluquer\u00eda, a trav\u00e9s del programa Transferencia al Sector p\u00fablico (TSP), que mantienen el Servicio Nacional de Capacitaci\u00f3n y Empleo, Sence, y Gendarmer\u00eda, con el objetivo de desarrollar programas de capacitaci\u00f3n y formaci\u00f3n &#8230;<\/p>\n","protected":false},"author":2,"featured_media":8270,"comment_status":"open","ping_status":"open","sticky":false,"template":"","format":"standard","meta":{"footnotes":""},"categories":[6],"tags":[],"class_list":["post-8269","post","type-post","status-publish","format-standard","has-post-thumbnail","hentry","category-regionales"],"_links":{"self":[{"href":"https:\/\/www.radiolimari.cl\/index.php?rest_route=\/wp\/v2\/posts\/8269","targetHints":{"allow":["GET"]}}],"collection":[{"href":"https:\/\/www.radiolimari.cl\/index.php?rest_route=\/wp\/v2\/posts"}],"about":[{"href":"https:\/\/www.radiolimari.cl\/index.php?rest_route=\/wp\/v2\/types\/post"}],"author":[{"embeddable":true,"href":"https:\/\/www.radiolimari.cl\/index.php?rest_route=\/wp\/v2\/users\/2"}],"replies":[{"embeddable":true,"href":"https:\/\/www.radiolimari.cl\/index.php?rest_route=%2Fwp%2Fv2%2Fcomments&post=8269"}],"version-history":[{"count":1,"href":"https:\/\/www.radiolimari.cl\/index.php?rest_route=\/wp\/v2\/posts\/8269\/revisions"}],"predecessor-version":[{"id":8271,"href":"https:\/\/www.radiolimari.cl\/index.php?rest_route=\/wp\/v2\/posts\/8269\/revisions\/8271"}],"wp:featuredmedia":[{"embeddable":true,"href":"https:\/\/www.radiolimari.cl\/index.php?rest_route=\/wp\/v2\/media\/8270"}],"wp:attachment":[{"href":"https:\/\/www.radiolimari.cl\/index.php?rest_route=%2Fwp%2Fv2%2Fmedia&parent=8269"}],"wp:term":[{"taxonomy":"category","embeddable":true,"href":"https:\/\/www.radiolimari.cl\/index.php?rest_route=%2Fwp%2Fv2%2Fcategories&post=8269"},{"taxonomy":"post_tag","embeddable":true,"href":"https:\/\/www.radiolimari.cl\/index.php?rest_route=%2Fwp%2Fv2%2Ftags&post=8269"}],"curies":[{"name":"wp","href":"https:\/\/api.w.org\/{rel}","templated":true}]}}