{"id":8265,"date":"2022-12-26T13:28:24","date_gmt":"2022-12-26T13:28:24","guid":{"rendered":"https:\/\/www.radiolimari.cl\/?p=8265"},"modified":"2022-12-26T13:36:54","modified_gmt":"2022-12-26T13:36:54","slug":"empresa-de-la-region-es-distinguida-con-el-sello-40-horas","status":"publish","type":"post","link":"https:\/\/www.radiolimari.cl\/?p=8265","title":{"rendered":"Empresa de la regi\u00f3n de Coquimbo es distinguida con el \u201cSello 40 horas\u201d"},"content":{"rendered":"\n<figure class=\"wp-block-image size-large\"><a href=\"https:\/\/www.radiolimari.cl\/wp-content\/uploads\/2022\/12\/20221223_110858-scaled.jpg\"><img fetchpriority=\"high\" decoding=\"async\" width=\"1024\" height=\"768\" src=\"https:\/\/www.radiolimari.cl\/wp-content\/uploads\/2022\/12\/20221223_110858-1024x768.jpg\" alt=\"\" class=\"wp-image-8266\" srcset=\"https:\/\/www.radiolimari.cl\/wp-content\/uploads\/2022\/12\/20221223_110858-1024x768.jpg 1024w, https:\/\/www.radiolimari.cl\/wp-content\/uploads\/2022\/12\/20221223_110858-300x225.jpg 300w, https:\/\/www.radiolimari.cl\/wp-content\/uploads\/2022\/12\/20221223_110858-768x576.jpg 768w, https:\/\/www.radiolimari.cl\/wp-content\/uploads\/2022\/12\/20221223_110858-1536x1152.jpg 1536w, https:\/\/www.radiolimari.cl\/wp-content\/uploads\/2022\/12\/20221223_110858-2048x1536.jpg 2048w\" sizes=\"(max-width: 1024px) 100vw, 1024px\" \/><\/a><figcaption class=\"wp-element-caption\"><strong><em>Ya son 8 las empresas regionales las que cuentan con una resoluci\u00f3n del Ministerio del Trabajo que las hace acreedoras del Sello 40 Horas. <\/em><\/strong><\/figcaption><\/figure>\n\n\n\n<p>La empresa Astudillo &amp; Urrutia LTDA de la comuna de La Serena es la nueva firma regional que se distingue con el \u201cSello 40 Horas\u201d, reconocimiento que entrega el Ministerio del Trabajo a las empresas que se han adaptado de forma anticipada a la reducci\u00f3n de la jornada laboral a 40 horas por semana o menos.<\/p>\n\n\n\n<p>La sociedad bajo el nombre comercial de Proaxions Consultores cuenta con m\u00e1s de 20 a\u00f1os de experiencia y desarrollo en rubro contable y sus empleados tienen jornadas 35 horas semanales en promedio.<\/p>\n\n\n\n<p>En la ocasi\u00f3n la Seremi del Trabajo, Claudia Santander, destac\u00f3 la iniciativa de los empleadores de optar por jornadas laborales m\u00e1s breves y explic\u00f3 que \u201cel reconocimiento y la valoraci\u00f3n por parte del Gobierno es una se\u00f1al muy importante y da cuenta de una voluntad de cambio, de sacar adelante y mejorar la calidad de vida de los trabajadores. El proyecto de reducci\u00f3n de jornada laboral, es parte de nuestros compromisos que hemos asumidos como Gobierno, de avanzar en trabajo decente como un eje transversal tanto en materias laborales como previsionales\u201d.<\/p>\n\n\n\n<p>Pablo Godoy, trabajador de la empresa, coment\u00f3 que \u201cal tener una jornada semanal m\u00e1s corta es algo m\u00e1s que positivo en todos los sentidos\u201d.<\/p>\n\n\n\n<p>Mientras que Jorge Astudillo, socio fundador, de la empresa reconocida, destac\u00f3 la iniciativa del gobierno de avanzar en una reducci\u00f3n de jornada laboral y dijo que \u201cpara la sociedad es muy positivo y ojal\u00e1 en la medida de lo posible, m\u00e1s empresas se puedan sumar este cambio y podamos tener un mundo m\u00e1s equitativo con respecto a los tiempos de trabajo del personal y los logros de la empresa\u201d.<\/p>\n\n\n\n<p>En la regi\u00f3n de Coquimbo ya son 8 las empresas certificadas con el \u201cSello 40 Horas\u201d, donde Astudillo &amp; Urrutia se suma a Importadora y Comercializadora Vargus, de La Serena, Parroquia Inmaculada Concepci\u00f3n de Vicu\u00f1a, Centro de Estudios Avanzados en Zonas \u00c1ridas (CEAZA), MAZ SPA, Prime Dent SPA, &nbsp;&nbsp;&nbsp; Asesor\u00edas Tributarias del Norte Ltda y Gastronom\u00eda Eva Winkler&nbsp; E.I.R.L.<\/p>\n\n\n\n<p>Las empresas pueden postular al \u201cSello 40 Horas\u201d en el sitio web del Ministerio del Trabajo y Previsi\u00f3n Social. Con esto se inicia un proceso de evaluaci\u00f3n que considera requisitos como tener contratado, conforme a la normativa del C\u00f3digo del Trabajo, a lo menos el 80% de los trabajadores con una jornada ordinaria que no supere las 40 horas y que no sea menor a 30 horas semanales; no haber sido condenada por vulneraci\u00f3n de derechos fundamentales y estar al d\u00eda en el pago de las obligaciones previsionales de los trabajadores<\/p>\n","protected":false},"excerpt":{"rendered":"<p>La empresa Astudillo &amp; Urrutia LTDA de la comuna de La Serena es la nueva firma regional que se distingue con el \u201cSello 40 Horas\u201d, reconocimiento que entrega el Ministerio del Trabajo a las empresas que se han adaptado de forma anticipada a la reducci\u00f3n de la jornada laboral a 40 horas por semana o &#8230;<\/p>\n","protected":false},"author":2,"featured_media":8266,"comment_status":"open","ping_status":"open","sticky":false,"template":"","format":"standard","meta":{"footnotes":""},"categories":[6],"tags":[],"class_list":["post-8265","post","type-post","status-publish","format-standard","has-post-thumbnail","hentry","category-regionales"],"_links":{"self":[{"href":"https:\/\/www.radiolimari.cl\/index.php?rest_route=\/wp\/v2\/posts\/8265","targetHints":{"allow":["GET"]}}],"collection":[{"href":"https:\/\/www.radiolimari.cl\/index.php?rest_route=\/wp\/v2\/posts"}],"about":[{"href":"https:\/\/www.radiolimari.cl\/index.php?rest_route=\/wp\/v2\/types\/post"}],"author":[{"embeddable":true,"href":"https:\/\/www.radiolimari.cl\/index.php?rest_route=\/wp\/v2\/users\/2"}],"replies":[{"embeddable":true,"href":"https:\/\/www.radiolimari.cl\/index.php?rest_route=%2Fwp%2Fv2%2Fcomments&post=8265"}],"version-history":[{"count":2,"href":"https:\/\/www.radiolimari.cl\/index.php?rest_route=\/wp\/v2\/posts\/8265\/revisions"}],"predecessor-version":[{"id":8268,"href":"https:\/\/www.radiolimari.cl\/index.php?rest_route=\/wp\/v2\/posts\/8265\/revisions\/8268"}],"wp:featuredmedia":[{"embeddable":true,"href":"https:\/\/www.radiolimari.cl\/index.php?rest_route=\/wp\/v2\/media\/8266"}],"wp:attachment":[{"href":"https:\/\/www.radiolimari.cl\/index.php?rest_route=%2Fwp%2Fv2%2Fmedia&parent=8265"}],"wp:term":[{"taxonomy":"category","embeddable":true,"href":"https:\/\/www.radiolimari.cl\/index.php?rest_route=%2Fwp%2Fv2%2Fcategories&post=8265"},{"taxonomy":"post_tag","embeddable":true,"href":"https:\/\/www.radiolimari.cl\/index.php?rest_route=%2Fwp%2Fv2%2Ftags&post=8265"}],"curies":[{"name":"wp","href":"https:\/\/api.w.org\/{rel}","templated":true}]}}