{"id":8254,"date":"2022-12-22T17:10:39","date_gmt":"2022-12-22T17:10:39","guid":{"rendered":"https:\/\/www.radiolimari.cl\/?p=8254"},"modified":"2022-12-22T20:18:47","modified_gmt":"2022-12-22T20:18:47","slug":"vecinos-de-la-poblacion-fray-jorge-abrieron-las-puertas-de-su-nuevo-espacio-recreativo","status":"publish","type":"post","link":"https:\/\/www.radiolimari.cl\/?p=8254","title":{"rendered":"Vecinos de la poblaci\u00f3n Fray Jorge abrieron las puertas de su nuevo espacio recreativo"},"content":{"rendered":"\n<figure class=\"wp-block-image size-large\"><a href=\"https:\/\/www.radiolimari.cl\/wp-content\/uploads\/2022\/12\/Centro-Deportivo-poblacion-Fray-Jorge-1.jpg\"><img fetchpriority=\"high\" decoding=\"async\" width=\"1024\" height=\"769\" src=\"https:\/\/www.radiolimari.cl\/wp-content\/uploads\/2022\/12\/Centro-Deportivo-poblacion-Fray-Jorge-1-1024x769.jpg\" alt=\"\" class=\"wp-image-8255\" srcset=\"https:\/\/www.radiolimari.cl\/wp-content\/uploads\/2022\/12\/Centro-Deportivo-poblacion-Fray-Jorge-1-1024x769.jpg 1024w, https:\/\/www.radiolimari.cl\/wp-content\/uploads\/2022\/12\/Centro-Deportivo-poblacion-Fray-Jorge-1-300x225.jpg 300w, https:\/\/www.radiolimari.cl\/wp-content\/uploads\/2022\/12\/Centro-Deportivo-poblacion-Fray-Jorge-1-768x577.jpg 768w, https:\/\/www.radiolimari.cl\/wp-content\/uploads\/2022\/12\/Centro-Deportivo-poblacion-Fray-Jorge-1.jpg 1440w\" sizes=\"(max-width: 1024px) 100vw, 1024px\" \/><\/a><figcaption class=\"wp-element-caption\"> <\/figcaption><\/figure>\n\n\n\n<p><strong><em>El \u00e1rea, que cuenta con una multicancha equipada, nuevos servicios higi\u00e9nicos, un sector de huerto comunitario, zonas recreativas y m\u00e1quinas de ejercicios, se logr\u00f3 gracias a la gesti\u00f3n del municipio de Ovalle, la postulaci\u00f3n del Consejo Consultivo del CESFAM Fray Jorge y el financiamiento del ministerio de Vivienda y Urbanismo, a trav\u00e9s del programa DS27, que super\u00f3 los 260 millones de pesos.<\/em><\/strong> <\/p>\n\n\n\n<p>Se abri\u00f3 oficialmente el nuevo espacio recreativo y deportivo, que tendr\u00e1n a su disposici\u00f3n los vecinos de la poblaci\u00f3n Fray Jorge y zonas aleda\u00f1as. El \u00e1rea, se ubica a un costado del CESFAM Fray Jorge y se consigui\u00f3 gracias al trabajo conjunto entre el municipio de Ovalle y el consejo consultivo del recinto de salud, y el financiamiento compartido entre el ministerio de Vivienda y Urbanismo, a trav\u00e9s del programa DS27 y el municipio de Ovalle, que super\u00f3 los 260 millones de pesos.<\/p>\n\n\n\n<p>La obra consisti\u00f3 en la remodelaci\u00f3n del espacio deportivo, pavimentaci\u00f3n de la cancha, habilitaci\u00f3n de nuevos servicios higi\u00e9nicos, construcci\u00f3n de un cierre perimetral, un \u00e1rea de m\u00e1quinas de ejercicios, un sector de huerto comunitario y amplias zonas de recreaci\u00f3n. &nbsp;&nbsp;<\/p>\n\n\n\n<p>En la jornada de apertura de las nuevas dependencias, los vecinos del sector, que integran el consejo consultivo y el Club Deportivo Fray Jorge, se mostraron muy contentos con este logro, puesto que se recuper\u00f3 un sitio eriazo que se encontraba en malas condiciones y que, gracias al financiamiento gubernamental, se convirti\u00f3 en un amplio centro de recreaci\u00f3n para ni\u00f1os, ni\u00f1as y adultos.<\/p>\n\n\n\n<p>Vilma V\u00e9liz, presidenta del consejo consultivo del CESFAM Fray Jorge destac\u00f3 la importancia de esta iniciativa. \u201cEstamos muy contentos porque postulamos este proyecto con mucha esperanza y estamos muy orgullosos, porque primera vez que un consejo consultivo gana un proyecto de esta envergadura. Ahora queremos que la comunidad aproveche este espacio y lo cuide, que es lo importante\u201d. &nbsp;<\/p>\n\n\n\n<p>Al respecto, el alcalde (S) de Ovalle, H\u00e9ctor Vega Campusano destac\u00f3 que se trata de un proyecto pionero, puesto que lo postul\u00f3 el consejo consultivo que se encuentra vinculado con el CESFAM Fray Jorge, en donde tambi\u00e9n se suman el club deportivo del sector y el club de adultos mayores. \u201cHicimos un trabajo importante con el consejo consultivo y logramos concretar esta iniciativa que tiene un alto valor social y que impulsa la vida sana y saludable, a trav\u00e9s de la habilitaci\u00f3n de un espacio recreativo bien equipado y con todo lo necesario para que los vecinos desarrollen sus actividades\u201d.<\/p>\n\n\n\n<p>Este espacio ser\u00e1 trabajado entre los vecinos y los integrantes del CESFAM Fray Jorge. \u201cPara nosotros como centro de salud y basado en el modelo de salud familiar, que tiene dentro de sus pilares fundamentales la promoci\u00f3n y participaci\u00f3n de la comunidad, la habilitaci\u00f3n de este espacio es sumamente importante, porque genera un beneficio en el \u00e1mbito de la promoci\u00f3n de estilos de vida saludable en nuestra comunidad. Ahora nuestra misi\u00f3n estar\u00e1 centrada en apoyarlos y orientarlos en esta materia\u201d.\u00a0afirm\u00f3 Ximena Rodr\u00edguez, directora del CESFAM Fray Jorge.\u00a0<\/p>\n\n\n\n<p>A trav\u00e9s del programa DS27, el ministerio de Vivienda y Urbanismo aporta con el 90% del costo de la obra y el 10% restante es aportado por el municipio local. En la comuna de Ovalle, se han concretado m\u00e1s de 13 iniciativas, gracias a esta l\u00ednea de financiamiento gubernamental.&nbsp;&nbsp;&nbsp;<\/p>\n","protected":false},"excerpt":{"rendered":"<p>El \u00e1rea, que cuenta con una multicancha equipada, nuevos servicios higi\u00e9nicos, un sector de huerto comunitario, zonas recreativas y m\u00e1quinas de ejercicios, se logr\u00f3 gracias a la gesti\u00f3n del municipio de Ovalle, la postulaci\u00f3n del Consejo Consultivo del CESFAM Fray Jorge y el financiamiento del ministerio de Vivienda y Urbanismo, a trav\u00e9s del programa DS27, &#8230;<\/p>\n","protected":false},"author":2,"featured_media":8255,"comment_status":"open","ping_status":"open","sticky":false,"template":"","format":"standard","meta":{"footnotes":""},"categories":[5],"tags":[],"class_list":["post-8254","post","type-post","status-publish","format-standard","has-post-thumbnail","hentry","category-actualidad-limarina"],"_links":{"self":[{"href":"https:\/\/www.radiolimari.cl\/index.php?rest_route=\/wp\/v2\/posts\/8254","targetHints":{"allow":["GET"]}}],"collection":[{"href":"https:\/\/www.radiolimari.cl\/index.php?rest_route=\/wp\/v2\/posts"}],"about":[{"href":"https:\/\/www.radiolimari.cl\/index.php?rest_route=\/wp\/v2\/types\/post"}],"author":[{"embeddable":true,"href":"https:\/\/www.radiolimari.cl\/index.php?rest_route=\/wp\/v2\/users\/2"}],"replies":[{"embeddable":true,"href":"https:\/\/www.radiolimari.cl\/index.php?rest_route=%2Fwp%2Fv2%2Fcomments&post=8254"}],"version-history":[{"count":2,"href":"https:\/\/www.radiolimari.cl\/index.php?rest_route=\/wp\/v2\/posts\/8254\/revisions"}],"predecessor-version":[{"id":8257,"href":"https:\/\/www.radiolimari.cl\/index.php?rest_route=\/wp\/v2\/posts\/8254\/revisions\/8257"}],"wp:featuredmedia":[{"embeddable":true,"href":"https:\/\/www.radiolimari.cl\/index.php?rest_route=\/wp\/v2\/media\/8255"}],"wp:attachment":[{"href":"https:\/\/www.radiolimari.cl\/index.php?rest_route=%2Fwp%2Fv2%2Fmedia&parent=8254"}],"wp:term":[{"taxonomy":"category","embeddable":true,"href":"https:\/\/www.radiolimari.cl\/index.php?rest_route=%2Fwp%2Fv2%2Fcategories&post=8254"},{"taxonomy":"post_tag","embeddable":true,"href":"https:\/\/www.radiolimari.cl\/index.php?rest_route=%2Fwp%2Fv2%2Ftags&post=8254"}],"curies":[{"name":"wp","href":"https:\/\/api.w.org\/{rel}","templated":true}]}}