{"id":8238,"date":"2022-12-20T00:20:12","date_gmt":"2022-12-20T00:20:12","guid":{"rendered":"https:\/\/www.radiolimari.cl\/?p=8238"},"modified":"2022-12-20T00:20:13","modified_gmt":"2022-12-20T00:20:13","slug":"escuelas-y-liceos-reciben-acompanamiento-para-fortalecer-su-trabajo-en-convivencia-escolar-y-atencion-de-crisis","status":"publish","type":"post","link":"https:\/\/www.radiolimari.cl\/?p=8238","title":{"rendered":"Escuelas y liceos reciben acompa\u00f1amiento para fortalecer su trabajo en Convivencia Escolar y Atenci\u00f3n de Crisis"},"content":{"rendered":"\n<figure class=\"wp-block-image size-large\"><a href=\"https:\/\/www.radiolimari.cl\/wp-content\/uploads\/2022\/12\/2.-Jornada-en-atencion-de-crisis-y-convivencia-escolar.jpg\"><img fetchpriority=\"high\" decoding=\"async\" width=\"1024\" height=\"768\" src=\"https:\/\/www.radiolimari.cl\/wp-content\/uploads\/2022\/12\/2.-Jornada-en-atencion-de-crisis-y-convivencia-escolar-1024x768.jpg\" alt=\"\" class=\"wp-image-8239\" srcset=\"https:\/\/www.radiolimari.cl\/wp-content\/uploads\/2022\/12\/2.-Jornada-en-atencion-de-crisis-y-convivencia-escolar-1024x768.jpg 1024w, https:\/\/www.radiolimari.cl\/wp-content\/uploads\/2022\/12\/2.-Jornada-en-atencion-de-crisis-y-convivencia-escolar-300x225.jpg 300w, https:\/\/www.radiolimari.cl\/wp-content\/uploads\/2022\/12\/2.-Jornada-en-atencion-de-crisis-y-convivencia-escolar-768x576.jpg 768w, https:\/\/www.radiolimari.cl\/wp-content\/uploads\/2022\/12\/2.-Jornada-en-atencion-de-crisis-y-convivencia-escolar.jpg 1290w\" sizes=\"(max-width: 1024px) 100vw, 1024px\" \/><\/a><figcaption class=\"wp-element-caption\">Se entrega herramientas y orientaci\u00f3n a docentes, asistentes de la educaci\u00f3n y equipos directivos de establecimientos educacionales de Ovalle, Monte Patria y Andacollo en convivencia escolar y atenci\u00f3n de crisis. <\/figcaption><\/figure>\n\n\n\n<p>Para ir en respuesta de las necesidades educativas y el bienestar emocional de las comunidades escolares y que la escuela vuelva a ser el espacio seguro de contenci\u00f3n en donde las y los estudiantes puedan desarrollarse como personas, el Ministerio de Educaci\u00f3n&nbsp; en alianza en la regi\u00f3n, con la Universidad de La Serena entrega herramientas y orientaci\u00f3n a docentes, asistentes de la educaci\u00f3n y equipos directivos de establecimientos educacionales de Ovalle, Monte Patria y Andacollo en convivencia escolar y atenci\u00f3n de crisis, como parte del Programa Territorial, que abarca 60 comunas a nivel nacional.<\/p>\n\n\n\n<p>El programa de Reactivaci\u00f3n Educativa Integral \u201cSeamos Comunidad\u201d en su eje de convivencia, bienestar y salud mental y su estrategia nacional considerael Programa Territorial de Intervenci\u00f3n en Crisis y Convivencia Escolar, que implementa un proceso de acompa\u00f1amiento a nivel comunal a docentes y redes de convivencia escolar, para la elaboraci\u00f3n un diagn\u00f3stico participativo, respecto de las necesidades emergidas durante el retorno presencial a clases, y el fortalecimiento de la capacidad de respuesta educativa, con pertinencia territorial.<\/p>\n\n\n\n<p>Como parte del programa la ULS realiz\u00f3 las \u201cJornadas de Formaci\u00f3n: Fortaleciendo la convivencia y salud mental en La comunidad escolar\u201d en el campus Limar\u00ed en Ovalle.&nbsp; Una de las participantes fue la profesora Daniela Gallardo del colegio Ra\u00fal Silva Henr\u00edquez de Ovalle, quien la calific\u00f3 de \u201cmuy interesante y contextualizado, sobre todo despu\u00e9s del tema de la pandemia, hablar de violencia y de bullying que es a lo que nos hemos tenido que enfrentar en los colegios y de c\u00f3mo poder prevenir estas situaciones, de c\u00f3mo identificarlas es s\u00faper relevante como docentes y trasmitirla a mis colegas en el colegio. Han ocurrido episodios de violencia sobre todo a principio de a\u00f1o, cuando reci\u00e9n est\u00e1bamos volviendo de la pandemia a clases presenciales. A medida que pas\u00f3 el a\u00f1o se calm\u00f3 un poco, pero todav\u00eda no es como antes, los chicos se exaltan muy r\u00e1pidamente, y ahora entendemos mucho m\u00e1s con las exposiciones. En el colegio se ha fortalecido el equipo de convivencia escolar, que ha estado mucho m\u00e1s cohesionado\u201d, asever\u00f3.<\/p>\n\n\n\n<p>La Seremi de Educaci\u00f3n, Cecilia Ram\u00edrez Ch\u00e1vez manifest\u00f3 que forma parte \u201cde este trabajo focalizado en 60 comunas en el eje de convivencia escolar, socioemocional y de salud mental, porque es la base para todo proceso de aprendizaje. Estamos ac\u00e1 en la provincia de Limar\u00ed, en la comuna de Ovalle, haciendo el cierre de esta jornada de formaci\u00f3n en convivencia escolar, donde tuvimos expositores de distintos lugares del pa\u00eds, de la quinta metropolitana y de nuestra regi\u00f3n, en que docentes de estas primeras escuelas y comunas tuvieron la oportunidad de hacer un an\u00e1lisis y recibir herramientas que los van a ayudar en la gesti\u00f3n de las crisis, dentro del aula y tambi\u00e9n en las comunidades educativas. No solamente dirigido a los estudiantes, sino tambi\u00e9n a los docentes, asistentes de la educaci\u00f3n y apoderados. Es la comunidad educativa completa que se ve beneficiada con esta instancia que hemos impulsado en esta alianza estrat\u00e9gica con la Universidad de La Serena\u201d.<\/p>\n\n\n\n<p>El Coordinador del Programa Territorial de Convivencia Escolar y Atenci\u00f3n en Crisis, psic\u00f3logo del Departamento de Psicolog\u00eda de la Universidad de La Serena, Gabriel Retuert resalt\u00f3 que \u201ces un convenio estrat\u00e9gico fundamental que permite beneficios para los establecimientos educacionales que est\u00e1n presentando muchas necesidades en convivencia escolar y en problem\u00e1ticas de salud mental. El convenio entre la universidad y el ministerio, en conjunto con&nbsp; las escuelas y DAEM, genera beneficios, oportunidades y avances en el abordaje de estas problem\u00e1ticas\u201d. Agreg\u00f3 que en el programa trabajan en las escuelas un equipo del departamento de psicolog\u00eda, profesionales psic\u00f3logos con experiencia educacional y estudiantes de psicolog\u00eda.<\/p>\n\n\n\n<p>Por su parte, el doctor Pablo Castro Carrasco, investigador responsable del programa en la Universidad de La Serena destac\u00f3 que \u201ces una muy buena iniciativa a nivel nacional, es un acierto del Ministerio de Educaci\u00f3n haber considerado que necesitaba hacer un programa territorial focalizado en comunas que hab\u00edan tenido problemas m\u00e1s cr\u00edticos\u201d. Las tem\u00e1ticas de las Jornadas de Formaci\u00f3n fueron: \u201cConducta suicida en el contexto escolar: Caracter\u00edsticas, pesquisa y abordaje\u201d presentada por Javier Latorre, acad\u00e9mico de la Universidad de La Serena, psic\u00f3logo cl\u00ednico, Mag\u00edster en Psicolog\u00eda de la Salud y Doctorando en Psicolog\u00eda; \u201cDe la intervenci\u00f3n a la promoci\u00f3n: Claves para apoyar en violencia y convivencia escolar\u201d a cargo de Claudia Carrasco, Psic\u00f3loga y Doctora en Ciencias de la Educaci\u00f3n; \u201cIntegraci\u00f3n y relaciones con modelo escuela total\u201d presentada por Gabriel Retuert, psic\u00f3logo y Mag\u00edster en Psicolog\u00eda Educacional y \u201cPrevenci\u00f3n de la violencia escolar\u201d a cargo de Jorge Gaete, M\u00e9dico, Mag\u00edster en Psicolog\u00eda y Doctor en Epidemiolog\u00eda Psiqui\u00e1trica.<\/p>\n","protected":false},"excerpt":{"rendered":"<p>Para ir en respuesta de las necesidades educativas y el bienestar emocional de las comunidades escolares y que la escuela vuelva a ser el espacio seguro de contenci\u00f3n en donde las y los estudiantes puedan desarrollarse como personas, el Ministerio de Educaci\u00f3n&nbsp; en alianza en la regi\u00f3n, con la Universidad de La Serena entrega herramientas &#8230;<\/p>\n","protected":false},"author":2,"featured_media":8239,"comment_status":"open","ping_status":"open","sticky":false,"template":"","format":"standard","meta":{"footnotes":""},"categories":[6],"tags":[],"class_list":["post-8238","post","type-post","status-publish","format-standard","has-post-thumbnail","hentry","category-regionales"],"_links":{"self":[{"href":"https:\/\/www.radiolimari.cl\/index.php?rest_route=\/wp\/v2\/posts\/8238","targetHints":{"allow":["GET"]}}],"collection":[{"href":"https:\/\/www.radiolimari.cl\/index.php?rest_route=\/wp\/v2\/posts"}],"about":[{"href":"https:\/\/www.radiolimari.cl\/index.php?rest_route=\/wp\/v2\/types\/post"}],"author":[{"embeddable":true,"href":"https:\/\/www.radiolimari.cl\/index.php?rest_route=\/wp\/v2\/users\/2"}],"replies":[{"embeddable":true,"href":"https:\/\/www.radiolimari.cl\/index.php?rest_route=%2Fwp%2Fv2%2Fcomments&post=8238"}],"version-history":[{"count":1,"href":"https:\/\/www.radiolimari.cl\/index.php?rest_route=\/wp\/v2\/posts\/8238\/revisions"}],"predecessor-version":[{"id":8240,"href":"https:\/\/www.radiolimari.cl\/index.php?rest_route=\/wp\/v2\/posts\/8238\/revisions\/8240"}],"wp:featuredmedia":[{"embeddable":true,"href":"https:\/\/www.radiolimari.cl\/index.php?rest_route=\/wp\/v2\/media\/8239"}],"wp:attachment":[{"href":"https:\/\/www.radiolimari.cl\/index.php?rest_route=%2Fwp%2Fv2%2Fmedia&parent=8238"}],"wp:term":[{"taxonomy":"category","embeddable":true,"href":"https:\/\/www.radiolimari.cl\/index.php?rest_route=%2Fwp%2Fv2%2Fcategories&post=8238"},{"taxonomy":"post_tag","embeddable":true,"href":"https:\/\/www.radiolimari.cl\/index.php?rest_route=%2Fwp%2Fv2%2Ftags&post=8238"}],"curies":[{"name":"wp","href":"https:\/\/api.w.org\/{rel}","templated":true}]}}