{"id":8231,"date":"2022-12-19T19:15:22","date_gmt":"2022-12-19T19:15:22","guid":{"rendered":"https:\/\/www.radiolimari.cl\/?p=8231"},"modified":"2022-12-19T19:15:23","modified_gmt":"2022-12-19T19:15:23","slug":"con-emotivo-acto-en-la-serena-conmemoran-dia-nacional-contra-el-femicidio-en-nuestra-region","status":"publish","type":"post","link":"https:\/\/www.radiolimari.cl\/?p=8231","title":{"rendered":"<strong>Con emotivo acto en La Serena conmemoran D\u00eda Nacional Contra el Femicidio en nuestra regi\u00f3n<\/strong>"},"content":{"rendered":"\n<figure class=\"wp-block-image size-large\"><a href=\"https:\/\/www.radiolimari.cl\/wp-content\/uploads\/2022\/12\/IMG_20221219_130033-scaled.jpg\"><img fetchpriority=\"high\" decoding=\"async\" width=\"1024\" height=\"768\" src=\"https:\/\/www.radiolimari.cl\/wp-content\/uploads\/2022\/12\/IMG_20221219_130033-1024x768.jpg\" alt=\"\" class=\"wp-image-8232\" srcset=\"https:\/\/www.radiolimari.cl\/wp-content\/uploads\/2022\/12\/IMG_20221219_130033-1024x768.jpg 1024w, https:\/\/www.radiolimari.cl\/wp-content\/uploads\/2022\/12\/IMG_20221219_130033-300x225.jpg 300w, https:\/\/www.radiolimari.cl\/wp-content\/uploads\/2022\/12\/IMG_20221219_130033-768x576.jpg 768w, https:\/\/www.radiolimari.cl\/wp-content\/uploads\/2022\/12\/IMG_20221219_130033-1536x1152.jpg 1536w, https:\/\/www.radiolimari.cl\/wp-content\/uploads\/2022\/12\/IMG_20221219_130033-2048x1536.jpg 2048w\" sizes=\"(max-width: 1024px) 100vw, 1024px\" \/><\/a><figcaption class=\"wp-element-caption\"><em>En noviembre del 2020 se promulg\u00f3 en Chile la Ley 21.282 que declara el 19 de diciembre como D\u00eda Nacional Contra el Femicidio. Esta fecha recuerda el brutal\u00a0 asesinato contra Javiera Neira Oportus, ni\u00f1a de 6 a\u00f1os, asesinada por parte de su padre biol\u00f3gico, en el contexto del femicidio frustrado contra su madre. <\/em><\/figcaption><\/figure>\n\n\n\n<p>Familiares de mujeres asesinadas, autoridades regionales y representantes de organizaciones sociales y feministas fueron parte del emotivo acto realizado en La Serena para conmemorar el D\u00eda Nacional contra el Femicidio. La jornada busc\u00f3 visibilizar este delito como la expresi\u00f3n m\u00e1s extrema de violencia contra las mujeres, dignificar la memoria de las mujeres asesinadas y reconocer los aportes realizados por el movimiento feminista a la visibilizaci\u00f3n de la violencia contra las mujeres como un problema social.<\/p>\n\n\n\n<p>En la conmemoraci\u00f3n tambi\u00e9n participaron integrantes del Circuito Intersectorial de Femicidio (CIF), conformado por el SernamEG, la Subsecretar\u00eda de Prevenci\u00f3n del Delito, el Servicio Nacional de Menores (Sename), Carabineros de Chile, Polic\u00eda de Investigaciones (PDI) y el Servicio M\u00e9dico Legal (SML).<\/p>\n\n\n\n<p>Cabe consignar, que la ley 21.282 que declara el D\u00eda Nacional contra el Femicidio autoriza e invita a establecimientos educacionales, organizaciones sociales y sociedad civil a realizar actos y\/o actividades conmemorativas que contribuyan a la prevenci\u00f3n y la erradicaci\u00f3n de todo tipo de violencia contra las mujeres. Tambi\u00e9n durante este d\u00eda se llama a la reflexi\u00f3n sobre una forma de reparaci\u00f3n para las v\u00edctimas y sus familias.<\/p>\n\n\n\n<p>Este a\u00f1o, el tercero en que se conmemora la fecha, el Ministerio de la Mujer y la Equidad de G\u00e9nero (MinMujeryEG) y el Servicio Nacional de la Mujer y la Equidad de G\u00e9nero (SernamEG) se suman al llamado de las organizaciones de mujeres por una debida justicia y reparaci\u00f3n para todas las v\u00edctimas directas e indirectas de la expresi\u00f3n m\u00e1s extrema de violencia contra el g\u00e9nero<\/p>\n\n\n\n<p>La actividad fue liderada por la seremi de la Mujer y la Equidad de G\u00e9nero, Mar\u00eda Fernanda Glaser, quien se\u00f1al\u00f3, \u201c<strong>al atender la violencia contra las mujeres nos estamos haciendo cargo de una preocupaci\u00f3n real de la ciudadan\u00eda, de un problema concreto que afecta principalmente a las mujeres que la viven y sus familias, pero que tambi\u00e9n tiene consecuencias en toda la sociedad. La violencia contra las mujeres es una problem\u00e1tica social que debemos atender de manera articulada desde el Estado, con y en colaboraci\u00f3n de distintos sectores y carteras.\u201d<\/strong><\/p>\n\n\n\n<p>Por su parte, el delegado presidencial regional de Coquimbo, Rub\u00e9n Quezada, se refiri\u00f3 a la importancia que tiene para el Gobierno Feminista del Presidente Boric erradicar la violencia contra la mujeres y al mismo tiempo mejorar la respuesta del Estado, \u201c<strong>como Gobierno queremos hacernos cargo de una situaci\u00f3n que es un problema y una necesidad sentida por la poblaci\u00f3n: la violencia de g\u00e9nero. Y en su expresi\u00f3n m\u00e1s dolorosa, m\u00e1s profunda y extrema como lo es el femicidio algo que tiene que ser erradicado. Lamentablemente estamos en deuda desde el Estado con esto porque hemos tenido dificultades tanto para detectar y hacernos cargo frente a una denuncia, poder sancionar y rehabilitar a las mujeres y sus familias cuando ha ocurrido este tr\u00e1gico evento de violencia intrafamiliar.<\/strong><\/p>\n\n\n\n<p>Camila Aracena, es sobrina de una v\u00edctima de femicidio durante el 2021. El patrocinio jur\u00eddico de la causa lo lleva SernamEG. Camila hizo un llamado a que estos cr\u00edmenes no queden impunes,<strong> \u201csiento que es importante visibilizar estos temas para que no queden impunes. Nosotros como familia estamos esperando que se determine la sentencia, si bien el tipo est\u00e1 en prisi\u00f3n preventiva, a\u00fan no hay sentencia y cabe la posibilidad que salga en libertad, de hecho, \u00e9l ha pedido que se revoque la&nbsp; prisi\u00f3n preventiva (\u2026) esperamos Justicia y que el tipo no salga, si bien nosotros no vamos a recuperar a mi t\u00eda, nosotros no queremos que vuelva a pasar y ya esta persona es un peligro para la sociedad<\/strong><\/p>\n\n\n\n<p><strong>Femicidio en Chile<\/strong><\/p>\n\n\n\n<p>El concepto femicidio ha ido variando en el C\u00f3digo Penal chileno desde su primera incorporaci\u00f3n en el a\u00f1o 2010 como una ampliaci\u00f3n del t\u00e9rmino parricidio, que incluy\u00f3 tambi\u00e9n a ex convivientes entre los posibles victimarios. Es decir, el primer uso de femicidio se redujo a delitos de asesinato en contexto de una relaci\u00f3n afectiva entre convivientes y\/o ex convivientes.<\/p>\n\n\n\n<p>En 2020, gracias a la insistencia y movilizaci\u00f3n de agrupaciones de mujeres y por recomendaci\u00f3n de la Convenci\u00f3n sobre la eliminaci\u00f3n de todas las formas de discriminaci\u00f3n contra la mujer (CEDAW) y del Comit\u00e9 de Expertas del Mecanismo de Seguimiento de la Convenci\u00f3n de Bel\u00e9m do Par\u00e1 (MESECVI), el Estado chileno, a trav\u00e9s de la Ley Gabriela, reconoci\u00f3 en su C\u00f3digo Penal al femicidio como un delito propio y aut\u00f3nomo (ya fuera del parricidio u homicidio); un delito de g\u00e9nero contra las mujeres, cometido por hombres y con dolo por razones de odio, desprecio o misoginia, expresado en dos figuras: Femicidio \u00edntimo de pareja y Femicidio no \u00edntimo: todo asesinato de mujeres y ni\u00f1as por raz\u00f3n de su g\u00e9nero.<\/p>\n\n\n\n<p>Hasta el 02 de diciembre en Chile han ocurrido 36 femicidios consumados&nbsp; y 146 femicidios frustrados. En la regi\u00f3n de Coquimbo en lo que va del 2022 ocurri\u00f3 durante enero el \u00fanico femicidio consumado y van 5 femicidios frustrados<\/p>\n","protected":false},"excerpt":{"rendered":"<p>Familiares de mujeres asesinadas, autoridades regionales y representantes de organizaciones sociales y feministas fueron parte del emotivo acto realizado en La Serena para conmemorar el D\u00eda Nacional contra el Femicidio. La jornada busc\u00f3 visibilizar este delito como la expresi\u00f3n m\u00e1s extrema de violencia contra las mujeres, dignificar la memoria de las mujeres asesinadas y reconocer &#8230;<\/p>\n","protected":false},"author":2,"featured_media":8232,"comment_status":"open","ping_status":"open","sticky":false,"template":"","format":"standard","meta":{"footnotes":""},"categories":[6],"tags":[],"class_list":["post-8231","post","type-post","status-publish","format-standard","has-post-thumbnail","hentry","category-regionales"],"_links":{"self":[{"href":"https:\/\/www.radiolimari.cl\/index.php?rest_route=\/wp\/v2\/posts\/8231","targetHints":{"allow":["GET"]}}],"collection":[{"href":"https:\/\/www.radiolimari.cl\/index.php?rest_route=\/wp\/v2\/posts"}],"about":[{"href":"https:\/\/www.radiolimari.cl\/index.php?rest_route=\/wp\/v2\/types\/post"}],"author":[{"embeddable":true,"href":"https:\/\/www.radiolimari.cl\/index.php?rest_route=\/wp\/v2\/users\/2"}],"replies":[{"embeddable":true,"href":"https:\/\/www.radiolimari.cl\/index.php?rest_route=%2Fwp%2Fv2%2Fcomments&post=8231"}],"version-history":[{"count":1,"href":"https:\/\/www.radiolimari.cl\/index.php?rest_route=\/wp\/v2\/posts\/8231\/revisions"}],"predecessor-version":[{"id":8233,"href":"https:\/\/www.radiolimari.cl\/index.php?rest_route=\/wp\/v2\/posts\/8231\/revisions\/8233"}],"wp:featuredmedia":[{"embeddable":true,"href":"https:\/\/www.radiolimari.cl\/index.php?rest_route=\/wp\/v2\/media\/8232"}],"wp:attachment":[{"href":"https:\/\/www.radiolimari.cl\/index.php?rest_route=%2Fwp%2Fv2%2Fmedia&parent=8231"}],"wp:term":[{"taxonomy":"category","embeddable":true,"href":"https:\/\/www.radiolimari.cl\/index.php?rest_route=%2Fwp%2Fv2%2Fcategories&post=8231"},{"taxonomy":"post_tag","embeddable":true,"href":"https:\/\/www.radiolimari.cl\/index.php?rest_route=%2Fwp%2Fv2%2Ftags&post=8231"}],"curies":[{"name":"wp","href":"https:\/\/api.w.org\/{rel}","templated":true}]}}