{"id":8228,"date":"2022-12-19T13:51:56","date_gmt":"2022-12-19T13:51:56","guid":{"rendered":"https:\/\/www.radiolimari.cl\/?p=8228"},"modified":"2022-12-19T13:51:57","modified_gmt":"2022-12-19T13:51:57","slug":"rio-hurtado-monte-patria-y-coquimbo-ministerio-de-culturas-apoyara-iniciativas-para-generar-programacion-cultural-en-la-region","status":"publish","type":"post","link":"https:\/\/www.radiolimari.cl\/?p=8228","title":{"rendered":"R\u00edo Hurtado, Monte Patria y Coquimbo: Ministerio de Culturas apoyar\u00e1 iniciativas para generar programaci\u00f3n cultural en la regi\u00f3n"},"content":{"rendered":"\n<figure class=\"wp-block-image size-large\"><a href=\"https:\/\/www.radiolimari.cl\/wp-content\/uploads\/2022\/12\/IMG_20220817_140827561_HDR-scaled.jpg\"><img fetchpriority=\"high\" decoding=\"async\" width=\"1024\" height=\"576\" src=\"https:\/\/www.radiolimari.cl\/wp-content\/uploads\/2022\/12\/IMG_20220817_140827561_HDR-1024x576.jpg\" alt=\"\" class=\"wp-image-8229\" srcset=\"https:\/\/www.radiolimari.cl\/wp-content\/uploads\/2022\/12\/IMG_20220817_140827561_HDR-1024x576.jpg 1024w, https:\/\/www.radiolimari.cl\/wp-content\/uploads\/2022\/12\/IMG_20220817_140827561_HDR-300x169.jpg 300w, https:\/\/www.radiolimari.cl\/wp-content\/uploads\/2022\/12\/IMG_20220817_140827561_HDR-768x432.jpg 768w, https:\/\/www.radiolimari.cl\/wp-content\/uploads\/2022\/12\/IMG_20220817_140827561_HDR-1536x864.jpg 1536w, https:\/\/www.radiolimari.cl\/wp-content\/uploads\/2022\/12\/IMG_20220817_140827561_HDR-2048x1152.jpg 2048w\" sizes=\"(max-width: 1024px) 100vw, 1024px\" \/><\/a><figcaption class=\"wp-element-caption\"><strong>La Convocatoria para la Gesti\u00f3n Cultural Local 2022 entreg\u00f3 m\u00e1s de 900 millones de pesos, recursos que benefician a sesenta comunas del pa\u00eds para aumentar su programaci\u00f3n cultural. A la Regi\u00f3n de Coquimbo fueron asignados $45 millones en total <\/strong><\/figcaption><\/figure>\n\n\n\n<p>El Ministerio de las Culturas, las Artes y el Patrimonio, a trav\u00e9s de su programa Red Cultura, del Departamento de Ciudadan\u00eda Cultural, anunci\u00f3 los proyectos seleccionados de la Convocatoria para la Gesti\u00f3n Cultural Local, iniciativa orientada en aumentar la planificaci\u00f3n y programaci\u00f3n cultural en las distintas comunas del pa\u00eds, vinculando a la comunidad y al sector art\u00edstico-cultural con la gobernanza local y los espacios culturales.<\/p>\n\n\n\n<p>La instancia, para su versi\u00f3n 2022, entreg\u00f3 un total de $932.277.487 millones de pesos, destinados a beneficiar a m\u00e1s de sesenta comunas del pa\u00eds y cerca de diez proyectos asociativos de espacios culturales, en materias de gastos de contrataci\u00f3n de artistas, pagos por derechos de autor y\/o derechos conexos, difusi\u00f3n, gastos relacionados a la transmisi\u00f3n remota, entre otros.<\/p>\n\n\n\n<p>Tres proyectos de la Regi\u00f3n de Coquimbo ser\u00e1 cofinanciados gracias a esta iniciativa, los que beneficiar\u00e1n a las comunas de Coquimbo, Monte Patria y R\u00edo Hurtado, por un monto total de 45 millones de pesos. Estos son: la segunda versi\u00f3n de \u201c\u00a1Reencontr\u00e9monos! Las Artes en Movimiento por Coquimbo\u201d, generado por la Municipalidad de Coquimbo; \u201cProgramaci\u00f3n cultural, democr\u00e1tica ciudadana y descentralizada para la comuna de Monte Patria\u201d, desarrollado por la Municipalidad de Monte Patria, y el proyecto \u201cCentro de Difusi\u00f3n Patrimonial para el Fortalecimiento de la Gesti\u00f3n Cultural de R\u00edo Hurtado\u201d, creado por la Municipalidad de R\u00edo Hurtado.<\/p>\n\n\n\n<p>El seremi de Culturas, las Artes y el Patrimonio, Cedric Steinlen, coment\u00f3 que \u201cla Convocatoria para la Gesti\u00f3n Cultural Local es una gran herramienta que permitir\u00e1 vincular el trabajo de cultores, gestores y artistas de nuestra regi\u00f3n con los gobiernos locales y sus comunidades; creemos fuertemente como ministerio que la colaboraci\u00f3n entre los diferentes actores que componen el sector cultural es esencial para seguir en la senda de la reactivaci\u00f3n cultural\u201d.&nbsp;<\/p>\n\n\n\n<p>La iniciativa \u201c\u00a1Reencontr\u00e9monos! Las Artes en Movimiento por Coquimbo\u201d busca generar una programaci\u00f3n cultural regular con artistas locales, en la que se realizar\u00e1n talleres de artesan\u00eda y m\u00fasica, presentaciones musicales, recitales po\u00e9ticos y exhibiciones de artes visuales, entre otras actividades, durante cinco meses en diferentes sectores de la comuna puerto. Al respecto, Hugo Prado, coordinador del Departamento de Cultura de la Municipalidad de Coquimbo, coment\u00f3 que \u201ctodo lo que pueda generar el Ministerio de Culturas en conjunto con los municipios va fortaleciendo la relaci\u00f3n entre los artistas y la comunidad. Adem\u00e1s, este proyecto va generando las instancias de participaci\u00f3n ciudadana en el territorio, tal como su primera versi\u00f3n, en donde el p\u00fablico pudo disfrutar en familia y con todos los resguardos sanitarios\u201d.<br><br>Por su parte, el proyecto \u201cProgramaci\u00f3n cultural, democr\u00e1tica ciudadana y descentralizada\u201d busca generar programaci\u00f3n cultural local que est\u00e9 presente en los diferentes territorios de la comuna, con una nutrida agenda de actividades culturales, compuesta por presentaciones circenses, exposiciones po\u00e9ticas y literarias, adem\u00e1s de conciertos de m\u00fasica y danza. Marcelo Rivera, encargado del Departamento de Cultura de la Municipalidad de Monte Patria, expres\u00f3 que \u201ccomo municipio estamos muy contentos con la aprobaci\u00f3n de este fondo, que nos va a permitir descentralizar, fortalecer y asegurar el libre acceso y el derecho a la cultura de todos los vecinos y vecinas de nuestra comuna\u201d.<br><br>Finalmente, el plan \u201cCentro de Difusi\u00f3n Patrimonial para el Fortalecimiento de la Gesti\u00f3n Cultural de R\u00edo Hurtado\u201d busca relevar y dar funcionamiento a la infraestructura de primer nivel presente en el Centro de Difusi\u00f3n Patrimonial de la comuna limarina, ubicado en el Monumento Natural Pichasca. La iniciativa generar\u00e1 programaci\u00f3n y circulaci\u00f3n de actividades de diferentes disciplinas art\u00edsticas, contemplando la exhibici\u00f3n de obras de teatro y t\u00edteres, talleres de fotograf\u00eda para ni\u00f1os, ni\u00f1as y j\u00f3venes, talleres de orfebrer\u00eda y artesan\u00eda en greda, conciertos, entre otras actividades.<\/p>\n\n\n\n<p><\/p>\n","protected":false},"excerpt":{"rendered":"<p>El Ministerio de las Culturas, las Artes y el Patrimonio, a trav\u00e9s de su programa Red Cultura, del Departamento de Ciudadan\u00eda Cultural, anunci\u00f3 los proyectos seleccionados de la Convocatoria para la Gesti\u00f3n Cultural Local, iniciativa orientada en aumentar la planificaci\u00f3n y programaci\u00f3n cultural en las distintas comunas del pa\u00eds, vinculando a la comunidad y al &#8230;<\/p>\n","protected":false},"author":2,"featured_media":8229,"comment_status":"open","ping_status":"open","sticky":false,"template":"","format":"standard","meta":{"footnotes":""},"categories":[5],"tags":[],"class_list":["post-8228","post","type-post","status-publish","format-standard","has-post-thumbnail","hentry","category-actualidad-limarina"],"_links":{"self":[{"href":"https:\/\/www.radiolimari.cl\/index.php?rest_route=\/wp\/v2\/posts\/8228","targetHints":{"allow":["GET"]}}],"collection":[{"href":"https:\/\/www.radiolimari.cl\/index.php?rest_route=\/wp\/v2\/posts"}],"about":[{"href":"https:\/\/www.radiolimari.cl\/index.php?rest_route=\/wp\/v2\/types\/post"}],"author":[{"embeddable":true,"href":"https:\/\/www.radiolimari.cl\/index.php?rest_route=\/wp\/v2\/users\/2"}],"replies":[{"embeddable":true,"href":"https:\/\/www.radiolimari.cl\/index.php?rest_route=%2Fwp%2Fv2%2Fcomments&post=8228"}],"version-history":[{"count":1,"href":"https:\/\/www.radiolimari.cl\/index.php?rest_route=\/wp\/v2\/posts\/8228\/revisions"}],"predecessor-version":[{"id":8230,"href":"https:\/\/www.radiolimari.cl\/index.php?rest_route=\/wp\/v2\/posts\/8228\/revisions\/8230"}],"wp:featuredmedia":[{"embeddable":true,"href":"https:\/\/www.radiolimari.cl\/index.php?rest_route=\/wp\/v2\/media\/8229"}],"wp:attachment":[{"href":"https:\/\/www.radiolimari.cl\/index.php?rest_route=%2Fwp%2Fv2%2Fmedia&parent=8228"}],"wp:term":[{"taxonomy":"category","embeddable":true,"href":"https:\/\/www.radiolimari.cl\/index.php?rest_route=%2Fwp%2Fv2%2Fcategories&post=8228"},{"taxonomy":"post_tag","embeddable":true,"href":"https:\/\/www.radiolimari.cl\/index.php?rest_route=%2Fwp%2Fv2%2Ftags&post=8228"}],"curies":[{"name":"wp","href":"https:\/\/api.w.org\/{rel}","templated":true}]}}