{"id":8225,"date":"2022-12-17T23:26:24","date_gmt":"2022-12-17T23:26:24","guid":{"rendered":"https:\/\/www.radiolimari.cl\/?p=8225"},"modified":"2022-12-17T23:26:25","modified_gmt":"2022-12-17T23:26:25","slug":"seremi-de-educacion-con-apoyo-de-seremi-de-las-cultura-artes-y-patrimonio-y-gobierno-regional-reconocen-a-estudiantes-finalistas-de-concurso-de-poesia-y-prosa-poetica-el-sello-gabriela-mist","status":"publish","type":"post","link":"https:\/\/www.radiolimari.cl\/?p=8225","title":{"rendered":"<strong>Seremi de Educaci\u00f3n con apoyo de Seremi de Las Cultura, Artes y Patrimonio y Gobierno Regional: <\/strong><strong>Reconocen a estudiantes finalistas de concurso de poes\u00eda y prosa po\u00e9tica \u201cEl Sello Gabriela Mistral\u201d<\/strong>"},"content":{"rendered":"\n<figure class=\"wp-block-image size-large\"><a href=\"https:\/\/www.radiolimari.cl\/wp-content\/uploads\/2022\/12\/1.-Reconocimiento-Concurso-Literario-El-Sello-Gabriela-Mistral.jpg\"><img fetchpriority=\"high\" decoding=\"async\" width=\"1024\" height=\"768\" src=\"https:\/\/www.radiolimari.cl\/wp-content\/uploads\/2022\/12\/1.-Reconocimiento-Concurso-Literario-El-Sello-Gabriela-Mistral-1024x768.jpg\" alt=\"\" class=\"wp-image-8226\" srcset=\"https:\/\/www.radiolimari.cl\/wp-content\/uploads\/2022\/12\/1.-Reconocimiento-Concurso-Literario-El-Sello-Gabriela-Mistral-1024x768.jpg 1024w, https:\/\/www.radiolimari.cl\/wp-content\/uploads\/2022\/12\/1.-Reconocimiento-Concurso-Literario-El-Sello-Gabriela-Mistral-300x225.jpg 300w, https:\/\/www.radiolimari.cl\/wp-content\/uploads\/2022\/12\/1.-Reconocimiento-Concurso-Literario-El-Sello-Gabriela-Mistral-768x576.jpg 768w, https:\/\/www.radiolimari.cl\/wp-content\/uploads\/2022\/12\/1.-Reconocimiento-Concurso-Literario-El-Sello-Gabriela-Mistral.jpg 1290w\" sizes=\"(max-width: 1024px) 100vw, 1024px\" \/><\/a><figcaption class=\"wp-element-caption\">Entre los ganadores hubo estudiantes de las comunas de Punitaqui y Ovalle<\/figcaption><\/figure>\n\n\n\n<p>Despertar el inter\u00e9s por la literatura, incentivar y desarrollar la escritura, la creaci\u00f3n literaria de poes\u00eda y prosa po\u00e9tica en ni\u00f1as, ni\u00f1os, adolescentes y personas j\u00f3venes y adultas es el prop\u00f3sito del concurso literario de poes\u00eda y prosa po\u00e9tica \u201cEl Sello Gabriela Mistral\u201d de la Secretar\u00eda Regional Ministerial de Educaci\u00f3n, que reconoci\u00f3 a los estudiantes con talento literario de las tres provincias de la regi\u00f3n.<\/p>\n\n\n\n<p>A nivel regional fueron reconocidas y reconocidos 14 estudiantes. En la categor\u00eda de Educaci\u00f3n Parvularia dibujo, el primer lugar fue para la estudiante Agustina V\u00e1squez Campos de la Escuela Berta Hidalgo Barahona, comuna de Salamanca con \u201c\u00bfEn d\u00f3nde tejemos la ronda?\u201d; el segundo lugar fue para la estudiante Paz Campos Nettle del Colegio Irma Salas Silva de la comuna de Punitaqui con \u201cDame la mano\u201d y el tercer lugar fue para la alumna Emilia Antonia Dub\u00f3 Valenzuela del Colegio Mar\u00eda de Andacollo de Coquimbo con \u201cEl Papagayo de Gabriela Mistral\u201d.<\/p>\n\n\n\n<p>En categor\u00eda poes\u00eda Ense\u00f1anza B\u00e1sica de primero a cuarto b\u00e1sico el primer lugar lo obtuvo el estudiante Mathias Alessandro S\u00e1nchez De Oliveira de la Escuela B\u00e1sica Arturo Alessandri Palma de la comuna de Ovalle con el poema \u201cAndar de mi infancia\u201d; el segundo lugar fue para el alumno Alonso Beltr\u00e1n de la Escuela Divina Providencia de la comuna de Los Vilos con el poema \u201cMi meta\u201d y el tercer lugar fue para la alumna Constanza Javiera Duarte Carrasco&nbsp; de la Escuela Mario Mu\u00f1oz Silva de la comuna de Coquimbo con el poema \u201cNaturaleza\u201d.<\/p>\n\n\n\n<p>En categor\u00eda poes\u00eda Ense\u00f1anza B\u00e1sica de quinto a octavo b\u00e1sico el primer lugar lo obtuvo la estudiante Aurora Arenas Astudillo de la Escuela Divina Providencia de la comuna de Los Vilos, con el poema \u201cDe Sue\u00f1os y Araucarias\u201d; el segundo lugar fue para la alumna Amanda Javiera Salinas Chacana del Colegio Teresa Videla de Gonz\u00e1lez de la comuna de La Serena con el poema \u201cLa desnudez de mi hoja\u201d y el tercer lugar fue para la alumna Cristina \u00c1valos Rojas de la Escuela Antonio Tirado Lanas de la comuna de Ovalle con el poema \u201cCuartitas\u201d.<\/p>\n\n\n\n<p>En categor\u00eda poes\u00eda y prosa po\u00e9tica Ense\u00f1anza Media el primer lugar lo obtuvo la estudiante Antonella Callejas Wevar del colegio Irma Salas Silva de la comuna de Punitaqui, con la obra \u201cEl Espejo\u201d; el segundo lugar fue para el alumno Juan Pablo Rafael Campos P\u00e9rez del colegio San Francisco Javier, de la comuna de Los Vilos con la obra \u201cEl todo de mi vida\u201d y el tercer lugar fue para Constanza Antonia Villalobos Gorigoit\u00eda del colegio Teresa Videla de Gonz\u00e1lez de la comuna de La Serena&nbsp; con la obra \u201cMi cuarto, mi universo\u201d.<\/p>\n\n\n\n<p>En la categor\u00eda poes\u00eda y prosa po\u00e9tica, de educaci\u00f3n de personas j\u00f3venes y adultas en modalidad regular: Centros de Educaci\u00f3n Integrada de Adultos (CEIA) y terceras Jornadas, el primer lugar lo obtuvo la estudiante N\u00e9lida del Rosario Molina Gonz\u00e1lez del colegio para personas j\u00f3venes y adultas \u201cLibre Ser Mistraliano\u201d de la comuna de Paihuano con la obra \u201cGrito y clamor de la tierra\u201d y el segundo lugar fue para Yocelyn Alejandra Castillo V\u00e9liz del Centro de Educaci\u00f3n Integral de Adultos Limar\u00ed de la comuna de Ovalle con la obra \u201cNaturaleza viva\u201d. En esta versi\u00f3n, la provincia de Choapa no particip\u00f3 en dicha categor\u00eda.<\/p>\n\n\n\n<p>La estudiante Antonella Callejas Wevar del colegio Irma Salas Silva de la comuna de Punitaqui obtuvo el primer lugar provincial y regional en ense\u00f1anza media con la obra \u201cEl Espejo\u201d quien relat\u00f3 que \u201cescribo hace mucho tiempo y en pandemia empec\u00e9 a hacerlo m\u00e1s seguido como una forma de expresar lo que sent\u00eda\u201d. Dice que en su poema \u201cEl Espejo\u201d se inspir\u00f3 \u201cen lo que siento, son como ideas que se vienen a mi cabeza de repente y luego salen los poemas. Me sorprendi\u00f3 mucho ganar porque tambi\u00e9n le\u00ed los poemas de mis compa\u00f1eros y los encontr\u00e9 muy buenos. Haber ganado me emocion\u00f3 mucho. Gabriela Mistral es un ejemplo a seguir, me gusta mucho y leo mucho de ella\u201d.<\/p>\n\n\n\n<p>El segundo lugar regional en la categor\u00eda de Educaci\u00f3n de Personas J\u00f3venes y Adultas lo obtuvo Yocelyn Castillo V\u00e9liz del Centro de Educaci\u00f3n Integral de Adultos Limar\u00ed de la comuna de Ovalle con su obra \u201cNaturaleza Viva\u201d expresando que se inspir\u00f3 \u201cen tanta contaminaci\u00f3n que hay en Ovalle, que antes era un paisaje tan bonito y ahora tiene tanta contaminaci\u00f3n. Escribo harto y leo demasiado, voy leyendo y escribiendo fragmentos de lo que me gusta de los libros. El concurso es muy entretenido porque nos hace participar a los adultos, porque a algunos nos da miedo volver a estudiar. Que se den estas instancias son s\u00faper buenas. Gabriela Mistral es inspiradora en todos los sentidos para las mujeres\u201d.&nbsp;<\/p>\n\n\n\n<p>En tanto, la alumna Constanza Duarte de la escuela Mario Mu\u00f1oz Silva de Coquimbo quien logr\u00f3 el tercer lugar regional en ense\u00f1anza b\u00e1sica de primero a cuarto b\u00e1sico con el poema \u201cNaturaleza\u201d se\u00f1al\u00f3&nbsp; que \u201cme inspir\u00e9 en lo c\u00f3modo y bonito que es la naturaleza. Esperaba ganar. Me encanta escribir. Gabriela Mistral es un ejemplo a seguir y era una muy buena persona. Me encantar\u00eda ser escritora\u201d.<\/p>\n\n\n\n<p>La Seremi de Educaci\u00f3n, Cecilia Ram\u00edrez Ch\u00e1vez destac\u00f3 que \u201csiempre es muy importante relevar no solo la figura de nuestra Gabriela Mistral sino tambi\u00e9n destacar el talento de las y los estudiantes de la regi\u00f3n. El talento regional es invaluable y son impactantes los escritos de las y los estudiantes. M\u00e1s de 800 estudiantes participaron de este concurso. Esperamos que el pr\u00f3ximo a\u00f1o sean muchos m\u00e1s. Ya es la sexta versi\u00f3n del concurso El Sello Gabriela Mistral. Esto nace desde la Seremi de Educaci\u00f3n en conjunto con la Seremi de las Culturas, las Artes y el Patrimonio y con apoyo del Gobierno Regional, y es de la estrategia y plan de fortalecimiento de la lectura y escritura. Nuestra labor es seguir potenciando el talento de las y los estudiantes y&nbsp; fomentar la lectura, escritura y comunicaci\u00f3n, a trav\u00e9s de la Pol\u00edtica de Reactivaci\u00f3n Educativa Integral \u201cSeamos Comunidad\u201d.<\/p>\n\n\n\n<p>El Seremi de las Culturas, las Artes y el Patrimonio, Cedric Steinlen Cuevas resalt\u00f3 la iniciativa \u201cque se enmarca en el programa regional que busca el fomento de la lectura y escritura de ni\u00f1as, ni\u00f1os y j\u00f3venes. Es muy importante debido a que tras dos a\u00f1os de pandemia algunos aprendizajes de los ni\u00f1os que no pudieron asistir regularmente a clases fueron perjudicados. Y es, a trav\u00e9s de este tipo de concursos que pueden desarrollar su creatividad y subsanar las dificultades que trajo el encierro, las medidas sanitarias y la pandemia. Estamos entusiasmados del resultado de este concurso del a\u00f1o 2022 porque viene apoyar de manera transversal el aprendizaje en la lectoescritura\u201d.<\/p>\n\n\n\n<p><strong>Sexta Versi\u00f3n del Concurso \u201cEl Sello Gabriela Mistral\u201d<\/strong><\/p>\n\n\n\n<p>El concurso \u201cEl Sello Gabriela Mistral\u201d fue creado en 2017 por la funcionaria, poeta y profesora Elena Jim\u00e9nez de la Secretar\u00eda Regional Ministerial de Educaci\u00f3n y rinde honor a nuestra insigne maestra, poetisa y premio nobel. Est\u00e1 dirigido a estudiantes de establecimientos educacionales de todas las dependencias: p\u00fablicos, municipales, particulares subvencionados y particulares pagados, aulas hospitalarias, de validaci\u00f3n de estudios, de educaci\u00f3n para personas j\u00f3venes y adultas y p\u00e1rvulos de jardines infantiles y colegios. Han participado m\u00e1s de tres mil estudiantes en sus seis versiones.<\/p>\n\n\n\n<p>El concurso ha tenido la colaboraci\u00f3n de la Secretar\u00eda Ministerial de las Culturas, las Artes y el Patrimonio, a trav\u00e9s del Plan Nacional y Regional de la Lectura. Tambi\u00e9n ha sido apoyado por el Gobierno Regional de Coquimbo, a trav\u00e9s de su Unidad Ruta Patrimonial Camino a Gabriela Mistral que public\u00f3 en 2019 la primera antolog\u00eda \u201cEl Sello Gabriela Mistral\u201d, con las creaciones m\u00e1s destacadas entre 2017 \u2013 2019. En 2023 se publicar\u00e1 una segunda antolog\u00eda con los trabajos m\u00e1s destacados de 2020 y 2021, ejemplares que ser\u00e1n entregados a todos los establecimientos educacionales y bibliotecas p\u00fablicas de la regi\u00f3n.&nbsp;<\/p>\n\n\n\n<p>de Adultos (CEIA) y Terceras Jornadas (vespertino) con poes\u00eda y prosa po\u00e9tica.<\/p>\n","protected":false},"excerpt":{"rendered":"<p>Despertar el inter\u00e9s por la literatura, incentivar y desarrollar la escritura, la creaci\u00f3n literaria de poes\u00eda y prosa po\u00e9tica en ni\u00f1as, ni\u00f1os, adolescentes y personas j\u00f3venes y adultas es el prop\u00f3sito del concurso literario de poes\u00eda y prosa po\u00e9tica \u201cEl Sello Gabriela Mistral\u201d de la Secretar\u00eda Regional Ministerial de Educaci\u00f3n, que reconoci\u00f3 a los estudiantes &#8230;<\/p>\n","protected":false},"author":2,"featured_media":8226,"comment_status":"open","ping_status":"open","sticky":false,"template":"","format":"standard","meta":{"footnotes":""},"categories":[6],"tags":[],"class_list":["post-8225","post","type-post","status-publish","format-standard","has-post-thumbnail","hentry","category-regionales"],"_links":{"self":[{"href":"https:\/\/www.radiolimari.cl\/index.php?rest_route=\/wp\/v2\/posts\/8225","targetHints":{"allow":["GET"]}}],"collection":[{"href":"https:\/\/www.radiolimari.cl\/index.php?rest_route=\/wp\/v2\/posts"}],"about":[{"href":"https:\/\/www.radiolimari.cl\/index.php?rest_route=\/wp\/v2\/types\/post"}],"author":[{"embeddable":true,"href":"https:\/\/www.radiolimari.cl\/index.php?rest_route=\/wp\/v2\/users\/2"}],"replies":[{"embeddable":true,"href":"https:\/\/www.radiolimari.cl\/index.php?rest_route=%2Fwp%2Fv2%2Fcomments&post=8225"}],"version-history":[{"count":1,"href":"https:\/\/www.radiolimari.cl\/index.php?rest_route=\/wp\/v2\/posts\/8225\/revisions"}],"predecessor-version":[{"id":8227,"href":"https:\/\/www.radiolimari.cl\/index.php?rest_route=\/wp\/v2\/posts\/8225\/revisions\/8227"}],"wp:featuredmedia":[{"embeddable":true,"href":"https:\/\/www.radiolimari.cl\/index.php?rest_route=\/wp\/v2\/media\/8226"}],"wp:attachment":[{"href":"https:\/\/www.radiolimari.cl\/index.php?rest_route=%2Fwp%2Fv2%2Fmedia&parent=8225"}],"wp:term":[{"taxonomy":"category","embeddable":true,"href":"https:\/\/www.radiolimari.cl\/index.php?rest_route=%2Fwp%2Fv2%2Fcategories&post=8225"},{"taxonomy":"post_tag","embeddable":true,"href":"https:\/\/www.radiolimari.cl\/index.php?rest_route=%2Fwp%2Fv2%2Ftags&post=8225"}],"curies":[{"name":"wp","href":"https:\/\/api.w.org\/{rel}","templated":true}]}}