{"id":8215,"date":"2022-12-15T20:12:24","date_gmt":"2022-12-15T20:12:24","guid":{"rendered":"https:\/\/www.radiolimari.cl\/?p=8215"},"modified":"2022-12-15T20:12:24","modified_gmt":"2022-12-15T20:12:24","slug":"en-monte-patria-vecinos-afectados-por-el-incendio-de-los-laureles-reciben-las-llaves-de-sus-viviendas-de-emergencia","status":"publish","type":"post","link":"https:\/\/www.radiolimari.cl\/?p=8215","title":{"rendered":"En Monte Patria vecinos afectados por el incendio de Los Laureles reciben las llaves de sus viviendas de emergencia"},"content":{"rendered":"\n<figure class=\"wp-block-image size-large\"><a href=\"https:\/\/www.radiolimari.cl\/wp-content\/uploads\/2022\/12\/WhatsApp-Image-2022-12-15-at-9.07.44-AM-7.jpeg\"><img fetchpriority=\"high\" decoding=\"async\" width=\"1024\" height=\"682\" src=\"https:\/\/www.radiolimari.cl\/wp-content\/uploads\/2022\/12\/WhatsApp-Image-2022-12-15-at-9.07.44-AM-7-1024x682.jpeg\" alt=\"\" class=\"wp-image-8216\" srcset=\"https:\/\/www.radiolimari.cl\/wp-content\/uploads\/2022\/12\/WhatsApp-Image-2022-12-15-at-9.07.44-AM-7-1024x682.jpeg 1024w, https:\/\/www.radiolimari.cl\/wp-content\/uploads\/2022\/12\/WhatsApp-Image-2022-12-15-at-9.07.44-AM-7-300x200.jpeg 300w, https:\/\/www.radiolimari.cl\/wp-content\/uploads\/2022\/12\/WhatsApp-Image-2022-12-15-at-9.07.44-AM-7-768x512.jpeg 768w, https:\/\/www.radiolimari.cl\/wp-content\/uploads\/2022\/12\/WhatsApp-Image-2022-12-15-at-9.07.44-AM-7.jpeg 1280w\" sizes=\"(max-width: 1024px) 100vw, 1024px\" \/><\/a><figcaption class=\"wp-element-caption\"><strong><em>Una de las \u00faltimas gestiones realizadas por la comunidad y las instituciones colaboradoras es un proyecto de reforestaci\u00f3n, el cual ser\u00e1 trabajado por CONAF y con apoyo de los propios habitantes de Los Laureles.<\/em><\/strong><\/figcaption><\/figure>\n\n\n\n<p>Ha pasado cerca de seis semanas desde la recordada madrugada del 1 de noviembre de este 2022, fecha en la que la comunidad de Los Laureles en Monte Patria sufri\u00f3 uno de los incendios m\u00e1s grandes de esta temporada de altas temperaturas en la regi\u00f3n. Hoy, dicha comunidad recibe las llaves de sus viviendas de emergencia, hito importante para dar los siguientes pasos en este proceso de recuperaci\u00f3n.<\/p>\n\n\n\n<p>Las 21 familias de Los Laureles ya cuentan con acceso sus viviendas de emergencias, este pasado mi\u00e9rcoles 14 se realiz\u00f3 la entrega de las llaves en la sede social de la localidad, la instancia reuni\u00f3 a la mayor\u00eda de los vecinos del sector, autoridades locales y familias en general.<\/p>\n\n\n\n<p>Respecto de las casas entregadas, estas cuentan con 24 metros cuadrados, instaladas en una base de pilotes y cuentan con recubrimiento exterior para las altas temperaturas. Adem\u00e1s de las viviendas propiamente tal, cada una cuenta con su kit de habitabilidad, el cual consiste en camas para los ocupantes, cocinillas, elementos de higiene b\u00e1sico, entre otros aportes.<\/p>\n\n\n\n<p>Sergio Araya Vera, presidente de la junta de vecinos de Los Laureles y uno de los 21 vecinos que recibi\u00f3 sus llaves, coment\u00f3 la importancia de este momento para ellos como comunidad, <strong>\u201cpara nosotros no es un acto simb\u00f3lico, sino m\u00e1s bien es algo especial, est\u00e1bamos esperando el d\u00eda, nosotros aun vivimos como allegados y es lindo tener nuestra casa propia. Estamos felices por tener nuestras casas y nuestras llaves; tambi\u00e9n ya llegaron los kits de habitabilidad, cada casa tiene sus camas\u201d.<\/strong><\/p>\n\n\n\n<p>Desde la coordinaci\u00f3n local, Galo Luna Penna, delegado presidencial provincial del Limar\u00ed, entreg\u00f3 un mensaje claro sobre este proceso de reconstrucci\u00f3n, asumiendo nuevos compromisos a futuro y valorando de igual forma este primer gran paso, <strong>\u201ces un momento especial de sentimientos encontrados, dado a la situaci\u00f3n vivida aqu\u00ed, un incendio de grandes proporciones. Estamos contentos como gobiernos, de haber cumplido los compromisos, a\u00fan nos queda, tenemos pendiente el tema del Agua Potable rural, la entrega de los bonos y otras ayudas. Agradecer a los vecinos de Los Laureles, ellos siempre nos abrieron sus puertas para trabajar con ellos; llevamos poco m\u00e1s de un mes y diez d\u00edas del incendio, este es uno de los casos m\u00e1s expeditos en la instalaci\u00f3n de viviendas de emergencias\u201d.<\/strong><\/p>\n\n\n\n<p>El alcalde de la comuna de Monte Patria, Cristian Herrera Pe\u00f1a, destac\u00f3 la celeridad de las instituciones para llevar a destino estas 21 llaves y 21 casas, las que ya est\u00e1n en manos de los vecinos de Los Laureles, <strong>\u201cun momento emotivo, hoy estamos comenzando este proceso de reconstrucci\u00f3n con un lugar propio, recuperar\u00e1n de a poco su intimidad, su propio lugar. Recordar lo sucedido en la madrigada de este 1 de octubre es complicado, aqu\u00ed hab\u00eda poca credibilidad por parte de los vecinos en cuanto a nuestra reacci\u00f3n, es entendible por la gran p\u00e9rdida que vivieron. Sin embargo, hemos demostrado que la coordinaci\u00f3n de los servicios p\u00fablicos ha respondido de buena forma la exigencia de la ciudadan\u00eda afectada. Agradezco al presidente Gabriel Boric por poner instrucci\u00f3n de esta restauraci\u00f3n\u201d,<\/strong> acot\u00f3 el edil montepatrino, quien adem\u00e1s se refiri\u00f3 al evento navide\u00f1o realizado posterior al hito de entrega de llaves,<strong> \u201cquisimos hacer un show navide\u00f1o por parte del municipio aqu\u00ed en Los Laureles, estos vecinos pasaran una navidad dif\u00edcil, que mejor que con sus nuevas casas, esperemos que disfruten este show navide\u00f1o, con la esperanza que el pr\u00f3ximo a\u00f1o ser\u00e1 un mejor a\u00f1o\u201d.<\/strong><\/p>\n\n\n\n<p>Se espera que contin\u00faen los apoyos y las ayudas a la localidad de Los Laureles, a\u00fan quedan momentos complejos, en especial con el inicio de esta temporada de altas temperaturas y los riesgos de focos de incendio; frente a eso, ya est\u00e1 anunciado a nivel regional, la disponibilidad de un helic\u00f3ptero de emergencia para cualquier caso.<\/p>\n","protected":false},"excerpt":{"rendered":"<p>Ha pasado cerca de seis semanas desde la recordada madrugada del 1 de noviembre de este 2022, fecha en la que la comunidad de Los Laureles en Monte Patria sufri\u00f3 uno de los incendios m\u00e1s grandes de esta temporada de altas temperaturas en la regi\u00f3n. Hoy, dicha comunidad recibe las llaves de sus viviendas de &#8230;<\/p>\n","protected":false},"author":2,"featured_media":8216,"comment_status":"open","ping_status":"open","sticky":false,"template":"","format":"standard","meta":{"footnotes":""},"categories":[5],"tags":[],"class_list":["post-8215","post","type-post","status-publish","format-standard","has-post-thumbnail","hentry","category-actualidad-limarina"],"_links":{"self":[{"href":"https:\/\/www.radiolimari.cl\/index.php?rest_route=\/wp\/v2\/posts\/8215","targetHints":{"allow":["GET"]}}],"collection":[{"href":"https:\/\/www.radiolimari.cl\/index.php?rest_route=\/wp\/v2\/posts"}],"about":[{"href":"https:\/\/www.radiolimari.cl\/index.php?rest_route=\/wp\/v2\/types\/post"}],"author":[{"embeddable":true,"href":"https:\/\/www.radiolimari.cl\/index.php?rest_route=\/wp\/v2\/users\/2"}],"replies":[{"embeddable":true,"href":"https:\/\/www.radiolimari.cl\/index.php?rest_route=%2Fwp%2Fv2%2Fcomments&post=8215"}],"version-history":[{"count":1,"href":"https:\/\/www.radiolimari.cl\/index.php?rest_route=\/wp\/v2\/posts\/8215\/revisions"}],"predecessor-version":[{"id":8217,"href":"https:\/\/www.radiolimari.cl\/index.php?rest_route=\/wp\/v2\/posts\/8215\/revisions\/8217"}],"wp:featuredmedia":[{"embeddable":true,"href":"https:\/\/www.radiolimari.cl\/index.php?rest_route=\/wp\/v2\/media\/8216"}],"wp:attachment":[{"href":"https:\/\/www.radiolimari.cl\/index.php?rest_route=%2Fwp%2Fv2%2Fmedia&parent=8215"}],"wp:term":[{"taxonomy":"category","embeddable":true,"href":"https:\/\/www.radiolimari.cl\/index.php?rest_route=%2Fwp%2Fv2%2Fcategories&post=8215"},{"taxonomy":"post_tag","embeddable":true,"href":"https:\/\/www.radiolimari.cl\/index.php?rest_route=%2Fwp%2Fv2%2Ftags&post=8215"}],"curies":[{"name":"wp","href":"https:\/\/api.w.org\/{rel}","templated":true}]}}