{"id":8212,"date":"2022-12-13T21:50:32","date_gmt":"2022-12-13T21:50:32","guid":{"rendered":"https:\/\/www.radiolimari.cl\/?p=8212"},"modified":"2022-12-13T21:50:32","modified_gmt":"2022-12-13T21:50:32","slug":"admision-escolar-2023-resultados-de-las-postulaciones-al-periodo-complementario-e-inicio-del-periodo-de-matriculas","status":"publish","type":"post","link":"https:\/\/www.radiolimari.cl\/?p=8212","title":{"rendered":"<strong>Admisi\u00f3n Escolar 2023: resultados de las postulaciones al periodo complementario e inicio del periodo de matr\u00edculas<\/strong>"},"content":{"rendered":"\n<figure class=\"wp-block-image size-large is-resized\"><a href=\"https:\/\/www.radiolimari.cl\/wp-content\/uploads\/2022\/12\/1.-Resultados-proceso-complementario-SAE-scaled.jpg\"><img fetchpriority=\"high\" decoding=\"async\" src=\"https:\/\/www.radiolimari.cl\/wp-content\/uploads\/2022\/12\/1.-Resultados-proceso-complementario-SAE-1024x768.jpg\" alt=\"\" class=\"wp-image-8213\" width=\"404\" height=\"303\" srcset=\"https:\/\/www.radiolimari.cl\/wp-content\/uploads\/2022\/12\/1.-Resultados-proceso-complementario-SAE-1024x768.jpg 1024w, https:\/\/www.radiolimari.cl\/wp-content\/uploads\/2022\/12\/1.-Resultados-proceso-complementario-SAE-300x225.jpg 300w, https:\/\/www.radiolimari.cl\/wp-content\/uploads\/2022\/12\/1.-Resultados-proceso-complementario-SAE-768x576.jpg 768w, https:\/\/www.radiolimari.cl\/wp-content\/uploads\/2022\/12\/1.-Resultados-proceso-complementario-SAE-1536x1152.jpg 1536w, https:\/\/www.radiolimari.cl\/wp-content\/uploads\/2022\/12\/1.-Resultados-proceso-complementario-SAE-2048x1536.jpg 2048w\" sizes=\"(max-width: 404px) 100vw, 404px\" \/><\/a><figcaption class=\"wp-element-caption\"><br>Este martes 13 de diciembre se dieron a conocer los resultados de las postulaciones al Sistema de Admisi\u00f3n Escolar (SAE) realizadas en el periodo complementario <\/figcaption><\/figure>\n\n\n\n<p>El SAE es el sistema \u00fanico de postulaci\u00f3n a todos los establecimientos escolares que reciben financiamiento del Estado (SAE). El ministro de Educaci\u00f3n, Marco Antonio \u00c1vila, explic\u00f3 que su objetivo es \u201celiminar las barreras de entrada a la educaci\u00f3n y a los diversos proyectos educativos que ofrecen las escuelas, colegios y liceos que son financiados con recursos estatales. En este sistema, son las familias quienes eligen el establecimiento educativo de su inter\u00e9s, y no al rev\u00e9s\u201d.<\/p>\n\n\n\n<p>Asimismo, entre el mi\u00e9rcoles 14 y el martes 27 de diciembre se llevar\u00e1 adelante el periodo de matr\u00edculas, donde todas las familias que tienen un establecimiento asignado en el periodo principal o complementario deben asistir presencialmente a matricular a las y los estudiantes. En estas fechas tambi\u00e9n deben matricularse quienes se mantienen en su establecimiento y por lo tanto, no postularon al SAE. El cupo asignado queda reservado durante todo el proceso, por lo que no importa la fecha en que los apoderados asisten a matricular, siempre que sea dentro del periodo.<\/p>\n\n\n\n<p>La seremi de Educaci\u00f3n Cecilia Ram\u00edrez Ch\u00e1vez manifest\u00f3 que \u201chago un llamado a las familias y a las y los apoderadas (os) que postularon por el sistema de admisi\u00f3n escolar a escuelas y liceos en el periodo complementario, a revisar los resultados a partir de este martes 13 de diciembre en la plataforma&nbsp;<a href=\"http:\/\/www.xn--sistemadeadmisinescolar-kjc.cl\/\" target=\"_blank\" rel=\"noreferrer noopener\">www.sistemadeadmisi\u00f3nescolar.cl<\/a>&nbsp;&nbsp;Y las familias y apoderadas (os) que cuenten con un establecimiento asignado que acudan de forma presencial a matricular a sus hijas (os), ni\u00f1as (os) o adolescentes a cargo, entre el 14 al 27 de diciembre\u201d.<\/p>\n\n\n\n<p>La seremi agreg\u00f3 que \u201ces importante recordar que el tr\u00e1mite de la matr\u00edcula es presencial en la escuela o liceo asignado, y es necesario para asegurar el cupo obtenido, ya que al t\u00e9rmino de este proceso, se liberan los cupos no utilizados y las vacantes disponibles, en una primera etapa para los estudiantes que repitieron de curso y posteriormente para quienes no tuvieron asignaci\u00f3n, no participaron del proceso o no quisieron matricularse en el establecimiento asignado\u201d.<\/p>\n","protected":false},"excerpt":{"rendered":"<p>El SAE es el sistema \u00fanico de postulaci\u00f3n a todos los establecimientos escolares que reciben financiamiento del Estado (SAE). El ministro de Educaci\u00f3n, Marco Antonio \u00c1vila, explic\u00f3 que su objetivo es \u201celiminar las barreras de entrada a la educaci\u00f3n y a los diversos proyectos educativos que ofrecen las escuelas, colegios y liceos que son financiados &#8230;<\/p>\n","protected":false},"author":2,"featured_media":8213,"comment_status":"open","ping_status":"open","sticky":false,"template":"","format":"standard","meta":{"footnotes":""},"categories":[6],"tags":[],"class_list":["post-8212","post","type-post","status-publish","format-standard","has-post-thumbnail","hentry","category-regionales"],"_links":{"self":[{"href":"https:\/\/www.radiolimari.cl\/index.php?rest_route=\/wp\/v2\/posts\/8212","targetHints":{"allow":["GET"]}}],"collection":[{"href":"https:\/\/www.radiolimari.cl\/index.php?rest_route=\/wp\/v2\/posts"}],"about":[{"href":"https:\/\/www.radiolimari.cl\/index.php?rest_route=\/wp\/v2\/types\/post"}],"author":[{"embeddable":true,"href":"https:\/\/www.radiolimari.cl\/index.php?rest_route=\/wp\/v2\/users\/2"}],"replies":[{"embeddable":true,"href":"https:\/\/www.radiolimari.cl\/index.php?rest_route=%2Fwp%2Fv2%2Fcomments&post=8212"}],"version-history":[{"count":1,"href":"https:\/\/www.radiolimari.cl\/index.php?rest_route=\/wp\/v2\/posts\/8212\/revisions"}],"predecessor-version":[{"id":8214,"href":"https:\/\/www.radiolimari.cl\/index.php?rest_route=\/wp\/v2\/posts\/8212\/revisions\/8214"}],"wp:featuredmedia":[{"embeddable":true,"href":"https:\/\/www.radiolimari.cl\/index.php?rest_route=\/wp\/v2\/media\/8213"}],"wp:attachment":[{"href":"https:\/\/www.radiolimari.cl\/index.php?rest_route=%2Fwp%2Fv2%2Fmedia&parent=8212"}],"wp:term":[{"taxonomy":"category","embeddable":true,"href":"https:\/\/www.radiolimari.cl\/index.php?rest_route=%2Fwp%2Fv2%2Fcategories&post=8212"},{"taxonomy":"post_tag","embeddable":true,"href":"https:\/\/www.radiolimari.cl\/index.php?rest_route=%2Fwp%2Fv2%2Ftags&post=8212"}],"curies":[{"name":"wp","href":"https:\/\/api.w.org\/{rel}","templated":true}]}}