{"id":8209,"date":"2022-12-13T20:23:15","date_gmt":"2022-12-13T20:23:15","guid":{"rendered":"https:\/\/www.radiolimari.cl\/?p=8209"},"modified":"2022-12-13T20:23:16","modified_gmt":"2022-12-13T20:23:16","slug":"juzgado-de-garantia-de-ovalle-ordena-la-prision-preventiva-de-imputado-por-robo-con-homicidio-en-algarrobo-de-hornillos","status":"publish","type":"post","link":"https:\/\/www.radiolimari.cl\/?p=8209","title":{"rendered":"Juzgado de Garant\u00eda de Ovalle ordena la prisi\u00f3n preventiva de imputado por robo con homicidio en Algarrobo de Hornillos"},"content":{"rendered":"\n<figure class=\"wp-block-image size-large is-resized\"><a href=\"https:\/\/www.radiolimari.cl\/wp-content\/uploads\/2022\/12\/TOP-Ovalle-y-JG.jpg\"><img fetchpriority=\"high\" decoding=\"async\" src=\"https:\/\/www.radiolimari.cl\/wp-content\/uploads\/2022\/12\/TOP-Ovalle-y-JG-1024x768.jpg\" alt=\"\" class=\"wp-image-8210\" width=\"393\" height=\"293\"\/><\/a><figcaption class=\"wp-element-caption\">El Juzgado de Garant\u00eda de Ovalle dej\u00f3 hoy \u2013martes 13 de diciembre\u2013 sujeto a la medida cautelar de prisi\u00f3n preventiva a D.A.G.O., imputado por el Ministerio P\u00fablico como autor de los delitos consumados de robo con homicidio, robo con resultado de lesiones graves, robo con retenci\u00f3n de personas, abuso sexual y porte de arma de fuego. Il\u00edcitos perpetrados en la v\u00edspera, en la comuna.<\/figcaption><\/figure>\n\n\n\n<p>En la audiencia de formalizaci\u00f3n, el magistrado Dar\u00edo D\u00edaz Pe\u00f1a y Lillo orden\u00f3 el ingreso de D.A.G.O. al Centro de Detenci\u00f3n Preventiva de Ovalle, por considerar que la libertad del imputado constituye un peligro para la seguridad de la sociedad. Adem\u00e1s, fij\u00f3 en 120 d\u00edas el plazo de investigaci\u00f3n.<\/p>\n\n\n\n<p>Al resolver la cautelar, el magistrado D\u00edaz Pe\u00f1a y Lillo sostuvo que: \u201cLo cierto es que el n\u00famero de delitos, la gravedad de los mismos, el grado de desarrollo de consumado y las penas que arriesga son altas (\u2026) Por ahora no est\u00e1n detenidas las otras personas, es solamente este imputado, los hechos est\u00e1n claros en cuanto a su calificaci\u00f3n, por lo que no puedo sino entender que la libertad del imputado es un peligro para la seguridad de la sociedad\u201d.<\/p>\n\n\n\n<p>Seg\u00fan el ente persecutor, aproximadamente a las 02:15 horas de ayer, lunes 12 de diciembre de 2022, un grupo de al menos 15 sujetos, entre ellos el imputado, portando armas de fuego y con la finalidad de sustraer especies, llegaron a bordo de varios veh\u00edculos hasta el sector de Algarrobos de Hornillos, de la comuna de Ovalle, lugar donde ingresaron a una vivienda, fingiendo ser polic\u00edas.<\/p>\n\n\n\n<p>Una vez al interior del inmueble, exigieron a los moradores la entrega de joyas y oro, procediendo, adem\u00e1s, a disparar y golpear duramente a las v\u00edctimas (entre ellas una menor de edad). Al retirarse del lugar, cargaron en los veh\u00edculos las especies sustra\u00eddas mientras seis de las v\u00edctimas fueron transportadas en contra de su voluntad y abandonadas en diversos sectores.&nbsp;<\/p>\n\n\n\n<p>A consecuencia de las agresiones, una de las v\u00edctimas falleci\u00f3 en el lugar por herida de arma de fuego y otras siete resultaron con heridas de diversa consideraci\u00f3n.<\/p>\n","protected":false},"excerpt":{"rendered":"<p>En la audiencia de formalizaci\u00f3n, el magistrado Dar\u00edo D\u00edaz Pe\u00f1a y Lillo orden\u00f3 el ingreso de D.A.G.O. al Centro de Detenci\u00f3n Preventiva de Ovalle, por considerar que la libertad del imputado constituye un peligro para la seguridad de la sociedad. Adem\u00e1s, fij\u00f3 en 120 d\u00edas el plazo de investigaci\u00f3n. Al resolver la cautelar, el magistrado &#8230;<\/p>\n","protected":false},"author":2,"featured_media":8210,"comment_status":"open","ping_status":"open","sticky":false,"template":"","format":"standard","meta":{"footnotes":""},"categories":[6],"tags":[],"class_list":["post-8209","post","type-post","status-publish","format-standard","has-post-thumbnail","hentry","category-regionales"],"_links":{"self":[{"href":"https:\/\/www.radiolimari.cl\/index.php?rest_route=\/wp\/v2\/posts\/8209","targetHints":{"allow":["GET"]}}],"collection":[{"href":"https:\/\/www.radiolimari.cl\/index.php?rest_route=\/wp\/v2\/posts"}],"about":[{"href":"https:\/\/www.radiolimari.cl\/index.php?rest_route=\/wp\/v2\/types\/post"}],"author":[{"embeddable":true,"href":"https:\/\/www.radiolimari.cl\/index.php?rest_route=\/wp\/v2\/users\/2"}],"replies":[{"embeddable":true,"href":"https:\/\/www.radiolimari.cl\/index.php?rest_route=%2Fwp%2Fv2%2Fcomments&post=8209"}],"version-history":[{"count":1,"href":"https:\/\/www.radiolimari.cl\/index.php?rest_route=\/wp\/v2\/posts\/8209\/revisions"}],"predecessor-version":[{"id":8211,"href":"https:\/\/www.radiolimari.cl\/index.php?rest_route=\/wp\/v2\/posts\/8209\/revisions\/8211"}],"wp:featuredmedia":[{"embeddable":true,"href":"https:\/\/www.radiolimari.cl\/index.php?rest_route=\/wp\/v2\/media\/8210"}],"wp:attachment":[{"href":"https:\/\/www.radiolimari.cl\/index.php?rest_route=%2Fwp%2Fv2%2Fmedia&parent=8209"}],"wp:term":[{"taxonomy":"category","embeddable":true,"href":"https:\/\/www.radiolimari.cl\/index.php?rest_route=%2Fwp%2Fv2%2Fcategories&post=8209"},{"taxonomy":"post_tag","embeddable":true,"href":"https:\/\/www.radiolimari.cl\/index.php?rest_route=%2Fwp%2Fv2%2Ftags&post=8209"}],"curies":[{"name":"wp","href":"https:\/\/api.w.org\/{rel}","templated":true}]}}