{"id":8206,"date":"2022-12-13T18:52:54","date_gmt":"2022-12-13T18:52:54","guid":{"rendered":"https:\/\/www.radiolimari.cl\/?p=8206"},"modified":"2022-12-13T18:52:54","modified_gmt":"2022-12-13T18:52:54","slug":"municipio-local-hace-llamado-a-utilizar-correctamente-los-contenedores-de-basura-historica-en-ovalle","status":"publish","type":"post","link":"https:\/\/www.radiolimari.cl\/?p=8206","title":{"rendered":"Municipio local hace llamado a utilizar correctamente los contenedores de basura hist\u00f3rica en Ovalle"},"content":{"rendered":"\n<figure class=\"wp-block-image size-full is-resized\"><a href=\"https:\/\/www.radiolimari.cl\/wp-content\/uploads\/2022\/12\/Basura-historica-en-el-sector-Costanera-1.jpg\"><img fetchpriority=\"high\" decoding=\"async\" src=\"https:\/\/www.radiolimari.cl\/wp-content\/uploads\/2022\/12\/Basura-historica-en-el-sector-Costanera-1.jpg\" alt=\"\" class=\"wp-image-8207\" width=\"381\" height=\"334\" srcset=\"https:\/\/www.radiolimari.cl\/wp-content\/uploads\/2022\/12\/Basura-historica-en-el-sector-Costanera-1.jpg 719w, https:\/\/www.radiolimari.cl\/wp-content\/uploads\/2022\/12\/Basura-historica-en-el-sector-Costanera-1-300x263.jpg 300w\" sizes=\"(max-width: 381px) 100vw, 381px\" \/><\/a><\/figure>\n\n\n\n<p><strong><em>Desde el departamento de Aseo y Ornato indicaron que debido a la mala utilizaci\u00f3n de los recipientes, ubicados en el sector de Avenida Circunvalaci\u00f3n, se ha formado un mini basural, ya que muchas personas depositan basura domiciliaria, lo que ha generado un posible foco de insalubridad. <\/em><\/strong><\/p>\n\n\n\n<p>Preocupados est\u00e1n en el departamento de Aseo y Ornato del municipio de Ovalle, puesto que el mal uso de los contenedores de basura hist\u00f3rica, que se encuentran en la Avenida Circunvalaci\u00f3n, ha detonado en la formaci\u00f3n de un microbasural, lo que ha complicado la labor de los trabajadores que se encargan de retirar estos elementos.<\/p>\n\n\n\n<p>Recordemos, que se considera basura hist\u00f3rica los artefactos el\u00e9ctricos en desuso, restos de madera, fierros y en general los elementos que se acumulan en el patio de los hogares. Con este fin, se ha realizado un programa de operativos de basura hist\u00f3rica, tanto en la zona urbana, como rural de la comuna impulsado por el municipio local y, desde este a\u00f1o, apoyado por la empresa SoloVerde.<\/p>\n\n\n\n<p>Con respecto a este problema, el director del departamento de Aseo y Ornato del municipio de Ovalle, Marcelo Tabilo indic\u00f3 que \u201clamentablemente algunos vecinos est\u00e1n dando un mal uso, depositando grandes vol\u00famenes de basura domiciliaria, siendo que el objetivo de estos es que las personas puedan depositar otro tipo de residuos que los veh\u00edculos recolectores no pueden llevar, tales como residuos voluminosos, cachureos o escombros menores\u201d. Tabilo agreg\u00f3 que por los grandes vol\u00famenes que se est\u00e1n depositando, desde hace unas semanas \u201clos fines de semana, a partir del viernes, se instalan dos de estos contenedores abiertos de 20 metros c\u00fabicos, pero los cuales no est\u00e1n dando abasto por las malas pr\u00e1cticas o el mal uso y finalmente el sector se ha convertido en un microbasural, sobre todo los d\u00edas lunes\u201d.<\/p>\n\n\n\n<p>Otras situaciones recurrentes y que mantiene preocupado al municipio de Ovalle es el uso de estos contenedores por parte de personas dedicadas al rubro de la construcci\u00f3n de obras menores y de fleteros \u201cquienes depositan vol\u00famenes considerables de residuos, siendo que podr\u00edan ir directamente al sitio de disposici\u00f3n final de la comuna, que es el Vertedero Municipal, que es gratuito.<\/p>\n\n\n\n<p>Otro de los temas complejos es el problema de las personas en situaci\u00f3n de calle que viven en los alrededores del sector, en su mayor\u00eda extranjeros, quienes con el af\u00e1n de recuperar residuos reciclable y otros, hacen ingreso a estos contenedores, sacan, abren y desparraman todo, lo cual da pie para que despu\u00e9s vecinos contin\u00faen depositando de todo tipo de residuos fuera y por el entorno de estos contenedores\u201d.<\/p>\n\n\n\n<p>Se trata de una preocupaci\u00f3n recurrente, por lo que \u201chacemos un llamado a la conciencia y responsabilidad de los vecinos para que den buen uso a estos contenedores, evitando el dep\u00f3sito de residuos domiciliarios, ya que el fin de estos contenedores no es ese y donde adem\u00e1s podemos agregar que en cada sector urbano tenemos recolecci\u00f3n 3 d\u00edas a la semana y resulta inexplicable, c\u00f3mo pueden estar depositando residuos domiciliarios en estos contenedores, donde cada uno de nosotros debemos ser responsables de lo que generamos, y no traspasar esa responsabilidad a otros y afectando adem\u00e1s nuestros espacios p\u00fablicos\u201d sostuvo el alcalde (S) de Ovalle, H\u00e9ctor Vega Campusano.<\/p>\n","protected":false},"excerpt":{"rendered":"<p>Desde el departamento de Aseo y Ornato indicaron que debido a la mala utilizaci\u00f3n de los recipientes, ubicados en el sector de Avenida Circunvalaci\u00f3n, se ha formado un mini basural, ya que muchas personas depositan basura domiciliaria, lo que ha generado un posible foco de insalubridad. Preocupados est\u00e1n en el departamento de Aseo y Ornato &#8230;<\/p>\n","protected":false},"author":2,"featured_media":8207,"comment_status":"open","ping_status":"open","sticky":false,"template":"","format":"standard","meta":{"footnotes":""},"categories":[5],"tags":[],"class_list":["post-8206","post","type-post","status-publish","format-standard","has-post-thumbnail","hentry","category-actualidad-limarina"],"_links":{"self":[{"href":"https:\/\/www.radiolimari.cl\/index.php?rest_route=\/wp\/v2\/posts\/8206","targetHints":{"allow":["GET"]}}],"collection":[{"href":"https:\/\/www.radiolimari.cl\/index.php?rest_route=\/wp\/v2\/posts"}],"about":[{"href":"https:\/\/www.radiolimari.cl\/index.php?rest_route=\/wp\/v2\/types\/post"}],"author":[{"embeddable":true,"href":"https:\/\/www.radiolimari.cl\/index.php?rest_route=\/wp\/v2\/users\/2"}],"replies":[{"embeddable":true,"href":"https:\/\/www.radiolimari.cl\/index.php?rest_route=%2Fwp%2Fv2%2Fcomments&post=8206"}],"version-history":[{"count":1,"href":"https:\/\/www.radiolimari.cl\/index.php?rest_route=\/wp\/v2\/posts\/8206\/revisions"}],"predecessor-version":[{"id":8208,"href":"https:\/\/www.radiolimari.cl\/index.php?rest_route=\/wp\/v2\/posts\/8206\/revisions\/8208"}],"wp:featuredmedia":[{"embeddable":true,"href":"https:\/\/www.radiolimari.cl\/index.php?rest_route=\/wp\/v2\/media\/8207"}],"wp:attachment":[{"href":"https:\/\/www.radiolimari.cl\/index.php?rest_route=%2Fwp%2Fv2%2Fmedia&parent=8206"}],"wp:term":[{"taxonomy":"category","embeddable":true,"href":"https:\/\/www.radiolimari.cl\/index.php?rest_route=%2Fwp%2Fv2%2Fcategories&post=8206"},{"taxonomy":"post_tag","embeddable":true,"href":"https:\/\/www.radiolimari.cl\/index.php?rest_route=%2Fwp%2Fv2%2Ftags&post=8206"}],"curies":[{"name":"wp","href":"https:\/\/api.w.org\/{rel}","templated":true}]}}