{"id":8203,"date":"2022-12-13T01:17:49","date_gmt":"2022-12-13T01:17:49","guid":{"rendered":"https:\/\/www.radiolimari.cl\/?p=8203"},"modified":"2022-12-13T01:17:49","modified_gmt":"2022-12-13T01:17:49","slug":"con-exito-se-realizo-una-nueva-version-de-la-expo-emergencia-en-ovalle","status":"publish","type":"post","link":"https:\/\/www.radiolimari.cl\/?p=8203","title":{"rendered":"<strong>Con \u00e9xito se realiz\u00f3 una nueva versi\u00f3n de la Expo Emergencia en Ovalle<\/strong>"},"content":{"rendered":"\n<figure class=\"wp-block-image size-large\"><a href=\"https:\/\/www.radiolimari.cl\/wp-content\/uploads\/2022\/12\/Expo-Emergencia-2022-4.jpg\"><img fetchpriority=\"high\" decoding=\"async\" width=\"1024\" height=\"768\" src=\"https:\/\/www.radiolimari.cl\/wp-content\/uploads\/2022\/12\/Expo-Emergencia-2022-4-1024x768.jpg\" alt=\"\" class=\"wp-image-8204\" srcset=\"https:\/\/www.radiolimari.cl\/wp-content\/uploads\/2022\/12\/Expo-Emergencia-2022-4-1024x768.jpg 1024w, https:\/\/www.radiolimari.cl\/wp-content\/uploads\/2022\/12\/Expo-Emergencia-2022-4-300x225.jpg 300w, https:\/\/www.radiolimari.cl\/wp-content\/uploads\/2022\/12\/Expo-Emergencia-2022-4-768x576.jpg 768w, https:\/\/www.radiolimari.cl\/wp-content\/uploads\/2022\/12\/Expo-Emergencia-2022-4-1536x1152.jpg 1536w, https:\/\/www.radiolimari.cl\/wp-content\/uploads\/2022\/12\/Expo-Emergencia-2022-4.jpg 2016w\" sizes=\"(max-width: 1024px) 100vw, 1024px\" \/><\/a><figcaption class=\"wp-element-caption\"><strong><em>En la iniciativa, impulsada por el Oficina de Protecci\u00f3n Civil y Emergencia del municipio de Ovalle en la plaza de armas, participaron representantes de Bomberos, Carabineros, CONAF, SAMU e integrante de los centros de atenci\u00f3n primaria de salud de Ovalle. El objetivo principal es que la comunidad conozca el funcionamiento de cada una de las instituciones y la coordinaci\u00f3n que existe ante un evento de emergencia.<\/em><\/strong> <\/figcaption><\/figure>\n\n\n\n<p>Con el prop\u00f3sito de informar a la comunidad sobre c\u00f3mo enfrentar diversos tipos de eventos de emergencia, la Oficina de Protecci\u00f3n Civil y Emergencias del municipio local organiz\u00f3 una nueva versi\u00f3n de la \u201cExpo Emergencias\u201d, en la plaza de armas de Ovalle. En esta ocasi\u00f3n, participaron voluntarios del Cuerpo de Bomberos local, personal policial de Carabineros de Ovalle, brigadistas de CONAF y personal de salud de SAMU y de los centros de atenci\u00f3n primaria de la comuna.<\/p>\n\n\n\n<p>Durante la jornada, se entreg\u00f3 material informativo para que las personas tengan los conocimientos b\u00e1sicos de c\u00f3mo enfrentar un evento de emergencia y tambi\u00e9n de c\u00f3mo prevenirlos, en el caso si son incendios estructurales, sismos, incendios forestales, entre otros.<\/p>\n\n\n\n<p>Lorna Benavides, directora de la Oficina de Protecci\u00f3n Civil y Emergencia del municipio de Ovalle indic\u00f3 que esta es una instancia muy importante que se inici\u00f3 en el a\u00f1o 2019, \u201ccon el objetivo de sensibilizar a la comunidad frente a los eventos de emergencia que ocurren en nuestra comuna. La idea es entregarle a la comunidad local toda la informaci\u00f3n detallada del funcionamiento de las organizaciones que participan coordinadamente en ir en ayuda de quienes son v\u00edctimas de estas situaciones. La idea es sensibilizar a la poblaci\u00f3n y darle la tranquilidad a los ovallinos, de que Ovalle es una comuna preparada y que cuenta con planes de emergencia y trabajamos en absoluta coordinaci\u00f3n\u201d.<\/p>\n\n\n\n<p>Al respecto, el jefe de la brigada de CONAF del Limar\u00ed, Claudio Rojas indic\u00f3 que el prop\u00f3sito principal es que las personas \u201cno utilicen el fuego en sectores no permitidos, especialmente cuando hacen fogatas en las cercan\u00edas del r\u00edo. Es fundamental tambi\u00e9n que limpien los alrededores de sus casas y protegidas por un cortafuego, que cualquier uso de fuego se informe y lo m\u00e1s importante es que si ven alg\u00fan incendio llamen a los n\u00fameros de emergencia y que no traten de apagarlo, ni se expongan al fuego\u201d.<\/p>\n\n\n\n<p>Los centros de atenci\u00f3n primaria son fundamentales para ir en ayuda de quienes son v\u00edctimas de una situaci\u00f3n extrema. En este sentido, el encargado de Red Urgencias APS de Ovalle, Rodrigo P\u00e9rez afirm\u00f3 que el trabajo que se realiza es \u201cintersectorial y estamos coordinados con la municipalidad, Bomberos, Carabineros y por lo general cada centro tiene un coordinador que ve el tema de los eventos de emergencia y coordinamos las necesidades que tenemos, para realizar nuestro trabajo\u201d.<\/p>\n\n\n\n<p>Carabineros de Chile es una instituci\u00f3n fundamental para enfrentar un accidente de tr\u00e1nsito, incendios, sismos, maremotos entre otras situaciones. \u201cNuestra instituci\u00f3n articula el trabajo con Bomberos, el municipio, servicios de emergencia y tenemos una labor preponderante, donde se adopta el procedimiento policial, pero tambi\u00e9n muchas veces tenemos que realizar labores de contenci\u00f3n y apoyo a las v\u00edctimas del hecho de emergencia\u201d.<\/p>\n","protected":false},"excerpt":{"rendered":"<p>Con el prop\u00f3sito de informar a la comunidad sobre c\u00f3mo enfrentar diversos tipos de eventos de emergencia, la Oficina de Protecci\u00f3n Civil y Emergencias del municipio local organiz\u00f3 una nueva versi\u00f3n de la \u201cExpo Emergencias\u201d, en la plaza de armas de Ovalle. En esta ocasi\u00f3n, participaron voluntarios del Cuerpo de Bomberos local, personal policial de &#8230;<\/p>\n","protected":false},"author":2,"featured_media":8204,"comment_status":"open","ping_status":"open","sticky":false,"template":"","format":"standard","meta":{"footnotes":""},"categories":[5],"tags":[],"class_list":["post-8203","post","type-post","status-publish","format-standard","has-post-thumbnail","hentry","category-actualidad-limarina"],"_links":{"self":[{"href":"https:\/\/www.radiolimari.cl\/index.php?rest_route=\/wp\/v2\/posts\/8203","targetHints":{"allow":["GET"]}}],"collection":[{"href":"https:\/\/www.radiolimari.cl\/index.php?rest_route=\/wp\/v2\/posts"}],"about":[{"href":"https:\/\/www.radiolimari.cl\/index.php?rest_route=\/wp\/v2\/types\/post"}],"author":[{"embeddable":true,"href":"https:\/\/www.radiolimari.cl\/index.php?rest_route=\/wp\/v2\/users\/2"}],"replies":[{"embeddable":true,"href":"https:\/\/www.radiolimari.cl\/index.php?rest_route=%2Fwp%2Fv2%2Fcomments&post=8203"}],"version-history":[{"count":1,"href":"https:\/\/www.radiolimari.cl\/index.php?rest_route=\/wp\/v2\/posts\/8203\/revisions"}],"predecessor-version":[{"id":8205,"href":"https:\/\/www.radiolimari.cl\/index.php?rest_route=\/wp\/v2\/posts\/8203\/revisions\/8205"}],"wp:featuredmedia":[{"embeddable":true,"href":"https:\/\/www.radiolimari.cl\/index.php?rest_route=\/wp\/v2\/media\/8204"}],"wp:attachment":[{"href":"https:\/\/www.radiolimari.cl\/index.php?rest_route=%2Fwp%2Fv2%2Fmedia&parent=8203"}],"wp:term":[{"taxonomy":"category","embeddable":true,"href":"https:\/\/www.radiolimari.cl\/index.php?rest_route=%2Fwp%2Fv2%2Fcategories&post=8203"},{"taxonomy":"post_tag","embeddable":true,"href":"https:\/\/www.radiolimari.cl\/index.php?rest_route=%2Fwp%2Fv2%2Ftags&post=8203"}],"curies":[{"name":"wp","href":"https:\/\/api.w.org\/{rel}","templated":true}]}}