{"id":8200,"date":"2022-12-13T01:00:53","date_gmt":"2022-12-13T01:00:53","guid":{"rendered":"https:\/\/www.radiolimari.cl\/?p=8200"},"modified":"2022-12-13T01:00:53","modified_gmt":"2022-12-13T01:00:53","slug":"farmacia-popular-de-monte-patria-de-un-sueno-colectivo-a-un-servicio-comunitario","status":"publish","type":"post","link":"https:\/\/www.radiolimari.cl\/?p=8200","title":{"rendered":"<strong>\u201cFarmacia Popular\u201d de Monte Patria, de un sue\u00f1o colectivo a un servicio comunitario<br><br><\/strong>"},"content":{"rendered":"\n<figure class=\"wp-block-image size-large is-resized\"><a href=\"https:\/\/www.radiolimari.cl\/wp-content\/uploads\/2022\/12\/FARMACIA-MUNICIPAL_1-scaled.jpg\"><img fetchpriority=\"high\" decoding=\"async\" src=\"https:\/\/www.radiolimari.cl\/wp-content\/uploads\/2022\/12\/FARMACIA-MUNICIPAL_1-1024x683.jpg\" alt=\"\" class=\"wp-image-8201\" width=\"377\" height=\"251\" srcset=\"https:\/\/www.radiolimari.cl\/wp-content\/uploads\/2022\/12\/FARMACIA-MUNICIPAL_1-1024x683.jpg 1024w, https:\/\/www.radiolimari.cl\/wp-content\/uploads\/2022\/12\/FARMACIA-MUNICIPAL_1-300x200.jpg 300w, https:\/\/www.radiolimari.cl\/wp-content\/uploads\/2022\/12\/FARMACIA-MUNICIPAL_1-768x512.jpg 768w, https:\/\/www.radiolimari.cl\/wp-content\/uploads\/2022\/12\/FARMACIA-MUNICIPAL_1-1536x1024.jpg 1536w, https:\/\/www.radiolimari.cl\/wp-content\/uploads\/2022\/12\/FARMACIA-MUNICIPAL_1-2048x1365.jpg 2048w\" sizes=\"(max-width: 377px) 100vw, 377px\" \/><\/a><\/figure>\n\n\n\n<p><strong><strong><em>En la ceremonia de inauguraci\u00f3n tambi\u00e9n estuvo presente Daniel Jadue, alcalde de la comuna de Recoleta e \u00edcono de las iniciativas de \u201cFarmacias Populares\u201d<\/em><\/strong><br><br><\/strong><\/p>\n\n\n\n<p>Una emotiva y modesta ceremonia vivi\u00f3 la comuna de Monte Patria, la Farmacia Municipal, tambi\u00e9n llamada \u201cFarmacia Popular\u201d fue inaugurada a inicios de diciembre de este 2022, tal como se comprometi\u00f3 en su momento la actual gesti\u00f3n municipal. La instancia, congreg\u00f3 al concejo municipal en pleno, dirigentes sociales, representantes de la uni\u00f3n comunal, el alcalde anfitri\u00f3n Cristian Herrera Pe\u00f1a y el alcalde invitado desde Recoleta Daniel Jadue.<\/p>\n\n\n\n<p>Sobre la historia de este hito, diversos han sido los esfuerzos para lograr la actual haza\u00f1a, los or\u00edgenes se remontan a una consulta ciudadana realizada por la uni\u00f3n comunal de juntas de vecinos de Monte Patria hace ya 5 a\u00f1os, donde 500 hogares fueron encuestados manifestando en un 99% la necesidad de una farmacia con precios a costo, iniciando as\u00ed un sue\u00f1o social por la salud de todas y todos los montepatrinos.<\/p>\n\n\n\n<p>La actual gesti\u00f3n municipal de Monte Patria asumi\u00f3 el desaf\u00edo de levantar la \u201cFarmacia Popular\u201d, estudiando las opciones t\u00e9cnicas para su implementaci\u00f3n y realizando alianzas estrat\u00e9gicas para la compra de los medicamentos. Hoy, diciembre 2022, Monte Patria cuenta con un <em>stock<\/em> aproximado de 73 medicamentos a precio costo, destinados a ayudar la econom\u00eda de las familias residentes de la comuna.<\/p>\n\n\n\n<p>La jornada inaugural realizada este pasado mi\u00e9rcoles 7 de diciembre, cont\u00f3 con la participaci\u00f3n de autoridades locales, vecinos, clubes sociales, personal del \u00e1rea de la salud municipal y otros invitados. El emblem\u00e1tico <em>\u201ccorte de cinta\u201d<\/em> se hizo rodeado de personas que han dejado esfuerzo por este logro, principalmente dirigentes sociales.<\/p>\n\n\n\n<p>Johana Flores Jimenez, presidenta de la junta de vecinos de El Palqui Bajo, se\u00f1al\u00f3 la importancia de esta inauguraci\u00f3n, pues demuestra que la uni\u00f3n de las organizaciones sociales puede concretar grandes objetivos, <strong>\u201cestamos orgullosos y contentos, esto es algo que esper\u00e1bamos hace mucho tiempo; estas son grandes sorpresas, adem\u00e1s muy buenos los precios de los medicamentos. Es bonito venir y participar de esto, saber que nuestro esfuerzo de dirigentes no es en vano, la uni\u00f3n hace la fuerza como dicen\u201d.<\/strong><\/p>\n\n\n\n<p>Desde la localidad de Huana, Javier Cort\u00e9s, dirigente vecinal de El Progreso, coment\u00f3 la experiencia de los dirigentes sociales en este gran logro comunitario, <strong>\u201cesto sali\u00f3 de acuerdos de todas las juntas de vecinos, hacer esta farmacia popular; es l\u00f3gico que las personas tengan el anhelo de tener una farmacia y con precios m\u00e1s barato. Yo creo que para todos los adultos mayores esto es una felicidad, fue un acuerdo de hace muchos a\u00f1os y hoy se concreta\u201d.<\/strong><\/p>\n\n\n\n<p>Rosa Tapia Rojo, presidenta de la Junta de Vecinos de Manuel Antonio Matta, una de las sedes vecinales m\u00e1s ic\u00f3nicas de Monte Patria Centro destac\u00f3 la disminuci\u00f3n del precio de los medicamentos, <strong>\u201ctenemos el coraz\u00f3n lleno de alegr\u00eda, hay muchas familias que se sorprendieron, podr\u00e1n comprar sus f\u00f3rmulas l\u00e1cteas casi a un tercio del valor. Agradecemos a las autoridades que creyeron este sue\u00f1o posible, estamos todos contentos, los dirigentes han realizado un gran trabajo tambi\u00e9n\u201d.<\/strong><\/p>\n\n\n\n<p>En representaci\u00f3n de la gesti\u00f3n municipal, el alcalde de Monte Patria, Cristian Herrera Pe\u00f1a agradeci\u00f3 el compromiso de los dirigentes por este proyecto, entregando adem\u00e1s detalles de otros proyectos de salud ya concretados, <strong>\u201cmomentos de alegr\u00eda, en estos momentos se justifica todo el trabajo, de los equipos municipales y los dirigentes. Todos tuvimos que poner esfuerzos para lograr esto, nosotros fuimos a ver al alcalde Jadue para tomar experiencia, instruimos a nuestros equipos t\u00e9cnicos para postular este espacio; finalmente estamos felices por esta nueva farmacia, vamos a darle vida a este lugar, abaratando costos para las familias\u201d,<\/strong> consign\u00f3 el edil Herrera, mientras se refiri\u00f3 a otro de los anuncios de la jornada, el nuevo m\u00f3vil de salud, <strong>\u201ctenemos un furg\u00f3n municipal, 55 millones de pesos, estar\u00e1 destinado a las rondas m\u00e9dicas y bueno, lo presentamos el d\u00eda de hoy. Aqu\u00ed los recursos est\u00e1n siendo bien invertidos, estamos contentos por este logro\u201d.<\/strong><\/p>\n\n\n\n<p>Desde la uni\u00f3n comunal de juntas de vecinos de la comuna de Monte Patria, Ana Herrera Castellano, uno de los principales rostros de los dirigentes en la comuna, destac\u00f3 el compromiso de la administraci\u00f3n actual por concretar este gran sue\u00f1o, <strong>\u201ccuando la gente sufre estos percances, las enfermedades cr\u00f3nicas, es complejo vivir, los alimentos son costosos y bueno, esta soluci\u00f3n nos cae muy bien. Dicha inauguraci\u00f3n viene a satisfacer nuestras necesidades; nosotros hemos trabajado arduamente en conjunto con esta administraci\u00f3n, ahora nosotros sentimos que hemos sido escuchados, tomados en cuenta, se escuch\u00f3 la voz de la comunidad, estamos muy contentos\u201d.<\/strong><\/p>\n\n\n\n<p>La apertura de la Farmacia Municipal o \u201cFarmacia Popular\u201d como suele ser llamada, es un esfuerzo y un compromiso compartido, desde el servicio p\u00fablico representado por la gesti\u00f3n municipal hasta el trabajo exhaustivo de los dirigentes vecinales en la canalizaci\u00f3n de las dudas y requerimientos. Este esfuerzo y compromiso hoy da frutos, una Farmacia Municipal que podr\u00e1 entregar salud de calidad y a un precio acorde a realidad de un territorio que lo necesita.<\/p>\n","protected":false},"excerpt":{"rendered":"<p>En la ceremonia de inauguraci\u00f3n tambi\u00e9n estuvo presente Daniel Jadue, alcalde de la comuna de Recoleta e \u00edcono de las iniciativas de \u201cFarmacias Populares\u201d Una emotiva y modesta ceremonia vivi\u00f3 la comuna de Monte Patria, la Farmacia Municipal, tambi\u00e9n llamada \u201cFarmacia Popular\u201d fue inaugurada a inicios de diciembre de este 2022, tal como se comprometi\u00f3 &#8230;<\/p>\n","protected":false},"author":2,"featured_media":8201,"comment_status":"open","ping_status":"open","sticky":false,"template":"","format":"standard","meta":{"footnotes":""},"categories":[5],"tags":[],"class_list":["post-8200","post","type-post","status-publish","format-standard","has-post-thumbnail","hentry","category-actualidad-limarina"],"_links":{"self":[{"href":"https:\/\/www.radiolimari.cl\/index.php?rest_route=\/wp\/v2\/posts\/8200","targetHints":{"allow":["GET"]}}],"collection":[{"href":"https:\/\/www.radiolimari.cl\/index.php?rest_route=\/wp\/v2\/posts"}],"about":[{"href":"https:\/\/www.radiolimari.cl\/index.php?rest_route=\/wp\/v2\/types\/post"}],"author":[{"embeddable":true,"href":"https:\/\/www.radiolimari.cl\/index.php?rest_route=\/wp\/v2\/users\/2"}],"replies":[{"embeddable":true,"href":"https:\/\/www.radiolimari.cl\/index.php?rest_route=%2Fwp%2Fv2%2Fcomments&post=8200"}],"version-history":[{"count":1,"href":"https:\/\/www.radiolimari.cl\/index.php?rest_route=\/wp\/v2\/posts\/8200\/revisions"}],"predecessor-version":[{"id":8202,"href":"https:\/\/www.radiolimari.cl\/index.php?rest_route=\/wp\/v2\/posts\/8200\/revisions\/8202"}],"wp:featuredmedia":[{"embeddable":true,"href":"https:\/\/www.radiolimari.cl\/index.php?rest_route=\/wp\/v2\/media\/8201"}],"wp:attachment":[{"href":"https:\/\/www.radiolimari.cl\/index.php?rest_route=%2Fwp%2Fv2%2Fmedia&parent=8200"}],"wp:term":[{"taxonomy":"category","embeddable":true,"href":"https:\/\/www.radiolimari.cl\/index.php?rest_route=%2Fwp%2Fv2%2Fcategories&post=8200"},{"taxonomy":"post_tag","embeddable":true,"href":"https:\/\/www.radiolimari.cl\/index.php?rest_route=%2Fwp%2Fv2%2Ftags&post=8200"}],"curies":[{"name":"wp","href":"https:\/\/api.w.org\/{rel}","templated":true}]}}