{"id":8197,"date":"2022-12-11T16:20:07","date_gmt":"2022-12-11T16:20:07","guid":{"rendered":"https:\/\/www.radiolimari.cl\/?p=8197"},"modified":"2022-12-11T16:20:08","modified_gmt":"2022-12-11T16:20:08","slug":"gobierno-suma-28-medidas-concretas-el-ultimo-mes-y-supera-los-180-avances-en-beneficio-de-las-personas-durante-su-gestion","status":"publish","type":"post","link":"https:\/\/www.radiolimari.cl\/?p=8197","title":{"rendered":"<strong>Gobierno suma 28 medidas concretas el \u00faltimo mes y supera los 180 avances en beneficio de las personas durante su gesti\u00f3n\u00a0<\/strong>"},"content":{"rendered":"\n<figure class=\"wp-block-image size-full is-resized\"><a href=\"https:\/\/www.radiolimari.cl\/wp-content\/uploads\/2022\/12\/Screenshot_20221211-1317192.png\"><img decoding=\"async\" src=\"https:\/\/www.radiolimari.cl\/wp-content\/uploads\/2022\/12\/Screenshot_20221211-1317192.png\" alt=\"\" class=\"wp-image-8198\" width=\"240\" height=\"127\" srcset=\"https:\/\/www.radiolimari.cl\/wp-content\/uploads\/2022\/12\/Screenshot_20221211-1317192.png 608w, https:\/\/www.radiolimari.cl\/wp-content\/uploads\/2022\/12\/Screenshot_20221211-1317192-300x160.png 300w\" sizes=\"(max-width: 240px) 100vw, 240px\" \/><\/a><\/figure>\n\n\n\n<p>Hoy 11 de diciembre se cumplieron 9 meses de gobierno, periodo en el que se han implementado m\u00e1s de 180 beneficios directos para mejorar la calidad de vida de las personas y en el que, durante el \u00faltimo mes, se sumaron 28 nuevas medidas y diversas actualizaciones a beneficios que ya hab\u00edan sido entregados.<\/p>\n\n\n\n<p>Con el objetivo de que la ciudadan\u00eda pueda acceder de forma transparente a la informaci\u00f3n detallada de estas medidas, en la plataforma <a href=\"http:\/\/chileavanzando.cl\/\" target=\"_blank\" rel=\"noreferrer noopener\">chileavanzando.cl<\/a> se pueden revisar todos los avances y beneficios entregados por el Gobierno del Presidente Gabriel Boric, as\u00ed como tambi\u00e9n las personas pueden verificar directamente si es que pueden acceder a esos beneficios.&nbsp;<\/p>\n\n\n\n<p>Entre las nuevas medidas destacan:&nbsp;<\/p>\n\n\n\n<ul class=\"wp-block-list\">\n<li><strong>Promulgamos la Ley de Presupuesto 2023. <\/strong>El Presidente Gabriel Boric promulg\u00f3 el presupuesto en el que ampliamos en 4,2% el gasto p\u00fablico y que pone el foco en Seguridad Econ\u00f3mica, Seguridad Ciudadana y Seguridad Social, con el que avanzaremos en los compromisos program\u00e1ticos del Gobierno.&nbsp;<\/li>\n\n\n\n<li><strong>En materia de seguridad presentamos el nuevo n\u00famero gratuito Denuncia Seguro, <\/strong>el nuevo n\u00famero *4242 est\u00e1 disponible 24\/7, y gracias a \u00e9l se puede denunciar de manera an\u00f3nima una serie de delitos.<\/li>\n\n\n\n<li><strong>Reforzamos el trabajo policial con la entrega de 236 nuevos veh\u00edculos a Carabineros<\/strong>, esto les permite reforzar el trabajo preventivo. La renovaci\u00f3n forma parte de un plan que busca recuperar 704 m\u00e1quinas de la instituci\u00f3n, y consisti\u00f3 en la entrega de 146 radiopatrullas y 90 SUV 4&#215;4.<\/li>\n\n\n\n<li><strong>Promulgamos la Nueva ley Alivio Deuda Tributaria y FOGAPE Chile Apoya,<\/strong> que permitir\u00e1 a las MiPymes repactar sus deudas tributarias adeudadas con la Tesorer\u00eda General de la Rep\u00fablica (TGR) en condiciones excepcionalmente ventajosas y podr\u00e1n acceder a cr\u00e9ditos que garantiza el Estado a trav\u00e9s de un nuevo programa: el Fogape Chile Apoya.<\/li>\n\n\n\n<li><strong>Lanzamos programas para posicionamiento de Pymes en marketplaces nacionales e internacionales, <\/strong>estos buscan apoyar a peque\u00f1as empresas y cooperativas para que, mediante la transferencia de conocimientos y la integraci\u00f3n de buenas pr\u00e1cticas, accedan a marketplaces internacionales, como Amazon, eBay o Walmart, as\u00ed como su ingreso a mercados virtuales de alcance nacional.<\/li>\n\n\n\n<li><strong>Lanzamos el Registro Nacional de Personas Cuidadoras, <\/strong>un m\u00f3dulo complementario del Registro Social de Hogares, quienes est\u00e9n inscritos recibir\u00e1n una credencial para tener atenci\u00f3n preferente en Salud y distintos servicios del Estado, y en una segunda etapa, la posibilidad de contar con una oferta program\u00e1tica exclusiva.<\/li>\n\n\n\n<li><strong>Incorporamos al GES la atenci\u00f3n integral de salud para v\u00edctimas de agresiones sexuales agudas,<\/strong> esto garantiza la atenci\u00f3n primaria de urgencia, la atenci\u00f3n m\u00e9dica inmediata, los ex\u00e1menes y tratamientos para la prevenci\u00f3n de las enfermedades de transmisi\u00f3n sexual, as\u00ed como el acompa\u00f1amiento de salud mental para las agredidas.<\/li>\n\n\n\n<li><strong>Inauguramos el nuevo Hospital de Carahue<\/strong>, largamente esperado por la regi\u00f3n, implicar\u00e1&nbsp; una condici\u00f3n de atenci\u00f3n mucho m\u00e1s digna, con mayor acceso a tecnolog\u00eda, y que implica el compromiso de mejorar la dotaci\u00f3n de especialidades.<\/li>\n\n\n\n<li><strong>Inauguramos un nuevo condominio para personas mayores en \u00d1uble,<\/strong> es el segundo Condominio de Vivienda Tutelada de la regi\u00f3n, sum\u00e1ndose al que ya est\u00e1 operativo en Quill\u00f3n, con lo que se contar\u00e1 con 40 viviendas especialmente dise\u00f1adas para las personas mayores m\u00e1s vulnerables.<\/li>\n\n\n\n<li><strong>Destinamos terreno militar para la construcci\u00f3n de viviendas sociales en Lonquimay,<\/strong> tras a\u00f1os de gestiones trabadas, el Gobierno y el Ej\u00e9rcito firmaron un acuerdo para que terrenos administrados hasta ahora por esta rama de las FFAA se destinen a la construcci\u00f3n de viviendas sociales.<\/li>\n\n\n\n<li><strong>Habilitamos el ingreso de bicicletas en toda la red de Metro los d\u00edas domingo, <\/strong>la medida aplicar\u00e1 para las 136 estaciones de metro el d\u00eda domingo. La iniciativa busca acercar las salidas al aire libre de las personas.<\/li>\n\n\n\n<li><strong>Los ministerios de Obras P\u00fablicas y Hacienda anunciaron el reajuste de contratos ante el alza de materiales de la construcci\u00f3n,<\/strong> que permitir\u00e1 proteger cerca de 30 mil empleos en todo el pa\u00eds.<\/li>\n\n\n\n<li><strong>Entregamos 797 viviendas en Isla de Maipo<\/strong>, gracias al trabajo colaborativo de 9 comit\u00e9s de vivienda encabezados por mujeres que cumplieron un sue\u00f1o que dar\u00e1 casa propia a 2.400 personas.<\/li>\n\n\n\n<li><strong>Profesionalizaci\u00f3n del sector de los artesanos,<\/strong> gracias a un convenio entre el ministerio de las Culturas, las Artes y el Patrimonio; la Universidad Metropolitana de Ciencias de la Educaci\u00f3n (UMCE); y la Uni\u00f3n Nacional de Artesanos (UNAR), realizaremos el Diplomado de Habilidades Pedag\u00f3gicas para Artesanas y Artesanos 2023, dando inicio al trabajo de formaci\u00f3n y certificaci\u00f3n por instituciones formales.<\/li>\n<\/ul>\n\n\n\n<p><strong>A estos avances se suman tambi\u00e9n:&nbsp;<\/strong><\/p>\n\n\n\n<ul class=\"wp-block-list\">\n<li>Promulgamos la ley que establece el teletrabajo para mujeres embarazadas.<\/li>\n\n\n\n<li>Firmamos un convenio para reactivar el sector artesanal, que apoyar\u00e1 la realizaci\u00f3n de 14&nbsp; ferias o muestras de artesan\u00eda en 10 regiones en noviembre y diciembre.<\/li>\n\n\n\n<li>Presentamos cursos de capacitaci\u00f3n para docentes en herramientas para la innovaci\u00f3n.<\/li>\n\n\n\n<li>Entregamos inmueble para la Asociaci\u00f3n de Municipios Rurales, para establecer un centro de trabajo enfocado a avanzar en los temas esenciales para las comunas rurales.<\/li>\n\n\n\n<li>Financiamos dos nuevos proyectos comunitarios medioambientales en Rapa Nui, que buscan desarrollar iniciativas comunitarias que aporten a la prevenci\u00f3n y valorizaci\u00f3n de los residuos.&nbsp;<\/li>\n\n\n\n<li>Lanzamos campa\u00f1a en contra de la violencia de g\u00e9nero, fue creada a trav\u00e9s de un proceso participativo, que busca hablarle a las comunidades para evitar estos delitos.&nbsp;<\/li>\n\n\n\n<li>Lanzamos la sexta versi\u00f3n del Fondo de Acceso a la Energ\u00eda (FAE), que permite a organizaciones sociales instalar soluciones fotovoltaicas o termosolares.&nbsp;<\/li>\n\n\n\n<li>Impulsamos la participaci\u00f3n en el programa Red Cultura, que entregar\u00e1 $932.817.487 millones de pesos para aumentar la programaci\u00f3n art\u00edstica y apoyar la planificaci\u00f3n cultural en 62 comunas y 10 proyectos asociativos de espacios culturales.<\/li>\n\n\n\n<li>Dimos a conocer nuevos proyectos de inversi\u00f3n en Tocopilla para recuperar el espacio p\u00fablico y mejorar la seguridad en la comuna.<\/li>\n\n\n\n<li>Entregamos terrenos para un nuevo centro c\u00edvico en Mejillones.<\/li>\n\n\n\n<li>Pusimos en marcha el Registro Nacional de Deudores de Pensiones de Alimentos, un registro electr\u00f3nico para coordinar diversas medidas legales para agilizar los pagos de pensiones alimentarias.<\/li>\n\n\n\n<li>Nueva circular interna facilitar\u00e1 tr\u00e1mites en materia de regularizaci\u00f3n de la peque\u00f1a propiedad ra\u00edz.&nbsp;<\/li>\n\n\n\n<li>Santiago 2023 se suma a la campa\u00f1a para eliminar la Violencia contra la Mujer .<\/li>\n\n\n\n<li>Alfarer\u00eda de Quinchamal\u00ed y Santa Cruz de Cuca ingresan a importante categor\u00eda de Unesco, que reconoce a nivel mundial a todas las generaciones de mujeres que han transmitido su saber y han permitido que esta valiosa alfarer\u00eda haya permanecido presente en la historia de Chile por m\u00e1s de 200 a\u00f1os.<\/li>\n<\/ul>\n\n\n\n<p><\/p>\n","protected":false},"excerpt":{"rendered":"<p>Hoy 11 de diciembre se cumplieron 9 meses de gobierno, periodo en el que se han implementado m\u00e1s de 180 beneficios directos para mejorar la calidad de vida de las personas y en el que, durante el \u00faltimo mes, se sumaron 28 nuevas medidas y diversas actualizaciones a beneficios que ya hab\u00edan sido entregados. Con &#8230;<\/p>\n","protected":false},"author":2,"featured_media":8198,"comment_status":"open","ping_status":"open","sticky":false,"template":"","format":"standard","meta":{"footnotes":""},"categories":[6],"tags":[],"class_list":["post-8197","post","type-post","status-publish","format-standard","has-post-thumbnail","hentry","category-regionales"],"_links":{"self":[{"href":"https:\/\/www.radiolimari.cl\/index.php?rest_route=\/wp\/v2\/posts\/8197","targetHints":{"allow":["GET"]}}],"collection":[{"href":"https:\/\/www.radiolimari.cl\/index.php?rest_route=\/wp\/v2\/posts"}],"about":[{"href":"https:\/\/www.radiolimari.cl\/index.php?rest_route=\/wp\/v2\/types\/post"}],"author":[{"embeddable":true,"href":"https:\/\/www.radiolimari.cl\/index.php?rest_route=\/wp\/v2\/users\/2"}],"replies":[{"embeddable":true,"href":"https:\/\/www.radiolimari.cl\/index.php?rest_route=%2Fwp%2Fv2%2Fcomments&post=8197"}],"version-history":[{"count":1,"href":"https:\/\/www.radiolimari.cl\/index.php?rest_route=\/wp\/v2\/posts\/8197\/revisions"}],"predecessor-version":[{"id":8199,"href":"https:\/\/www.radiolimari.cl\/index.php?rest_route=\/wp\/v2\/posts\/8197\/revisions\/8199"}],"wp:featuredmedia":[{"embeddable":true,"href":"https:\/\/www.radiolimari.cl\/index.php?rest_route=\/wp\/v2\/media\/8198"}],"wp:attachment":[{"href":"https:\/\/www.radiolimari.cl\/index.php?rest_route=%2Fwp%2Fv2%2Fmedia&parent=8197"}],"wp:term":[{"taxonomy":"category","embeddable":true,"href":"https:\/\/www.radiolimari.cl\/index.php?rest_route=%2Fwp%2Fv2%2Fcategories&post=8197"},{"taxonomy":"post_tag","embeddable":true,"href":"https:\/\/www.radiolimari.cl\/index.php?rest_route=%2Fwp%2Fv2%2Ftags&post=8197"}],"curies":[{"name":"wp","href":"https:\/\/api.w.org\/{rel}","templated":true}]}}