{"id":8191,"date":"2022-12-10T03:06:25","date_gmt":"2022-12-10T03:06:25","guid":{"rendered":"https:\/\/www.radiolimari.cl\/?p=8191"},"modified":"2022-12-10T03:06:26","modified_gmt":"2022-12-10T03:06:26","slug":"paso-de-agua-negra-mas-de-mil-personas-han-cruzado-la-frontera-durante-las-primeras-48-horas-de-apertura","status":"publish","type":"post","link":"https:\/\/www.radiolimari.cl\/?p=8191","title":{"rendered":"Paso de Agua Negra: M\u00e1s de mil personas han cruzado la frontera durante las primeras 48 horas de apertura"},"content":{"rendered":"\n<figure class=\"wp-block-image size-large\"><a href=\"https:\/\/www.radiolimari.cl\/wp-content\/uploads\/2022\/12\/VEHICULOS-AGUA-NEGRA-img_0168-2.jpeg\"><img fetchpriority=\"high\" decoding=\"async\" width=\"1024\" height=\"768\" src=\"https:\/\/www.radiolimari.cl\/wp-content\/uploads\/2022\/12\/VEHICULOS-AGUA-NEGRA-img_0168-2-1024x768.jpeg\" alt=\"\" class=\"wp-image-8192\" srcset=\"https:\/\/www.radiolimari.cl\/wp-content\/uploads\/2022\/12\/VEHICULOS-AGUA-NEGRA-img_0168-2-1024x768.jpeg 1024w, https:\/\/www.radiolimari.cl\/wp-content\/uploads\/2022\/12\/VEHICULOS-AGUA-NEGRA-img_0168-2-300x225.jpeg 300w, https:\/\/www.radiolimari.cl\/wp-content\/uploads\/2022\/12\/VEHICULOS-AGUA-NEGRA-img_0168-2-768x576.jpeg 768w, https:\/\/www.radiolimari.cl\/wp-content\/uploads\/2022\/12\/VEHICULOS-AGUA-NEGRA-img_0168-2.jpeg 1280w\" sizes=\"(max-width: 1024px) 100vw, 1024px\" \/><\/a><\/figure>\n\n\n\n<p><strong><em>El Delegado Presidencial Regional, Rub\u00e9n Quezada, destac\u00f3 las cifras, indicando que \u201cno se daban desde la temporada 2015-2016\u201d.<\/em><\/strong><\/p>\n\n\n\n<p>Desde el mi\u00e9rcoles que paso Internacional Agua Negra de la regi\u00f3n de Coquimbo lo est\u00e1 abierto para el cruce de veh\u00edculos y ya han sido cientos de personas que han hecho tanto ingreso como salida de nuestro territorio a trav\u00e9s de nuestro paso.<\/p>\n\n\n\n<p>Durante las primeras 48 horas, inform\u00f3 el Delegado Presidencial Rub\u00e9n Quezada, han cruzado 1068 personas, unos 275 veh\u00edculos.<\/p>\n\n\n\n<p>Para la autoridad regional, <strong>\u201cestos primeros d\u00edas han sido muy positivos. Estas cifras no se daban desde la temporada 2015-2015. Hemos tenido una gran cantidad de veh\u00edculos que han ingresado y tambi\u00e9n compatriotas han aprovechado de concurrir a la Provincia de San Juan. Por lo mismo, nosotros queremos que este paso sea el inicio de una relaci\u00f3n fruct\u00edfera y fecunda con los hermanos trasandinos en materia cultural, econ\u00f3mica. Es una excelente noticia, esperamos que esto siga avanzando y sigan llegando visitantes\u201d.<\/strong><\/p>\n\n\n\n<p>Y es que el fin de semana largo, adem\u00e1s del prolongado cierre del paso, producto de la pandemia y la calidad actual del camino, han incidido en las expectativas de los visitantes para ingresar a la zona.<\/p>\n\n\n\n<p>Esto, acot\u00f3 el Delegado Quezada, abre un buen escenario para el turismo y el comercio regional, en el contexto de la pr\u00f3xima temporada de verano y el dinamismo que buscan las autoridades para nuestra econom\u00eda.<\/p>\n\n\n\n<p>Opini\u00f3n que coincide con la del Seremi de Econom\u00eda, Nicol\u00e1s Ledezma, quien sostuvo que<strong> \u201ces algo bastante esperado por el comercio local. Hace a\u00f1os no ve\u00edamos este flujo. Y nosotros hemos trabajado de la mejor manera para recibirlos, reforzando la seguridad y esperando que el comercio pueda tener horarios m\u00e1s extendidos para que los turistas encuentren la ciudad despierta y activa y as\u00ed disfrutar de las bondades de nuestro territorio\u201d<\/strong>.<\/p>\n\n\n\n<p>Los horarios del complejo Fronterizo Juntas del Toro son:<br>Para el ingreso al pa\u00eds, de 07 de la ma\u00f1ana a 21 horas. Mientras que para la salida, desde las&nbsp; 07.00 hasta las 17.00 horas.<\/p>\n\n\n\n<p><\/p>\n","protected":false},"excerpt":{"rendered":"<p>El Delegado Presidencial Regional, Rub\u00e9n Quezada, destac\u00f3 las cifras, indicando que \u201cno se daban desde la temporada 2015-2016\u201d. Desde el mi\u00e9rcoles que paso Internacional Agua Negra de la regi\u00f3n de Coquimbo lo est\u00e1 abierto para el cruce de veh\u00edculos y ya han sido cientos de personas que han hecho tanto ingreso como salida de nuestro &#8230;<\/p>\n","protected":false},"author":2,"featured_media":8192,"comment_status":"open","ping_status":"open","sticky":false,"template":"","format":"standard","meta":{"footnotes":""},"categories":[6],"tags":[],"class_list":["post-8191","post","type-post","status-publish","format-standard","has-post-thumbnail","hentry","category-regionales"],"_links":{"self":[{"href":"https:\/\/www.radiolimari.cl\/index.php?rest_route=\/wp\/v2\/posts\/8191","targetHints":{"allow":["GET"]}}],"collection":[{"href":"https:\/\/www.radiolimari.cl\/index.php?rest_route=\/wp\/v2\/posts"}],"about":[{"href":"https:\/\/www.radiolimari.cl\/index.php?rest_route=\/wp\/v2\/types\/post"}],"author":[{"embeddable":true,"href":"https:\/\/www.radiolimari.cl\/index.php?rest_route=\/wp\/v2\/users\/2"}],"replies":[{"embeddable":true,"href":"https:\/\/www.radiolimari.cl\/index.php?rest_route=%2Fwp%2Fv2%2Fcomments&post=8191"}],"version-history":[{"count":1,"href":"https:\/\/www.radiolimari.cl\/index.php?rest_route=\/wp\/v2\/posts\/8191\/revisions"}],"predecessor-version":[{"id":8193,"href":"https:\/\/www.radiolimari.cl\/index.php?rest_route=\/wp\/v2\/posts\/8191\/revisions\/8193"}],"wp:featuredmedia":[{"embeddable":true,"href":"https:\/\/www.radiolimari.cl\/index.php?rest_route=\/wp\/v2\/media\/8192"}],"wp:attachment":[{"href":"https:\/\/www.radiolimari.cl\/index.php?rest_route=%2Fwp%2Fv2%2Fmedia&parent=8191"}],"wp:term":[{"taxonomy":"category","embeddable":true,"href":"https:\/\/www.radiolimari.cl\/index.php?rest_route=%2Fwp%2Fv2%2Fcategories&post=8191"},{"taxonomy":"post_tag","embeddable":true,"href":"https:\/\/www.radiolimari.cl\/index.php?rest_route=%2Fwp%2Fv2%2Ftags&post=8191"}],"curies":[{"name":"wp","href":"https:\/\/api.w.org\/{rel}","templated":true}]}}