{"id":8188,"date":"2022-12-10T02:59:16","date_gmt":"2022-12-10T02:59:16","guid":{"rendered":"https:\/\/www.radiolimari.cl\/?p=8188"},"modified":"2022-12-10T02:59:16","modified_gmt":"2022-12-10T02:59:16","slug":"juzgado-de-garantia-de-ovalle-ordena-la-prision-preventiva-de-imputado-por-robo-con-intimidacion-en-la-via-publica","status":"publish","type":"post","link":"https:\/\/www.radiolimari.cl\/?p=8188","title":{"rendered":"<strong>Juzgado de Garant\u00eda de Ovalle ordena la prisi\u00f3n preventiva de imputado por robo con intimidaci\u00f3n en la v\u00eda p\u00fablica<\/strong>"},"content":{"rendered":"\n<figure class=\"wp-block-image size-large is-resized\"><a href=\"https:\/\/www.radiolimari.cl\/wp-content\/uploads\/2022\/12\/DSC_0056-scaled.jpg\"><img decoding=\"async\" src=\"https:\/\/www.radiolimari.cl\/wp-content\/uploads\/2022\/12\/DSC_0056-1024x684.jpg\" alt=\"\" class=\"wp-image-8189\" width=\"274\" height=\"182\" srcset=\"https:\/\/www.radiolimari.cl\/wp-content\/uploads\/2022\/12\/DSC_0056-1024x684.jpg 1024w, https:\/\/www.radiolimari.cl\/wp-content\/uploads\/2022\/12\/DSC_0056-768x513.jpg 768w, https:\/\/www.radiolimari.cl\/wp-content\/uploads\/2022\/12\/DSC_0056-1536x1027.jpg 1536w, https:\/\/www.radiolimari.cl\/wp-content\/uploads\/2022\/12\/DSC_0056-2048x1369.jpg 2048w\" sizes=\"(max-width: 274px) 100vw, 274px\" \/><\/a><figcaption class=\"wp-element-caption\">El Juzgado de Garant\u00eda de Ovalle dej\u00f3 este viernes 9 de diciembre\u2013 sujeto a la medida cautelar de prisi\u00f3n preventiva a L.M.M.L., imputado por el Ministerio P\u00fablico como autor de los delitos consumados de robo con intimidaci\u00f3n y porte ilegal de arma de fuego. Il\u00edcitos perpetrados la noche del jueves, en la v\u00eda p\u00fablica de la comuna.<\/figcaption><\/figure>\n\n\n\n<p>En la audiencia de formalizaci\u00f3n, el magistrado Dar\u00edo D\u00edaz Pe\u00f1a y Lillo orden\u00f3 el ingreso de L.M.M.L., al Centro de Detenci\u00f3n Preventiva de Ovalle, por considerar que su libertad constituye un peligro para la seguridad de la sociedad. Adem\u00e1s, fij\u00f3 en 45 d\u00edas el plazo de investigaci\u00f3n.<\/p>\n\n\n\n<p>Al resolver la privaci\u00f3n de libertad del imputado, el magistrado Diaz Pe\u00f1a y Lillo sostuvo que en la especie: \u201cDebemos presumir que si el imputado queda libre es peligroso para la seguridad de la sociedad, porque la imputaci\u00f3n del delito es de crimen, porque no se vislumbra como se va a rebajar la pena a menos de 5 a\u00f1os y un d\u00eda.<\/p>\n\n\n\n<p>Entonces se cumplen los tres requisitos que establece el legislador para efectos de decretar la prisi\u00f3n preventiva, pero no solo eso, porque se trata de un delito cometido en la v\u00eda p\u00fablica, en una avenida importante de la ciudad de Ovalle, en una hora que todav\u00eda la gente circula, es un delito que afecta porque est\u00e1 cometido, no en una casa, no en un pasaje, sino que en la v\u00eda p\u00fablica. Por lo tanto es un delito que afecta la tranquilidad social, no solo la tranquilidad de la propia v\u00edctima que se vio afectada por estos hechos, sino de las personas que circulan habitualmente en la calle; que provoca ignominia, desorden social, una alteraci\u00f3n en la vida de las personas, no solo en la v\u00edctima. Por lo tanto, entendemos que se cumplen los requisitos de la letra a) b) y c) del art\u00edculo 140 y se va a decretar preventiva del imputado\u201d.<\/p>\n\n\n\n<p>Seg\u00fan el ente persecutor, El 8 de diciembre de 2022, aproximadamente a las 22.50 horas, el imputado L.M.M.L, junto a otro sujeto no identificado, previamente concertados abordaron a la v\u00edctima que conduc\u00eda su autom\u00f3vil por calle Romeral con Avenida La Feria de la ciudad de Coquimbo, subi\u00e9ndose como copiloto y en la parte trasera del veh\u00edculo, respectivamente.<\/p>\n\n\n\n<p>El sujeto no identificado apunt\u00f3 con un arma al cuello de la v\u00edctima, la que se resisti\u00f3 y forceje\u00f3, producto de lo cual al sujeto se le cay\u00f3 el arma. Seguidamente la v\u00edctima forceje\u00f3 con el imputado que manten\u00eda un arma de fuego tipo revolver, lo que hizo que perdiera el control&nbsp; del veh\u00edculo y colisiona con una camioneta, instante en que el sujeto que estaba en el asiento trasero huye del lugar, logrando la v\u00edctima retener a L.M.M.L.<\/p>\n\n\n\n<p><\/p>\n","protected":false},"excerpt":{"rendered":"<p>En la audiencia de formalizaci\u00f3n, el magistrado Dar\u00edo D\u00edaz Pe\u00f1a y Lillo orden\u00f3 el ingreso de L.M.M.L., al Centro de Detenci\u00f3n Preventiva de Ovalle, por considerar que su libertad constituye un peligro para la seguridad de la sociedad. Adem\u00e1s, fij\u00f3 en 45 d\u00edas el plazo de investigaci\u00f3n. Al resolver la privaci\u00f3n de libertad del imputado, &#8230;<\/p>\n","protected":false},"author":2,"featured_media":8189,"comment_status":"open","ping_status":"open","sticky":false,"template":"","format":"standard","meta":{"footnotes":""},"categories":[5],"tags":[],"class_list":["post-8188","post","type-post","status-publish","format-standard","has-post-thumbnail","hentry","category-actualidad-limarina"],"_links":{"self":[{"href":"https:\/\/www.radiolimari.cl\/index.php?rest_route=\/wp\/v2\/posts\/8188","targetHints":{"allow":["GET"]}}],"collection":[{"href":"https:\/\/www.radiolimari.cl\/index.php?rest_route=\/wp\/v2\/posts"}],"about":[{"href":"https:\/\/www.radiolimari.cl\/index.php?rest_route=\/wp\/v2\/types\/post"}],"author":[{"embeddable":true,"href":"https:\/\/www.radiolimari.cl\/index.php?rest_route=\/wp\/v2\/users\/2"}],"replies":[{"embeddable":true,"href":"https:\/\/www.radiolimari.cl\/index.php?rest_route=%2Fwp%2Fv2%2Fcomments&post=8188"}],"version-history":[{"count":1,"href":"https:\/\/www.radiolimari.cl\/index.php?rest_route=\/wp\/v2\/posts\/8188\/revisions"}],"predecessor-version":[{"id":8190,"href":"https:\/\/www.radiolimari.cl\/index.php?rest_route=\/wp\/v2\/posts\/8188\/revisions\/8190"}],"wp:featuredmedia":[{"embeddable":true,"href":"https:\/\/www.radiolimari.cl\/index.php?rest_route=\/wp\/v2\/media\/8189"}],"wp:attachment":[{"href":"https:\/\/www.radiolimari.cl\/index.php?rest_route=%2Fwp%2Fv2%2Fmedia&parent=8188"}],"wp:term":[{"taxonomy":"category","embeddable":true,"href":"https:\/\/www.radiolimari.cl\/index.php?rest_route=%2Fwp%2Fv2%2Fcategories&post=8188"},{"taxonomy":"post_tag","embeddable":true,"href":"https:\/\/www.radiolimari.cl\/index.php?rest_route=%2Fwp%2Fv2%2Ftags&post=8188"}],"curies":[{"name":"wp","href":"https:\/\/api.w.org\/{rel}","templated":true}]}}