{"id":8182,"date":"2022-12-10T01:06:36","date_gmt":"2022-12-10T01:06:36","guid":{"rendered":"https:\/\/www.radiolimari.cl\/?p=8182"},"modified":"2022-12-10T01:06:37","modified_gmt":"2022-12-10T01:06:37","slug":"corte-de-la-serena-firma-compromiso-regional-de-la-infancia-con-municipios-de-la-region-de-coquimbo","status":"publish","type":"post","link":"https:\/\/www.radiolimari.cl\/?p=8182","title":{"rendered":"Corte de La Serena firma compromiso regional de la infancia con municipios de la regi\u00f3n de Coquimbo"},"content":{"rendered":"\n<figure class=\"wp-block-image size-large\"><a href=\"https:\/\/www.radiolimari.cl\/wp-content\/uploads\/2022\/12\/DSC_7963-1-scaled.jpg\"><img fetchpriority=\"high\" decoding=\"async\" width=\"1024\" height=\"574\" src=\"https:\/\/www.radiolimari.cl\/wp-content\/uploads\/2022\/12\/DSC_7963-1-1024x574.jpg\" alt=\"\" class=\"wp-image-8183\" srcset=\"https:\/\/www.radiolimari.cl\/wp-content\/uploads\/2022\/12\/DSC_7963-1-1024x574.jpg 1024w, https:\/\/www.radiolimari.cl\/wp-content\/uploads\/2022\/12\/DSC_7963-1-300x168.jpg 300w, https:\/\/www.radiolimari.cl\/wp-content\/uploads\/2022\/12\/DSC_7963-1-768x430.jpg 768w, https:\/\/www.radiolimari.cl\/wp-content\/uploads\/2022\/12\/DSC_7963-1-1536x861.jpg 1536w, https:\/\/www.radiolimari.cl\/wp-content\/uploads\/2022\/12\/DSC_7963-1-2048x1148.jpg 2048w\" sizes=\"(max-width: 1024px) 100vw, 1024px\" \/><\/a><figcaption class=\"wp-element-caption\">Con ni\u00f1os, ni\u00f1as y adolescentes como protagonistas, la Corte de Apelaciones de La Serena suscribi\u00f3 el \u201cCompromiso regional por la infancia\u201d con 13 alcaldes de la regi\u00f3n de Coquimbo, iniciativa impulsada por el tribunal de alzada a trav\u00e9s del ministro Felipe Pulgar Bravo, encargado de los asuntos de Familia.<\/figcaption><\/figure>\n\n\n\n<p>\u201cComo Poder Judicial y despu\u00e9s de trabajar muchos a\u00f1os con la vulneraci\u00f3n de derechos, es decir, llegar a la vida de un ni\u00f1o cuando ya fue afectado y tratar de repararlo, nos dimos cuenta primero que no podemos trabajar solo como tribunales y segundo, que es necesario articular una red que sea preventiva, que trabaje desde el foco familiar, desde el foco educativo. Y desde ah\u00ed entonces asumimos que los alcaldes y alcaldesas eran tremendamente relevante en esta labor para poder formar a los profesores y a los pap\u00e1s en el aspecto que pudiese ser relevante, reitero, para darle protecci\u00f3n desde lo preventivo a los ni\u00f1os y ni\u00f1as\u201d, detall\u00f3 el ministro.<\/p>\n\n\n\n<p>Es as\u00ed como despu\u00e9s de meses de coordinaci\u00f3n, 13 de los 15 alcaldes de la regi\u00f3n respondieron a la suscripci\u00f3n del documento, donde se comprometen, entre otros aspectos, a instruir que en cualquier gesti\u00f3n municipal cada persona que se relacione con un ni\u00f1o, ni\u00f1a y adolescente debe tener en consideraci\u00f3n su calidad de sujeto de derecho, adem\u00e1s de permitirles participar activa y directamente en todos los espacios en que tengan injerencia y cuya decisi\u00f3n pueda afectar su vida.<\/p>\n\n\n\n<p><strong>Ni\u00f1os y ni\u00f1as protagonistas<\/strong><\/p>\n\n\n\n<p>Para el alcalde de Coquimbo, Al\u00ed Manouchehri, la importancia de la iniciativa es trascendental en las pol\u00edticas comunales. \u201cLos ni\u00f1os son fundamentales, cuando hablamos de temas de infancia no podemos seguir mirando hacia un costado, hemos visto la vulneraci\u00f3n de sus derechos en varias oportunidades y es muy prudente que se empiece a realizar este tipo de compromiso y que sean realmente efectivos\u201d, se\u00f1al\u00f3 el edil.<\/p>\n\n\n\n<p>En la ceremonia, adem\u00e1s de los alcaldes e instituciones relacionadas con el derecho de los NNA, la presencia m\u00e1s significativa fue la de los mismos ni\u00f1os y ni\u00f1as, quienes se mostraron felices de ser motivadores de un compromiso pensado para ellos. \u201cMe parece maravilloso que cumplan con su labor de respetar nuestra opini\u00f3n y que tenemos voz, que necesitamos ciertas cosas y que necesitamos ser pr\u00e1cticamente escuchados porque es nuestro futuro. Al fin los que vamos a quedar somos nosotros y necesitamos estar en un buen ambiente donde nos sintamos bien\u201d dijo Ayleen Cort\u00e9s de Vicu\u00f1a.<\/p>\n\n\n\n<p>Isabella Tapia, de la comuna de Rio Hurtado, agradece la oportunidad de ser o\u00eddos. \u201cEncuentro bien este acuerdo porque dejan que los adolescentes y los ni\u00f1os puedan hablar y los dem\u00e1s puedan escucharlos\u201d.&nbsp;<\/p>\n\n\n\n<p>Por su parte Maura Rivas de la comuna de La Higuera, se\u00f1al\u00f3 en la ceremonia que \u201cMe parece genial porque sentimos el apoyo de las personas a ser escuchados y dar nuestra opini\u00f3n sin ning\u00fan problema\u201d.<\/p>\n\n\n\n<p><strong>Derechos prioritarios<\/strong><\/p>\n\n\n\n<p>El compromiso fue suscrito por los alcaldes de La Higuera, La Serena, Coquimbo, Vicu\u00f1a, Paihuano, Andacollo, Monte Patria, Punitaqui, Rio Hurtado, Combarbal\u00e1, Canela, Salamanca y Los Vilos.<\/p>\n\n\n\n<p>En la ceremonia, a trav\u00e9s de un saludo por video, estuvo presente tambi\u00e9n la Defensora de la Ni\u00f1ez, Patricia Garc\u00eda Mu\u00f1oz, quien destac\u00f3 la labor que la Corte de Apelaciones ha tenido en la regi\u00f3n respecto a ni\u00f1os, ni\u00f1as y adolescentes.&nbsp; \u201cQuiero hoy relevar no solo el valor del trabajo territorial que se hace desde los municipios con la ni\u00f1ez y con la adolescencia, que es esencial y fundamental para que ellos y ellas est\u00e9n protegidos y tambi\u00e9n para que sus derechos se provean; sino que tambi\u00e9n valorar enormemente el trabajo dedicado que el ministro Pulgar ha tenido en materia de que en la regi\u00f3n de Coquimbo los derechos de ni\u00f1os, ni\u00f1as y adolescentes sean una prioridad, no solo en el \u00e1mbito judicial, en el abordaje que tengan que dar a la judicatura, sino que tambi\u00e9n en el contexto integral de la institucionalidad\u201d, manifest\u00f3.<\/p>\n\n\n\n<p>En ese sentido, el ministro Pulgar explic\u00f3 que el compromiso se materializar\u00e1 en las propuestas que cada alcalde quiera realizar, adem\u00e1s de un trabajo en conjunto. \u201cEl a\u00f1o 2023 me coincide con la presidencia de la Corte y desde ya tengo planificada la posibilidad de poder constituirme en las comunas con las que se ha firmado este convenio para organizar con la municipalidad respectiva alg\u00fan encuentro donde pueden haber padres, apoderados, juntas de vecinos, etc\u00e9tera, distintos actores del mundo adulto que puedan estar conscientes de cu\u00e1les son los derechos de los ni\u00f1os y ah\u00ed ir sembrando semillas que permitan que el d\u00eda de ma\u00f1ana podamos decir que los ni\u00f1os pueden caminar tranquilos por la calle, que tienen su necesidad satisfecha y que son ojal\u00e1 mucho m\u00e1s felices\u201d, concluy\u00f3.<\/p>\n\n\n\n<p>La actividad, se suma a las diversas iniciativas que desarrolla el tribunal de alzada a trav\u00e9s de la Mesa T\u00e9cnica Interinstitucional de Familia, \u00f3rgano resolutivo en materia administrativa de infancia del tribunal de alzada, en el que se congregan, diversos representantes del mundo pol\u00edtico, acad\u00e9mico y judicial, con el objetivo de efectivizar los derechos de ni\u00f1as, ni\u00f1os y adolescentes a trav\u00e9s del desarrollo de actividades y pol\u00edticas concretas.<\/p>\n","protected":false},"excerpt":{"rendered":"<p>\u201cComo Poder Judicial y despu\u00e9s de trabajar muchos a\u00f1os con la vulneraci\u00f3n de derechos, es decir, llegar a la vida de un ni\u00f1o cuando ya fue afectado y tratar de repararlo, nos dimos cuenta primero que no podemos trabajar solo como tribunales y segundo, que es necesario articular una red que sea preventiva, que trabaje &#8230;<\/p>\n","protected":false},"author":2,"featured_media":8183,"comment_status":"open","ping_status":"open","sticky":false,"template":"","format":"standard","meta":{"footnotes":""},"categories":[6],"tags":[],"class_list":["post-8182","post","type-post","status-publish","format-standard","has-post-thumbnail","hentry","category-regionales"],"_links":{"self":[{"href":"https:\/\/www.radiolimari.cl\/index.php?rest_route=\/wp\/v2\/posts\/8182","targetHints":{"allow":["GET"]}}],"collection":[{"href":"https:\/\/www.radiolimari.cl\/index.php?rest_route=\/wp\/v2\/posts"}],"about":[{"href":"https:\/\/www.radiolimari.cl\/index.php?rest_route=\/wp\/v2\/types\/post"}],"author":[{"embeddable":true,"href":"https:\/\/www.radiolimari.cl\/index.php?rest_route=\/wp\/v2\/users\/2"}],"replies":[{"embeddable":true,"href":"https:\/\/www.radiolimari.cl\/index.php?rest_route=%2Fwp%2Fv2%2Fcomments&post=8182"}],"version-history":[{"count":1,"href":"https:\/\/www.radiolimari.cl\/index.php?rest_route=\/wp\/v2\/posts\/8182\/revisions"}],"predecessor-version":[{"id":8184,"href":"https:\/\/www.radiolimari.cl\/index.php?rest_route=\/wp\/v2\/posts\/8182\/revisions\/8184"}],"wp:featuredmedia":[{"embeddable":true,"href":"https:\/\/www.radiolimari.cl\/index.php?rest_route=\/wp\/v2\/media\/8183"}],"wp:attachment":[{"href":"https:\/\/www.radiolimari.cl\/index.php?rest_route=%2Fwp%2Fv2%2Fmedia&parent=8182"}],"wp:term":[{"taxonomy":"category","embeddable":true,"href":"https:\/\/www.radiolimari.cl\/index.php?rest_route=%2Fwp%2Fv2%2Fcategories&post=8182"},{"taxonomy":"post_tag","embeddable":true,"href":"https:\/\/www.radiolimari.cl\/index.php?rest_route=%2Fwp%2Fv2%2Ftags&post=8182"}],"curies":[{"name":"wp","href":"https:\/\/api.w.org\/{rel}","templated":true}]}}