{"id":8151,"date":"2022-12-03T16:04:33","date_gmt":"2022-12-03T16:04:33","guid":{"rendered":"http:\/\/www.radiolimari.cl\/?p=8151"},"modified":"2022-12-03T16:06:19","modified_gmt":"2022-12-03T16:06:19","slug":"se-declara-alerta-temprana-preventiva-para-las-comunas-de-region-por-altas-temperaturas","status":"publish","type":"post","link":"https:\/\/www.radiolimari.cl\/?p=8151","title":{"rendered":"Se declara Alerta Temprana Preventiva para varias comunas de region por altas temperaturas"},"content":{"rendered":"<p><a href=\"https:\/\/www.radiolimari.cl\/wp-content\/uploads\/2022\/12\/IMG_20201011_000621_226.jpg\"><img fetchpriority=\"high\" decoding=\"async\" class=\"alignnone size-medium wp-image-8152\" src=\"https:\/\/www.radiolimari.cl\/wp-content\/uploads\/2022\/12\/IMG_20201011_000621_226-300x300.jpg\" alt=\"IMG_20201011_000621_226\" width=\"300\" height=\"300\" srcset=\"https:\/\/www.radiolimari.cl\/wp-content\/uploads\/2022\/12\/IMG_20201011_000621_226-300x300.jpg 300w, https:\/\/www.radiolimari.cl\/wp-content\/uploads\/2022\/12\/IMG_20201011_000621_226-150x150.jpg 150w, https:\/\/www.radiolimari.cl\/wp-content\/uploads\/2022\/12\/IMG_20201011_000621_226-70x70.jpg 70w, https:\/\/www.radiolimari.cl\/wp-content\/uploads\/2022\/12\/IMG_20201011_000621_226.jpg 574w\" sizes=\"(max-width: 300px) 100vw, 300px\" \/><\/a><\/p>\n<h2 style=\"font-weight: normal;\">En alerta las comunas de La Higuera, Vicu\u00f1a, Paihuano, Rio Hurtado, Monte Patria, Combarbal\u00e1, Illapel y Salamanca.<\/h2>\n<p><!--more--><\/p>\n<p style=\"color: #666666;\">De acuerdo con la informaci\u00f3n proporcionada por la Direcci\u00f3n Meteorol\u00f3gica de Chile (DMC), mediante su Aviso Meteorol\u00f3gico A434\/2022, se pronostica un evento de altas temperaturas desde la tarde hasta la noche del domingo 04 de diciembre en precordillera y valles precordilleranos de la Regi\u00f3n de Coquimbo.<\/p>\n<p style=\"color: #666666;\">En consideraci\u00f3n a este antecedente, que supone un aumento del riesgo asociado esta variable meteorol\u00f3gica, la Direcci\u00f3n Regional de ONEMI Coquimbo,\u00a0<b>declara Alerta Temprana Preventiva\u00a0<\/b>para las comunas de La Higuera, Vicu\u00f1a, Paihuano, Rio Hurtado, Monte Patria, Combarbal\u00e1, Illapel y Salamanca,<b>\u00a0<\/b>por altas temperaturas, vigente a contar de hoy y hasta que las condiciones as\u00ed lo ameriten.<\/p>\n<p>&nbsp;<\/p>\n","protected":false},"excerpt":{"rendered":"<p>En alerta las comunas de La Higuera, Vicu\u00f1a, Paihuano, Rio Hurtado, Monte Patria, Combarbal\u00e1, Illapel y Salamanca.<\/p>\n","protected":false},"author":2,"featured_media":8152,"comment_status":"open","ping_status":"open","sticky":false,"template":"","format":"standard","meta":{"footnotes":""},"categories":[6],"tags":[],"class_list":["post-8151","post","type-post","status-publish","format-standard","has-post-thumbnail","hentry","category-regionales"],"_links":{"self":[{"href":"https:\/\/www.radiolimari.cl\/index.php?rest_route=\/wp\/v2\/posts\/8151","targetHints":{"allow":["GET"]}}],"collection":[{"href":"https:\/\/www.radiolimari.cl\/index.php?rest_route=\/wp\/v2\/posts"}],"about":[{"href":"https:\/\/www.radiolimari.cl\/index.php?rest_route=\/wp\/v2\/types\/post"}],"author":[{"embeddable":true,"href":"https:\/\/www.radiolimari.cl\/index.php?rest_route=\/wp\/v2\/users\/2"}],"replies":[{"embeddable":true,"href":"https:\/\/www.radiolimari.cl\/index.php?rest_route=%2Fwp%2Fv2%2Fcomments&post=8151"}],"version-history":[{"count":3,"href":"https:\/\/www.radiolimari.cl\/index.php?rest_route=\/wp\/v2\/posts\/8151\/revisions"}],"predecessor-version":[{"id":8155,"href":"https:\/\/www.radiolimari.cl\/index.php?rest_route=\/wp\/v2\/posts\/8151\/revisions\/8155"}],"wp:featuredmedia":[{"embeddable":true,"href":"https:\/\/www.radiolimari.cl\/index.php?rest_route=\/wp\/v2\/media\/8152"}],"wp:attachment":[{"href":"https:\/\/www.radiolimari.cl\/index.php?rest_route=%2Fwp%2Fv2%2Fmedia&parent=8151"}],"wp:term":[{"taxonomy":"category","embeddable":true,"href":"https:\/\/www.radiolimari.cl\/index.php?rest_route=%2Fwp%2Fv2%2Fcategories&post=8151"},{"taxonomy":"post_tag","embeddable":true,"href":"https:\/\/www.radiolimari.cl\/index.php?rest_route=%2Fwp%2Fv2%2Ftags&post=8151"}],"curies":[{"name":"wp","href":"https:\/\/api.w.org\/{rel}","templated":true}]}}