{"id":8149,"date":"2022-12-03T15:56:15","date_gmt":"2022-12-03T15:56:15","guid":{"rendered":"http:\/\/www.radiolimari.cl\/?p=8149"},"modified":"2022-12-03T15:56:15","modified_gmt":"2022-12-03T15:56:15","slug":"en-la-plaza-de-armas-de-ovalle-se-encendio-el-arbol-de-navidad-natural-mas-grande-de-chile","status":"publish","type":"post","link":"https:\/\/www.radiolimari.cl\/?p=8149","title":{"rendered":"En la Plaza de Armas de Ovalle, se encendi\u00f3 el \u00c1rbol de Navidad natural m\u00e1s grande de Chile."},"content":{"rendered":"<p><a href=\"https:\/\/www.radiolimari.cl\/wp-content\/uploads\/2022\/12\/\u00c1rbol-de-Navidad-de-Ovalle-2.jpg\"><img fetchpriority=\"high\" decoding=\"async\" class=\"alignnone size-medium wp-image-8144\" src=\"https:\/\/www.radiolimari.cl\/wp-content\/uploads\/2022\/12\/\u00c1rbol-de-Navidad-de-Ovalle-2-300x224.jpg\" alt=\"\u00c1rbol de Navidad de Ovalle (2)\" width=\"300\" height=\"224\" srcset=\"https:\/\/www.radiolimari.cl\/wp-content\/uploads\/2022\/12\/\u00c1rbol-de-Navidad-de-Ovalle-2-300x224.jpg 300w, https:\/\/www.radiolimari.cl\/wp-content\/uploads\/2022\/12\/\u00c1rbol-de-Navidad-de-Ovalle-2-1024x767.jpg 1024w\" sizes=\"(max-width: 300px) 100vw, 300px\" \/><\/a><\/p>\n<p><strong><em>La jornada, que cont\u00f3 con la presencia de miles de ovallinas y ovallinos, se inici\u00f3 con la presentaci\u00f3n de la Orquesta Generaciones del liceo Bicentenario Eliseo Videla Jorquera y luego se dio paso al momento m\u00e1s esperado de la noche, donde se ilumin\u00f3 la plaza de armas, con las luces de uno de los s\u00edmbolos de nuestra comuna. <\/em><\/strong><\/p>\n<p><!--more--><\/p>\n<p>Miles de ovallinas y ovallinos se congregaron en la plaza de armas, para presenciar el encendido del \u00c1rbol de Navidad natural m\u00e1s grande de nuestro pa\u00eds. Adultos y ni\u00f1os no quisieron perderse este momento especial, que todos los a\u00f1os inicia de manera oficial la Navidad en la capital limarina e ilumina nuestro principal paseo p\u00fablico.<\/p>\n<p>La jornada, organizada por el municipio de Ovalle, se inici\u00f3 con la presentaci\u00f3n de la Orquesta Generaciones, integrada por alumnos, ex alumnos y profesores del Liceo Bicentenario Eliseo Videla Jorquera, quienes deleitaron a los presentes con una amplia selecci\u00f3n de villancicos y su impecable interpretaci\u00f3n musical.<\/p>\n<p>Posteriormente, lleg\u00f3 el momento m\u00e1s esperado, principalmente por los ni\u00f1os y ni\u00f1as. Se realiz\u00f3 la cuenta regresiva y se encendi\u00f3 este s\u00edmbolo ante la emoci\u00f3n de todos quienes pudieron apreciar de cerca este momento. \u201cEs un instante muy especial y una de las tradiciones m\u00e1s bonitas que tenemos. Ojal\u00e1 esto dure por muchas generaciones m\u00e1s de ovallinos\u201d indic\u00f3 Juan Francisco Canales, quien asisti\u00f3 a la plaza de armas, con su se\u00f1ora y sus dos hijas. Josefa Jim\u00e9nez, no quiso perderse este espect\u00e1culo, porque \u201csiento que es todo muy bonito. Todos los a\u00f1os vengo con mi marido y mi hijo, porque creo que es momento muy especial y hermoso\u201d.<\/p>\n<p>Los ni\u00f1os y ni\u00f1as tambi\u00e9n disfrutaron y fueron los m\u00e1s emocionados. Catalina Sep\u00falveda fue acompa\u00f1ada por su madre e indic\u00f3 que \u201ces muy bonito el \u00e1rbol de navidad, me gustaron mucho las luces\u201d. Joaqu\u00edn Orellana, de 8 a\u00f1os, mostr\u00f3 su felicidad y afirm\u00f3 que \u201cel \u00e1rbol es muy grande y muy lindo, le saque muchas fotos para tenerlas de recuerdo\u201d.<\/p>\n<p>Este a\u00f1o el \u00c1rbol de Navidad de Ovalle, que mide m\u00e1s de 55 metros, contar\u00e1 con 1.600 luces LED distribuidas en 20 guirnaldas de 80 luces de 2W, lo que asegura un bajo consumo de energ\u00eda, pero una alta luminosidad, lo que permitir\u00e1 apreciarlo, desde diversos puntos de la parte alta y baja de la ciudad.<\/p>\n<p>Al respecto, el alcalde (S) de Ovalle, H\u00e9ctor Vega Campusano sostuvo que \u201ces un momento muy esperado por las familias ovallinas y eso se comprueba con la presencia de miles de personas en nuestra plaza de armas, que siempre quieren estar presentes en la ceremonia del encendido de nuestro \u00e1rbol de navidad. Estamos muy orgullosos de tenerlo, porque es el m\u00e1s grande de tipo natural del pa\u00eds y claramente un atractivo tur\u00edstico de nuestra comuna\u201d.<\/p>\n<p>El \u00c1rbol de Navidad de Ovalle estar\u00e1 encendido hasta el pr\u00f3ximo 31 de enero de 2023.<\/p>\n","protected":false},"excerpt":{"rendered":"<p>La jornada, que cont\u00f3 con la presencia de miles de ovallinas y ovallinos, se inici\u00f3 con la presentaci\u00f3n de la Orquesta Generaciones del liceo Bicentenario Eliseo Videla Jorquera y luego se dio paso al momento m\u00e1s esperado de la noche, donde se ilumin\u00f3 la plaza de armas, con las luces de uno de los s\u00edmbolos &#8230;<\/p>\n","protected":false},"author":2,"featured_media":8144,"comment_status":"open","ping_status":"open","sticky":false,"template":"","format":"standard","meta":{"footnotes":""},"categories":[5],"tags":[],"class_list":["post-8149","post","type-post","status-publish","format-standard","has-post-thumbnail","hentry","category-actualidad-limarina"],"_links":{"self":[{"href":"https:\/\/www.radiolimari.cl\/index.php?rest_route=\/wp\/v2\/posts\/8149","targetHints":{"allow":["GET"]}}],"collection":[{"href":"https:\/\/www.radiolimari.cl\/index.php?rest_route=\/wp\/v2\/posts"}],"about":[{"href":"https:\/\/www.radiolimari.cl\/index.php?rest_route=\/wp\/v2\/types\/post"}],"author":[{"embeddable":true,"href":"https:\/\/www.radiolimari.cl\/index.php?rest_route=\/wp\/v2\/users\/2"}],"replies":[{"embeddable":true,"href":"https:\/\/www.radiolimari.cl\/index.php?rest_route=%2Fwp%2Fv2%2Fcomments&post=8149"}],"version-history":[{"count":1,"href":"https:\/\/www.radiolimari.cl\/index.php?rest_route=\/wp\/v2\/posts\/8149\/revisions"}],"predecessor-version":[{"id":8150,"href":"https:\/\/www.radiolimari.cl\/index.php?rest_route=\/wp\/v2\/posts\/8149\/revisions\/8150"}],"wp:featuredmedia":[{"embeddable":true,"href":"https:\/\/www.radiolimari.cl\/index.php?rest_route=\/wp\/v2\/media\/8144"}],"wp:attachment":[{"href":"https:\/\/www.radiolimari.cl\/index.php?rest_route=%2Fwp%2Fv2%2Fmedia&parent=8149"}],"wp:term":[{"taxonomy":"category","embeddable":true,"href":"https:\/\/www.radiolimari.cl\/index.php?rest_route=%2Fwp%2Fv2%2Fcategories&post=8149"},{"taxonomy":"post_tag","embeddable":true,"href":"https:\/\/www.radiolimari.cl\/index.php?rest_route=%2Fwp%2Fv2%2Ftags&post=8149"}],"curies":[{"name":"wp","href":"https:\/\/api.w.org\/{rel}","templated":true}]}}