{"id":8143,"date":"2022-12-02T14:52:02","date_gmt":"2022-12-02T14:52:02","guid":{"rendered":"http:\/\/www.radiolimari.cl\/?p=8143"},"modified":"2022-12-02T14:52:02","modified_gmt":"2022-12-02T14:52:02","slug":"hoy-viernes-se-encendera-el-arbol-de-navidad-natural-mas-grande-de-chile","status":"publish","type":"post","link":"https:\/\/www.radiolimari.cl\/?p=8143","title":{"rendered":"Hoy viernes se encender\u00e1 el \u00c1rbol de Navidad natural m\u00e1s grande de Chile"},"content":{"rendered":"<p>&nbsp;<\/p>\n<p><a href=\"https:\/\/www.radiolimari.cl\/wp-content\/uploads\/2022\/12\/\u00c1rbol-de-Navidad-de-Ovalle-2.jpg\"><img fetchpriority=\"high\" decoding=\"async\" class=\"alignnone size-medium wp-image-8144\" src=\"https:\/\/www.radiolimari.cl\/wp-content\/uploads\/2022\/12\/\u00c1rbol-de-Navidad-de-Ovalle-2-300x224.jpg\" alt=\"\u00c1rbol de Navidad de Ovalle (2)\" width=\"300\" height=\"224\" srcset=\"https:\/\/www.radiolimari.cl\/wp-content\/uploads\/2022\/12\/\u00c1rbol-de-Navidad-de-Ovalle-2-300x224.jpg 300w, https:\/\/www.radiolimari.cl\/wp-content\/uploads\/2022\/12\/\u00c1rbol-de-Navidad-de-Ovalle-2-1024x767.jpg 1024w\" sizes=\"(max-width: 300px) 100vw, 300px\" \/><\/a><\/p>\n<p><strong><em>La jornada, organizada por el municipio de Ovalle, comenzar\u00e1 a las 20.30 horas con un concierto de villancicos, a cargo de alumnos y alumnas del Liceo Bicentenario Eliseo Videla Jorquera y posteriormente se proceder\u00e1 al momento m\u00e1s esperado por las familias ovallinas y turistas. <\/em><\/strong><\/p>\n<p><!--more--><\/p>\n<p>Es uno de los s\u00edmbolos de la comuna de Ovalle y reconocido a nivel nacional e internacional. El \u00c1rbol de Navidad natural m\u00e1s grande de Chile se encender\u00e1 hoy viernes 2 de diciembre a las 21.00 iniciando de forma oficial las actividades navide\u00f1as, en la capital limarina.<\/p>\n<p>La jornada, se iniciar\u00e1 a las 20.30 horas, con el concierto de la Orquesta Generaciones, compuesta por alumnos y ex alumnos del Liceo Bicentenario Eliseo Videla Jorquera, quienes interpretar\u00e1n una variada selecci\u00f3n de villancicos, para que las familias asistentes disfruten de un momento muy especial.<\/p>\n<p>El \u00c1rbol de Navidad de Ovalle mide m\u00e1s de 55 metros y este a\u00f1o contar\u00e1 con 1.600 luces LED distribuidas en 20 guirnaldas de 80 luces de 2W, lo que asegura un bajo consumo de energ\u00eda, que alcanza los 3,2 kW, pero una alta luminosidad, lo que permitir\u00e1 apreciarlo de varios puntos de la ciudad.<\/p>\n<p>El alcalde (S) de Ovalle, H\u00e9ctor Vega Campusano indic\u00f3 que es \u201cuna de las tradiciones que tenemos en nuestra ciudad y cada a\u00f1o queremos que m\u00e1s gente conozca el \u00e1rbol de navidad de Ovalle y est\u00e9 presente en su encendido, porque es un orgullo para nosotros, pues es considerado como el m\u00e1s grande de Chile, de tipo natural. Invitamos a las familias ovallinas y a quienes nos visitan para que compartan con nosotros este momento muy especial\u201d.<\/p>\n<p>El \u00e1rbol de navidad ovallino estar\u00e1 encendido hasta el pr\u00f3ximo martes 31 de enero de 2023.<\/p>\n","protected":false},"excerpt":{"rendered":"<p>&nbsp; La jornada, organizada por el municipio de Ovalle, comenzar\u00e1 a las 20.30 horas con un concierto de villancicos, a cargo de alumnos y alumnas del Liceo Bicentenario Eliseo Videla Jorquera y posteriormente se proceder\u00e1 al momento m\u00e1s esperado por las familias ovallinas y turistas.<\/p>\n","protected":false},"author":2,"featured_media":8144,"comment_status":"open","ping_status":"open","sticky":false,"template":"","format":"standard","meta":{"footnotes":""},"categories":[5],"tags":[],"class_list":["post-8143","post","type-post","status-publish","format-standard","has-post-thumbnail","hentry","category-actualidad-limarina"],"_links":{"self":[{"href":"https:\/\/www.radiolimari.cl\/index.php?rest_route=\/wp\/v2\/posts\/8143","targetHints":{"allow":["GET"]}}],"collection":[{"href":"https:\/\/www.radiolimari.cl\/index.php?rest_route=\/wp\/v2\/posts"}],"about":[{"href":"https:\/\/www.radiolimari.cl\/index.php?rest_route=\/wp\/v2\/types\/post"}],"author":[{"embeddable":true,"href":"https:\/\/www.radiolimari.cl\/index.php?rest_route=\/wp\/v2\/users\/2"}],"replies":[{"embeddable":true,"href":"https:\/\/www.radiolimari.cl\/index.php?rest_route=%2Fwp%2Fv2%2Fcomments&post=8143"}],"version-history":[{"count":1,"href":"https:\/\/www.radiolimari.cl\/index.php?rest_route=\/wp\/v2\/posts\/8143\/revisions"}],"predecessor-version":[{"id":8145,"href":"https:\/\/www.radiolimari.cl\/index.php?rest_route=\/wp\/v2\/posts\/8143\/revisions\/8145"}],"wp:featuredmedia":[{"embeddable":true,"href":"https:\/\/www.radiolimari.cl\/index.php?rest_route=\/wp\/v2\/media\/8144"}],"wp:attachment":[{"href":"https:\/\/www.radiolimari.cl\/index.php?rest_route=%2Fwp%2Fv2%2Fmedia&parent=8143"}],"wp:term":[{"taxonomy":"category","embeddable":true,"href":"https:\/\/www.radiolimari.cl\/index.php?rest_route=%2Fwp%2Fv2%2Fcategories&post=8143"},{"taxonomy":"post_tag","embeddable":true,"href":"https:\/\/www.radiolimari.cl\/index.php?rest_route=%2Fwp%2Fv2%2Ftags&post=8143"}],"curies":[{"name":"wp","href":"https:\/\/api.w.org\/{rel}","templated":true}]}}