{"id":8134,"date":"2022-12-01T21:45:13","date_gmt":"2022-12-01T21:45:13","guid":{"rendered":"http:\/\/www.radiolimari.cl\/?p=8134"},"modified":"2022-12-01T21:45:13","modified_gmt":"2022-12-01T21:45:13","slug":"con-exito-finalizo-el-programa-aprendiendo-a-hablar-espanol-para-ciudadanos-haitianos-en-ovalle","status":"publish","type":"post","link":"https:\/\/www.radiolimari.cl\/?p=8134","title":{"rendered":"Con \u00e9xito finaliz\u00f3 el programa \u201cAprendiendo a hablar espa\u00f1ol\u201d para ciudadanos haitianos en Ovalle"},"content":{"rendered":"<p><a href=\"https:\/\/www.radiolimari.cl\/wp-content\/uploads\/2022\/12\/Certificaci\u00f3n-haitianos.jpeg\"><img fetchpriority=\"high\" decoding=\"async\" class=\"alignnone size-medium wp-image-8135\" src=\"https:\/\/www.radiolimari.cl\/wp-content\/uploads\/2022\/12\/Certificaci\u00f3n-haitianos-300x225.jpeg\" alt=\"Certificaci\u00f3n haitianos\" width=\"300\" height=\"225\" srcset=\"https:\/\/www.radiolimari.cl\/wp-content\/uploads\/2022\/12\/Certificaci\u00f3n-haitianos-300x225.jpeg 300w, https:\/\/www.radiolimari.cl\/wp-content\/uploads\/2022\/12\/Certificaci\u00f3n-haitianos.jpeg 1024w\" sizes=\"(max-width: 300px) 100vw, 300px\" \/><\/a><\/p>\n<p><strong><em>La iniciativa, impulsada por el municipio de Ovalle en conjunto con el Servicio Nacional de Migraciones favoreci\u00f3 a 18 estudiantes haitianos, que residen en nuestra comuna y que gracias a este curso conocieron m\u00e1s de nuestro idioma, para poder desenvolverse sin problemas en labores cotidianas. <\/em><\/strong><!--more--><\/p>\n<p>18 alumnos haitianos fueron favorecidos con el programa \u201cAprendiendo a hablar espa\u00f1ol en Ovalle\u201d impulsado por el municipio local y financiado por el Servicio Nacional de Migraciones. Esta instituci\u00f3n contribuy\u00f3 con 8 millones de pesos, a trav\u00e9s del Fondo Migrante, que permiti\u00f3 el desarrollo de estas clases que se prolongaron por tres meses.<\/p>\n<p>En julio de este a\u00f1o, se aprob\u00f3 la realizaci\u00f3n de esta iniciativa que consisti\u00f3 en clases de traducci\u00f3n franc\u00e9s-espa\u00f1ol, que estuvieron a cargo de las profesoras Cecilia V\u00e9liz y Patricia Rivera, quienes tambi\u00e9n realizaron actividades l\u00fadicas y recreativas, para complementar el conocimiento de los alumnos y alumnas, ya que el objetivo principal es promover el aprendizaje del idioma espa\u00f1ol en migrantes haitianos, a trav\u00e9s de metodolog\u00edas de ense\u00f1anza din\u00e1mica.<\/p>\n<p>La ceremonia de certificaci\u00f3n se realiz\u00f3 en el sal\u00f3n auditorium del ex Hospital Antonio Tirado Lanas. Durante el desarrollo de las clases, este grupo de inmigrantes se capacit\u00f3 y hoy pueden realizar tr\u00e1mites y otras labores cotidianas sin problemas. En este sentido, uno de los favorecidos fue Jackson Zizi quien se mostr\u00f3 feliz, porque gracias a este programa \u201choy podemos decir que hemos aprendido a expresarnos con mayor fluidez y tambi\u00e9n para poder desarrollarnos en distintas actividades que antes, para nosotros, eran dif\u00edciles. Hoy podemos realizar un tr\u00e1mite, compras e insertarnos de mejor manera en nuestro entorno y estamos muy felices con lo que aprendimos de nuestras queridas profesoras\u201d.<\/p>\n<p>Por su parte, el director regional de Migraciones, Ricardo Sprohnle Soza afirm\u00f3 que \u00a0\u00a0\u201cpara nosotros es un d\u00eda muy importante, porque es un agrado estar en la clausura de este programa tan especial que abraza conceptos tan relevantes que nosotros como servicio buscamos imprimir a nivel regional y nacional, que tiene relaci\u00f3n con la inclusi\u00f3n, la integraci\u00f3n y la multiculturalidad y creo que cumplimos a cabalidad con esta misi\u00f3n, porque de esta forma acortamos las brechas idiom\u00e1ticas y le damos alternativas para que se desarrollen en nuestro pa\u00eds\u201d.<\/p>\n<p>Al respecto, el alcalde (S) de Ovalle, H\u00e9ctor Vega Campusano sostuvo que esto comenz\u00f3 \u201ccuando se impuls\u00f3 el Sello Migrante, que lo deb\u00edan tener todas las municipalidades y nosotros logramos contar con esta distinci\u00f3n. Este programa es el \u00fanico que se desarrolla en la regi\u00f3n que se enfoca en materia educacional. Lo desarrollamos porque en la comuna existe una gran colonia de haitianos y quer\u00edamos darle una posibilidad de que ellos pudieran desenvolverse sin problemas en nuestro pa\u00eds\u201d.<\/p>\n","protected":false},"excerpt":{"rendered":"<p>La iniciativa, impulsada por el municipio de Ovalle en conjunto con el Servicio Nacional de Migraciones favoreci\u00f3 a 18 estudiantes haitianos, que residen en nuestra comuna y que gracias a este curso conocieron m\u00e1s de nuestro idioma, para poder desenvolverse sin problemas en labores cotidianas.<\/p>\n","protected":false},"author":2,"featured_media":8135,"comment_status":"open","ping_status":"open","sticky":false,"template":"","format":"standard","meta":{"footnotes":""},"categories":[5],"tags":[],"class_list":["post-8134","post","type-post","status-publish","format-standard","has-post-thumbnail","hentry","category-actualidad-limarina"],"_links":{"self":[{"href":"https:\/\/www.radiolimari.cl\/index.php?rest_route=\/wp\/v2\/posts\/8134","targetHints":{"allow":["GET"]}}],"collection":[{"href":"https:\/\/www.radiolimari.cl\/index.php?rest_route=\/wp\/v2\/posts"}],"about":[{"href":"https:\/\/www.radiolimari.cl\/index.php?rest_route=\/wp\/v2\/types\/post"}],"author":[{"embeddable":true,"href":"https:\/\/www.radiolimari.cl\/index.php?rest_route=\/wp\/v2\/users\/2"}],"replies":[{"embeddable":true,"href":"https:\/\/www.radiolimari.cl\/index.php?rest_route=%2Fwp%2Fv2%2Fcomments&post=8134"}],"version-history":[{"count":1,"href":"https:\/\/www.radiolimari.cl\/index.php?rest_route=\/wp\/v2\/posts\/8134\/revisions"}],"predecessor-version":[{"id":8136,"href":"https:\/\/www.radiolimari.cl\/index.php?rest_route=\/wp\/v2\/posts\/8134\/revisions\/8136"}],"wp:featuredmedia":[{"embeddable":true,"href":"https:\/\/www.radiolimari.cl\/index.php?rest_route=\/wp\/v2\/media\/8135"}],"wp:attachment":[{"href":"https:\/\/www.radiolimari.cl\/index.php?rest_route=%2Fwp%2Fv2%2Fmedia&parent=8134"}],"wp:term":[{"taxonomy":"category","embeddable":true,"href":"https:\/\/www.radiolimari.cl\/index.php?rest_route=%2Fwp%2Fv2%2Fcategories&post=8134"},{"taxonomy":"post_tag","embeddable":true,"href":"https:\/\/www.radiolimari.cl\/index.php?rest_route=%2Fwp%2Fv2%2Ftags&post=8134"}],"curies":[{"name":"wp","href":"https:\/\/api.w.org\/{rel}","templated":true}]}}