{"id":8120,"date":"2022-12-01T15:00:10","date_gmt":"2022-12-01T15:00:10","guid":{"rendered":"http:\/\/www.radiolimari.cl\/?p=8120"},"modified":"2022-12-01T15:00:10","modified_gmt":"2022-12-01T15:00:10","slug":"tasa-de-desocupacion-es-de-86-en-el-periodo-agosto-octubre-en-la-region-de-coquimbo","status":"publish","type":"post","link":"https:\/\/www.radiolimari.cl\/?p=8120","title":{"rendered":"Tasa de Desocupaci\u00f3n es de 8,6% en el periodo  agosto-octubre en la regi\u00f3n de Coquimbo"},"content":{"rendered":"<p><a href=\"https:\/\/www.radiolimari.cl\/wp-content\/uploads\/2022\/12\/foto-construccion.jpg\"><img fetchpriority=\"high\" decoding=\"async\" class=\"alignnone size-medium wp-image-8121\" src=\"https:\/\/www.radiolimari.cl\/wp-content\/uploads\/2022\/12\/foto-construccion-300x247.jpg\" alt=\"foto-construccion\" width=\"300\" height=\"247\" srcset=\"https:\/\/www.radiolimari.cl\/wp-content\/uploads\/2022\/12\/foto-construccion-300x247.jpg 300w, https:\/\/www.radiolimari.cl\/wp-content\/uploads\/2022\/12\/foto-construccion.jpg 950w\" sizes=\"(max-width: 300px) 100vw, 300px\" \/><\/a><\/p>\n<p><strong><em>Comercio, Miner\u00eda e Industrias Manufactureras son las actividades econ\u00f3micas que m\u00e1s aportan en la generaci\u00f3n de empleos.<\/em><\/strong><!--more--><\/p>\n<p>La Tasa de Desocupaci\u00f3n regional se situ\u00f3 en un 8,6% en el trimestre agosto-octubre 2022, registrando un descenso de 0,9 puntos porcentuales en doce meses y presentando la quinta disminuci\u00f3n consecutiva.<\/p>\n<p>El n\u00famero de ocupados sigue al alza con un aumento de un 8,0% con 26.620 nuevas personas ocupadas. Mientras que las personas desocupadas disminuyeron en un 3,9% totalizando 33.800 personas, presentando el cuarto descenso consecutivo.<\/p>\n<p>Las actividades econ\u00f3micas que m\u00e1s aportaron a la creaci\u00f3n de empleo fueron Comercio, Miner\u00eda e Industrias Manufactureras. Mientras que el principal descenso se registr\u00f3 en Agricultura y Pesca con una variaci\u00f3n negativa de 12,2%.<\/p>\n<p>Al respecto la Seremi del Trabajo, Claudia Santander, explic\u00f3 que \u201caparece un sector que a nosotros nos hab\u00eda interesado mucho poder impulsar, que es la industria manufacturera, con un 16,3%, en este rubro, que est\u00e1 dentro de las prioridades que nosotros hemos mencionado como mesa de reactivaci\u00f3n para el desarrollo de la regi\u00f3n\u201d.<\/p>\n<p>La autoridad del trabajo enfatiz\u00f3 en el compromiso del Gobierno de continuar generando oportunidades de empleo y dijo que \u201ces un desaf\u00edo poder recuperar los sectores que se han ido quedando rezagados, por ejemplo, con agricultura que por diferentes factores se ha visto afectada y sobre eso ya hemos estado trabajando y haciendo algunas reuniones, precisamente con los representantes del sector agr\u00edcola, de manera de impulsar iniciativas que permitan generar contrataciones en el sector. Las expectativas positivas las tenemos en el trabajo agr\u00edcola de temporada donde existe una importante oferta de ocupaci\u00f3n y en el sector Minero vemos que se han aprobados proyectos relevantes que esperamos generen empleos en este rubro\u201d.<\/p>\n<p>\u201cAdem\u00e1s, en una indagaci\u00f3n m\u00e1s profunda en los datos entregados por el INE, habla del aumento de los trabajadores en el sector privado y de la misma manera se observa un incremento en los trabajadores cuenta propia. Sin embargo, las personas asalariadas en el sector p\u00fablico presentan un descenso de 6,2% equivalente a 3.050 personas que no est\u00e1n ocupadas en el sector p\u00fablico en comparaci\u00f3n con el mismo periodo del 2021, y all\u00ed observamos que se da fundamentalmente en el sector asociado a la atenci\u00f3n de salud y las prestaciones ligadas a los requerimientos de la emergencia sanitaria y que en comparaci\u00f3n a este momento se produce un descenso en t\u00e9rminos de ocupaci\u00f3n\u201d, agreg\u00f3 la Seremi del Trabajo.<\/p>\n<p>En el an\u00e1lisis por territorio la tasa de desocupaci\u00f3n de la provincia de Elqui fue de 10,3%, no registrando variaci\u00f3n en doce meses. Mientras que en la provincia de Limar\u00ed fue de 4,1%, registrando un descenso de 4,3 pp. en un a\u00f1o.<\/p>\n","protected":false},"excerpt":{"rendered":"<p>Comercio, Miner\u00eda e Industrias Manufactureras son las actividades econ\u00f3micas que m\u00e1s aportan en la generaci\u00f3n de empleos.<\/p>\n","protected":false},"author":2,"featured_media":8121,"comment_status":"open","ping_status":"open","sticky":false,"template":"","format":"standard","meta":{"footnotes":""},"categories":[6],"tags":[],"class_list":["post-8120","post","type-post","status-publish","format-standard","has-post-thumbnail","hentry","category-regionales"],"_links":{"self":[{"href":"https:\/\/www.radiolimari.cl\/index.php?rest_route=\/wp\/v2\/posts\/8120","targetHints":{"allow":["GET"]}}],"collection":[{"href":"https:\/\/www.radiolimari.cl\/index.php?rest_route=\/wp\/v2\/posts"}],"about":[{"href":"https:\/\/www.radiolimari.cl\/index.php?rest_route=\/wp\/v2\/types\/post"}],"author":[{"embeddable":true,"href":"https:\/\/www.radiolimari.cl\/index.php?rest_route=\/wp\/v2\/users\/2"}],"replies":[{"embeddable":true,"href":"https:\/\/www.radiolimari.cl\/index.php?rest_route=%2Fwp%2Fv2%2Fcomments&post=8120"}],"version-history":[{"count":1,"href":"https:\/\/www.radiolimari.cl\/index.php?rest_route=\/wp\/v2\/posts\/8120\/revisions"}],"predecessor-version":[{"id":8122,"href":"https:\/\/www.radiolimari.cl\/index.php?rest_route=\/wp\/v2\/posts\/8120\/revisions\/8122"}],"wp:featuredmedia":[{"embeddable":true,"href":"https:\/\/www.radiolimari.cl\/index.php?rest_route=\/wp\/v2\/media\/8121"}],"wp:attachment":[{"href":"https:\/\/www.radiolimari.cl\/index.php?rest_route=%2Fwp%2Fv2%2Fmedia&parent=8120"}],"wp:term":[{"taxonomy":"category","embeddable":true,"href":"https:\/\/www.radiolimari.cl\/index.php?rest_route=%2Fwp%2Fv2%2Fcategories&post=8120"},{"taxonomy":"post_tag","embeddable":true,"href":"https:\/\/www.radiolimari.cl\/index.php?rest_route=%2Fwp%2Fv2%2Ftags&post=8120"}],"curies":[{"name":"wp","href":"https:\/\/api.w.org\/{rel}","templated":true}]}}