{"id":8117,"date":"2022-12-01T14:41:45","date_gmt":"2022-12-01T14:41:45","guid":{"rendered":"http:\/\/www.radiolimari.cl\/?p=8117"},"modified":"2022-12-01T14:41:45","modified_gmt":"2022-12-01T14:41:45","slug":"en-ovalle-aumentan-camaras-de-televigilancia","status":"publish","type":"post","link":"https:\/\/www.radiolimari.cl\/?p=8117","title":{"rendered":"En Ovalle aumentan c\u00e1maras de televigilancia"},"content":{"rendered":"<p><a href=\"https:\/\/www.radiolimari.cl\/wp-content\/uploads\/2022\/12\/Central-de-c\u00e1maras-de-Televigilancia-1.jpg\"><img fetchpriority=\"high\" decoding=\"async\" class=\"alignnone size-medium wp-image-8118\" src=\"https:\/\/www.radiolimari.cl\/wp-content\/uploads\/2022\/12\/Central-de-c\u00e1maras-de-Televigilancia-1-300x173.jpg\" alt=\"Central de c\u00e1maras de Televigilancia (1)\" width=\"300\" height=\"173\" srcset=\"https:\/\/www.radiolimari.cl\/wp-content\/uploads\/2022\/12\/Central-de-c\u00e1maras-de-Televigilancia-1-300x173.jpg 300w, https:\/\/www.radiolimari.cl\/wp-content\/uploads\/2022\/12\/Central-de-c\u00e1maras-de-Televigilancia-1-1024x592.jpg 1024w\" sizes=\"(max-width: 300px) 100vw, 300px\" \/><\/a><\/p>\n<p><strong><em>La comuna en la actualidad cuenta con una central de 240 c\u00e1maras de seguridad, que son monitoreadas las 24 horas del d\u00eda por operadores especializados y que funcionan bajo el alero del municipio de Ovalle.<\/em><\/strong><\/p>\n<p><!--more--><\/p>\n<p>Es un apoyo muy importante para las polic\u00edas y para la Fiscal\u00eda local. Las c\u00e1maras de seguridad que funcionan en Ovalle, se han convertido en aliadas para detectar diversos tipos de delitos, como sustracci\u00f3n de veh\u00edculos y accesorios, homicidios y robos en lugares habitados.<\/p>\n<p>Lo positivo es que este trabajo se inici\u00f3 con 8 c\u00e1maras, luego se increment\u00f3 a 140 y en la actualidad, la comuna cuenta con 240 de estos aparatos, los cuales se encuentran distribuidos en las principales arterias de la capital provincial, en las poblaciones Media Hacienda, Arizt\u00eda, Mirador III, Magallanes Moure, Jos\u00e9 Tom\u00e1s Ovalle entre otras zonas. A esto se suma, el Mercado Municipal, Feria Modelo y en el Estadio Municipal Diaguita. Se trata de c\u00e1maras fijas y otras denominadas PTZ, que tienen una visi\u00f3n de 360 grados.<\/p>\n<p>El aumento significativo de c\u00e1maras de televigilancia es gracias a la gesti\u00f3n del municipio de Ovalle y el financiamiento de la Subsecretar\u00eda de Desarrollo Regional (SUBDERE). Este sistema es monitoreado las 24 horas del d\u00eda por operadores especializados, que cuentan con el apoyo de personal de Carabineros, quienes coordinan el accionar de funcionarios policiales en el caso que se produzca un delito. Adem\u00e1s, durante el d\u00eda entregan informaci\u00f3n por alto parlante y advierten a quienes cometen faltas y realizan actos indebidos en la v\u00eda p\u00fablica.<\/p>\n<p>En el \u00faltimo periodo se agregaron 90 c\u00e1maras en la Feria Modelo y tres en Avenida Circunvalaci\u00f3n, debido a los accidentes de tr\u00e1nsito y el robo de cables del sistema el\u00e9ctrico, que frecuentemente producen cortes de energ\u00eda en el sector.<\/p>\n<p>Al respecto, el alcalde (S) de Ovalle, H\u00e9ctor Vega Campusano indic\u00f3 que esta es una gesti\u00f3n \u201cque hemos impulsado bajo nuestra administraci\u00f3n municipal, porque queremos aumentar la sensaci\u00f3n de seguridad de nuestros vecinos, porque si son v\u00edctimas de un delito existen altas probabilidades de detener a los delincuentes. Asimismo, se pueden aclarar situaci\u00f3n de accidentes u otro tipo de situaciones\u201d. Por su parte, la encargada de Seguridad P\u00fablica del municipio de Ovalle, Hortensia Flores afirm\u00f3 que existe un trabajo coordinado \u201ccon las polic\u00edas y con la Fiscal\u00eda. Estamos muy contentos porque han arrojado un balance muy positivo y porque adem\u00e1s, gracias al financiamiento municipal y el apoyo de la Subdere hemos ido incrementando la cantidad de c\u00e1maras en la comuna\u201d.<\/p>\n<p>La Fiscal\u00eda es una de las instituciones que ha potenciado su labor diaria. En este sentido, el fiscal jefe Carlos Jim\u00e9nez Villalobos sostuvo que las c\u00e1maras de seguridad \u201centregan un apoyo muy importante, porque nos refleja la grabaci\u00f3n en vivo de los delitos que estamos investigando y en diferentes causas han sido un aporte significativo como robos con violencia, con intimidaci\u00f3n, por cierto en los robos de accesorios de veh\u00edculos e incluso en el \u00faltimo caso de connotaci\u00f3n, como fue el homicidio que ocurri\u00f3 en la plaza de armas de Ovalle, donde una de las pruebas principales es el an\u00e1lisis que se hizo por parte de la Brigada de Homicidios de las c\u00e1maras de seguridad, que funcionan bajo el alero de la municipalidad de Ovalle\u201d.<\/p>\n<p>En tanto, el prefecto de Carabineros de Limar\u00ed y Choapa, coronel Gianni Barnato sostuvo que la contribuci\u00f3n del material audiovisual \u201ces important\u00edsimo porque las c\u00e1maras de seguridad muchas veces son los ojos, cuando Carabineros no est\u00e1. El hecho de tener la ayuda de elementos tecnol\u00f3gicos como las c\u00e1maras, son decisivas para establecer identidades, veh\u00edculos participantes, modus operandi, din\u00e1micas delictivas y eso, claramente, sirve para reorientar nuestros esfuerzos y ese trabajo mancomunado de informaci\u00f3n es fundamental\u201d.<\/p>\n","protected":false},"excerpt":{"rendered":"<p>La comuna en la actualidad cuenta con una central de 240 c\u00e1maras de seguridad, que son monitoreadas las 24 horas del d\u00eda por operadores especializados y que funcionan bajo el alero del municipio de Ovalle.<\/p>\n","protected":false},"author":2,"featured_media":8118,"comment_status":"open","ping_status":"open","sticky":false,"template":"","format":"standard","meta":{"footnotes":""},"categories":[5],"tags":[],"class_list":["post-8117","post","type-post","status-publish","format-standard","has-post-thumbnail","hentry","category-actualidad-limarina"],"_links":{"self":[{"href":"https:\/\/www.radiolimari.cl\/index.php?rest_route=\/wp\/v2\/posts\/8117","targetHints":{"allow":["GET"]}}],"collection":[{"href":"https:\/\/www.radiolimari.cl\/index.php?rest_route=\/wp\/v2\/posts"}],"about":[{"href":"https:\/\/www.radiolimari.cl\/index.php?rest_route=\/wp\/v2\/types\/post"}],"author":[{"embeddable":true,"href":"https:\/\/www.radiolimari.cl\/index.php?rest_route=\/wp\/v2\/users\/2"}],"replies":[{"embeddable":true,"href":"https:\/\/www.radiolimari.cl\/index.php?rest_route=%2Fwp%2Fv2%2Fcomments&post=8117"}],"version-history":[{"count":1,"href":"https:\/\/www.radiolimari.cl\/index.php?rest_route=\/wp\/v2\/posts\/8117\/revisions"}],"predecessor-version":[{"id":8119,"href":"https:\/\/www.radiolimari.cl\/index.php?rest_route=\/wp\/v2\/posts\/8117\/revisions\/8119"}],"wp:featuredmedia":[{"embeddable":true,"href":"https:\/\/www.radiolimari.cl\/index.php?rest_route=\/wp\/v2\/media\/8118"}],"wp:attachment":[{"href":"https:\/\/www.radiolimari.cl\/index.php?rest_route=%2Fwp%2Fv2%2Fmedia&parent=8117"}],"wp:term":[{"taxonomy":"category","embeddable":true,"href":"https:\/\/www.radiolimari.cl\/index.php?rest_route=%2Fwp%2Fv2%2Fcategories&post=8117"},{"taxonomy":"post_tag","embeddable":true,"href":"https:\/\/www.radiolimari.cl\/index.php?rest_route=%2Fwp%2Fv2%2Ftags&post=8117"}],"curies":[{"name":"wp","href":"https:\/\/api.w.org\/{rel}","templated":true}]}}