{"id":8114,"date":"2022-12-01T14:00:41","date_gmt":"2022-12-01T14:00:41","guid":{"rendered":"http:\/\/www.radiolimari.cl\/?p=8114"},"modified":"2022-12-01T14:00:41","modified_gmt":"2022-12-01T14:00:41","slug":"hospital-de-ovalle-concluye-su-proceso-de-puesta-en-marcha-despues-de-dos-anos-de-lucha-contra-la-pandemia","status":"publish","type":"post","link":"https:\/\/www.radiolimari.cl\/?p=8114","title":{"rendered":"Hospital de Ovalle concluye su proceso de puesta en marcha despu\u00e9s de dos a\u00f1os de lucha contra la pandemia"},"content":{"rendered":"<p><a href=\"https:\/\/www.radiolimari.cl\/wp-content\/uploads\/2022\/12\/fin-puesta-en-marcha-5.jpeg\"><img fetchpriority=\"high\" decoding=\"async\" class=\"alignnone size-medium wp-image-8115\" src=\"https:\/\/www.radiolimari.cl\/wp-content\/uploads\/2022\/12\/fin-puesta-en-marcha-5-300x199.jpeg\" alt=\"fin puesta en marcha (5)\" width=\"300\" height=\"199\" srcset=\"https:\/\/www.radiolimari.cl\/wp-content\/uploads\/2022\/12\/fin-puesta-en-marcha-5-300x199.jpeg 300w, https:\/\/www.radiolimari.cl\/wp-content\/uploads\/2022\/12\/fin-puesta-en-marcha-5-1024x682.jpeg 1024w, https:\/\/www.radiolimari.cl\/wp-content\/uploads\/2022\/12\/fin-puesta-en-marcha-5.jpeg 1280w\" sizes=\"(max-width: 300px) 100vw, 300px\" \/><\/a><\/p>\n<p><em>La alerta sanitaria decretada en el pa\u00eds el 2020 hizo que las autoridades dispusieran de atribuciones especiales para enfrentar el COVID-19, como permitir que los hospitales nuevos atendieran pacientes mientras esperaban el resultado de su autorizaci\u00f3n sanitaria. <\/em><\/p>\n<p><!--more--><\/p>\n<p>El principal recinto de salud de la Provincia de Limar\u00ed fue uno de los cinco hospitales del Chile que adelantaron su apertura durante el a\u00f1o 2020, con el fin de apoyar el plan de contingencia del Ministerio de Salud (MINSAL) para hacer frente al Coronavirus, dado que se requer\u00eda aumentar r\u00e1pidamente las camas en la red p\u00fablica para hospitalizar pacientes con requerimientos de tratamientos y cuidados cr\u00edticos. Debido a este cambio de fechas en el plan de traslado del recinto, el hospital ten\u00eda pendiente la conclusi\u00f3n del proceso de autorizaci\u00f3n sanitaria, el cu\u00e1l finaliz\u00f3 hoy con un acto simb\u00f3lico de las autoridades de salud para cerrar la puesta en marcha del Hospital Provincial de Ovalle.<\/p>\n<p>Gracias a la alerta sanitaria decretada en Chile por la pandemia, la autoridad dispuso de atribuciones especiales para enfrentar esta enfermedad, como permitir funcionar a los hospitales nuevos mientras esperaban el resultado del proceso de autorizaci\u00f3n sanitaria. La puesta en marcha del recinto se adelant\u00f3 para el 23 de marzo del 2020, cuando comenz\u00f3 el traslado de los primeros pacientes hospitalizados a las nuevas dependencias, este cambio de fecha se debi\u00f3 a que 20 d\u00edas antes, ya hab\u00eda llegado el primer caso de COVID-19 al pa\u00eds.<\/p>\n<p>Respecto a esto, el Dr. Jorge Guti\u00e9rrez, director (s) del Hospital Provincial de Ovalle, explic\u00f3 que \u201cafortunadamente y venciendo todo tipo de dificultades, se logr\u00f3 obtener esta autorizaci\u00f3n sanitaria, lo que nos permite trabajar m\u00e1s tranquilos, tener la certeza de que el edificio ya est\u00e1 saneado en ese sentido y que podemos trabajar mirando hacia el futuro, principalmente porque el recinto tuvo que adecuarse a las restricciones de la pandemia relacionadas a los aforos y aislamientos durante la atenci\u00f3n de pacientes.<\/p>\n<p>Sin embargo, el doctor afirm\u00f3 que, \u201cel hecho de hacer este proceso de aceleraci\u00f3n del funcionamiento producto de la pandemia fue bastante dif\u00edcil, incorporarse a un edificio con dependencias nuevas y flujos de acci\u00f3n distintos fue bastante dificultoso, yo lo viv\u00ed en el per\u00edodo inicial como jefe de la unidad de emergencia y fue bastante complejo\u201d, haciendo hincapi\u00e9 en que el siguiente desaf\u00edo de la instituci\u00f3n es comenzar su trabajo de acreditaci\u00f3n en seguridad y calidad de atenci\u00f3n hacia los pacientes.<\/p>\n<p>Ahora el principal Hospital de la Provincia de Limar\u00ed cierra su puesta en marcha y se transforma oficialmente en un establecimiento con una estructura y organizaci\u00f3n de acuerdo con la normativa establecida por el MINSAL. Seg\u00fan la Seremi de Salud de la Regi\u00f3n de Coquimbo, Paola Salas,\u00a0 \u201chemos terminado la puesta en marcha de este hospital, con la entrega de la autorizaci\u00f3n sanitaria que cost\u00f3 mucho trabajo, porque es la autorizaci\u00f3n sanitaria m\u00e1s grande que hemos entregado en estos 8 meses que llevamos de administraci\u00f3n del estado, donde las caracter\u00edsticas de un hospital para poder ser autorizado sanitariamente, son inmensas, porque cada sala de procedimiento, cada box de atenci\u00f3n m\u00e9dica o pabell\u00f3n de acci\u00f3n quir\u00fargica, o todos los lugares donde las personas son atendidas, tiene que ser autorizado por nosotros\u201d.<\/p>\n<p>En esa misma l\u00ednea, la seremi explic\u00f3 que \u201cla atenci\u00f3n de salud siempre es mejor cuando uno tiene una mejor infraestructura, nuestros usuarios lo merecen y tambi\u00e9n dignifica el hecho de que su atenci\u00f3n sea en un buen lugar\u201d.<\/p>\n<p>Seg\u00fan Germ\u00e1n L\u00f3pez, director (s) del Servicio de Salud Coquimbo, la estrategia de adelantar la entrega del hospital en el 2020 \u201cvino a fortalecer la red asistencial\u201d. La autoridad regional profundiz\u00f3 en que hace dos a\u00f1os \u201cten\u00edamos un gran problema de camas, faltaban muchas camas de UPC, tanto de camas UCI como UTI, hab\u00eda un d\u00e9ficit bastante grande en la regi\u00f3n, y eso ayud\u00f3 a que esta infraestructura que estaba reci\u00e9n hecha, nos la pudieran entregar para poder utilizarla con una autorizaci\u00f3n provisora desde el ministerio que se dio producto de la pandemia\u201d<\/p>\n<p>Germ\u00e1n L\u00f3pez recuerda que esta medida \u201cnos permiti\u00f3, adem\u00e1s, trabajar con los dos hospitales en paralelo, ten\u00edamos los pacientes que fueron trasladados aqu\u00ed y tambi\u00e9n ten\u00edamos el hospital antiguo que era el hospital de contingencia, con la apertura de pacientes COVID y eso fue una estrategia que vino a ayudar a descongestionar la red asistencial\u201d, finaliz\u00f3<\/p>\n","protected":false},"excerpt":{"rendered":"<p>La alerta sanitaria decretada en el pa\u00eds el 2020 hizo que las autoridades dispusieran de atribuciones especiales para enfrentar el COVID-19, como permitir que los hospitales nuevos atendieran pacientes mientras esperaban el resultado de su autorizaci\u00f3n sanitaria.<\/p>\n","protected":false},"author":2,"featured_media":8115,"comment_status":"open","ping_status":"open","sticky":false,"template":"","format":"standard","meta":{"footnotes":""},"categories":[5],"tags":[],"class_list":["post-8114","post","type-post","status-publish","format-standard","has-post-thumbnail","hentry","category-actualidad-limarina"],"_links":{"self":[{"href":"https:\/\/www.radiolimari.cl\/index.php?rest_route=\/wp\/v2\/posts\/8114","targetHints":{"allow":["GET"]}}],"collection":[{"href":"https:\/\/www.radiolimari.cl\/index.php?rest_route=\/wp\/v2\/posts"}],"about":[{"href":"https:\/\/www.radiolimari.cl\/index.php?rest_route=\/wp\/v2\/types\/post"}],"author":[{"embeddable":true,"href":"https:\/\/www.radiolimari.cl\/index.php?rest_route=\/wp\/v2\/users\/2"}],"replies":[{"embeddable":true,"href":"https:\/\/www.radiolimari.cl\/index.php?rest_route=%2Fwp%2Fv2%2Fcomments&post=8114"}],"version-history":[{"count":1,"href":"https:\/\/www.radiolimari.cl\/index.php?rest_route=\/wp\/v2\/posts\/8114\/revisions"}],"predecessor-version":[{"id":8116,"href":"https:\/\/www.radiolimari.cl\/index.php?rest_route=\/wp\/v2\/posts\/8114\/revisions\/8116"}],"wp:featuredmedia":[{"embeddable":true,"href":"https:\/\/www.radiolimari.cl\/index.php?rest_route=\/wp\/v2\/media\/8115"}],"wp:attachment":[{"href":"https:\/\/www.radiolimari.cl\/index.php?rest_route=%2Fwp%2Fv2%2Fmedia&parent=8114"}],"wp:term":[{"taxonomy":"category","embeddable":true,"href":"https:\/\/www.radiolimari.cl\/index.php?rest_route=%2Fwp%2Fv2%2Fcategories&post=8114"},{"taxonomy":"post_tag","embeddable":true,"href":"https:\/\/www.radiolimari.cl\/index.php?rest_route=%2Fwp%2Fv2%2Ftags&post=8114"}],"curies":[{"name":"wp","href":"https:\/\/api.w.org\/{rel}","templated":true}]}}