{"id":8111,"date":"2022-12-01T13:44:13","date_gmt":"2022-12-01T13:44:13","guid":{"rendered":"http:\/\/www.radiolimari.cl\/?p=8111"},"modified":"2022-12-01T13:44:41","modified_gmt":"2022-12-01T13:44:41","slug":"promueven-generacion-comunitaria-en-comunidades-de-la-region-para-bajar-los-costos-de-la-energia","status":"publish","type":"post","link":"https:\/\/www.radiolimari.cl\/?p=8111","title":{"rendered":"Promueven generaci\u00f3n comunitaria en comunidades de la Regi\u00f3n para bajar los costos de la energ\u00eda"},"content":{"rendered":"<p><a href=\"https:\/\/www.radiolimari.cl\/wp-content\/uploads\/2022\/12\/IMG_4186.jpg\"><img decoding=\"async\" class=\"alignnone size-medium wp-image-8112\" src=\"https:\/\/www.radiolimari.cl\/wp-content\/uploads\/2022\/12\/IMG_4186-300x148.jpg\" alt=\"IMG_4186\" width=\"300\" height=\"148\" srcset=\"https:\/\/www.radiolimari.cl\/wp-content\/uploads\/2022\/12\/IMG_4186-300x148.jpg 300w, https:\/\/www.radiolimari.cl\/wp-content\/uploads\/2022\/12\/IMG_4186-1024x507.jpg 1024w\" sizes=\"(max-width: 300px) 100vw, 300px\" \/><\/a><\/p>\n<p><b style=\"color: #242424;\"><i><span lang=\"ES\">Modelo asociativo est\u00e1 orientado a satisfacer las necesidades de comunidades rurales a trav\u00e9s de sistemas fotovoltaicos.<\/span><\/i><\/b><!--more--><\/p>\n<p style=\"color: #242424;\"><span lang=\"ES\">Generaci\u00f3n asociativa y comunitaria entre vecinos de una localidad, que permita un beneficio colectivo de acuerdo con un modelo de energ\u00eda local, fue el objetivo de taller del Ministerio de Energ\u00eda en tres localidades de la Regi\u00f3n de Coquimbo, en el marco de los objetivos de la Agenda de Energ\u00eda 2022-2026 y de la Pol\u00edtica Energ\u00e9tica Nacional (PEN).<\/span><\/p>\n<p style=\"color: #242424;\"><span lang=\"ES\">La seremi de Energ\u00eda, Mar\u00eda Castillo Rojas, junto con el jefe de la unidad de procesos de di\u00e1logo del Ministerio de Energ\u00eda, Francisco Merino, se reunieron con comunidades de las tres provincias para conocer las necesidades y proponer alternativas de modelo organizacional que facilite la ejecuci\u00f3n de proyectos.<\/span><\/p>\n<p style=\"color: #242424;\"><span lang=\"ES\">En reuniones realizadas en tres comunidades de la Regi\u00f3n, se plante\u00f3 la necesidad de implementar plantas fotovoltaicas para el bombeo de agua, energizaci\u00f3n para riego tecnificado y energ\u00eda de respaldo en caso de cortes de luz, en especial cuando suceden contingencias.<\/span><\/p>\n<p style=\"color: #242424;\"><span lang=\"ES\">La seremi Mar\u00eda Castillo subray\u00f3 que \u201cestamos en contacto permanente con organizaciones comunitarias en toda la regi\u00f3n, y preocupados de las necesidades de acceso a la energ\u00eda de las personas, especialmente aquellas que viven en zonas m\u00e1s alejadas, dando cumplimiento al lineamiento del actual Gobierno. Queremos dar orientaci\u00f3n para mejorar la organizaci\u00f3n de comunidades, mediante estos talleres de energ\u00eda local, con la posibilidad de levantar proyectos que se puedan implementar en la zona, los que permitan un desarrollo productivo y social. La energ\u00eda es transversal y es muy importante que sea segura, limpia y asequible, porque mejora la calidad de vida de las familias, entrega salud y educaci\u00f3n y fomenta una diversidad de oportunidades laborales\u201d.<\/span><\/p>\n<p style=\"color: #242424;\"><span lang=\"ES\">Durante sus intervenciones en los talleres, Francisco Merino expuso el modelo de energ\u00eda local sustentado en alternativas a los cuales podr\u00eda optar una comunidad, tales como\u00a0 generaci\u00f3n asociativa (en alianza con privados para satisfacer una necesidad),\u00a0 generaci\u00f3n distribuida (de propiedad conjunta bajo la ley net-billing) y generaci\u00f3n comunitaria (venta de energ\u00eda al sistema el\u00e9ctrico), las cuales est\u00e1n orientadas para desarrollar proyectos que involucren a la comunidad con la obtenci\u00f3n de un beneficio colectivo.<\/span><\/p>\n<p>&nbsp;<\/p>\n<p>&nbsp;<\/p>\n<p>&nbsp;<\/p>\n<p>&nbsp;<\/p>\n<p>&nbsp;<\/p>\n<p>&nbsp;<\/p>\n<p>&nbsp;<\/p>\n<p>&nbsp;<\/p>\n","protected":false},"excerpt":{"rendered":"<p>Modelo asociativo est\u00e1 orientado a satisfacer las necesidades de comunidades rurales a trav\u00e9s de sistemas fotovoltaicos.<\/p>\n","protected":false},"author":2,"featured_media":8112,"comment_status":"open","ping_status":"open","sticky":false,"template":"","format":"standard","meta":{"footnotes":""},"categories":[6],"tags":[],"class_list":["post-8111","post","type-post","status-publish","format-standard","has-post-thumbnail","hentry","category-regionales"],"_links":{"self":[{"href":"https:\/\/www.radiolimari.cl\/index.php?rest_route=\/wp\/v2\/posts\/8111","targetHints":{"allow":["GET"]}}],"collection":[{"href":"https:\/\/www.radiolimari.cl\/index.php?rest_route=\/wp\/v2\/posts"}],"about":[{"href":"https:\/\/www.radiolimari.cl\/index.php?rest_route=\/wp\/v2\/types\/post"}],"author":[{"embeddable":true,"href":"https:\/\/www.radiolimari.cl\/index.php?rest_route=\/wp\/v2\/users\/2"}],"replies":[{"embeddable":true,"href":"https:\/\/www.radiolimari.cl\/index.php?rest_route=%2Fwp%2Fv2%2Fcomments&post=8111"}],"version-history":[{"count":1,"href":"https:\/\/www.radiolimari.cl\/index.php?rest_route=\/wp\/v2\/posts\/8111\/revisions"}],"predecessor-version":[{"id":8113,"href":"https:\/\/www.radiolimari.cl\/index.php?rest_route=\/wp\/v2\/posts\/8111\/revisions\/8113"}],"wp:featuredmedia":[{"embeddable":true,"href":"https:\/\/www.radiolimari.cl\/index.php?rest_route=\/wp\/v2\/media\/8112"}],"wp:attachment":[{"href":"https:\/\/www.radiolimari.cl\/index.php?rest_route=%2Fwp%2Fv2%2Fmedia&parent=8111"}],"wp:term":[{"taxonomy":"category","embeddable":true,"href":"https:\/\/www.radiolimari.cl\/index.php?rest_route=%2Fwp%2Fv2%2Fcategories&post=8111"},{"taxonomy":"post_tag","embeddable":true,"href":"https:\/\/www.radiolimari.cl\/index.php?rest_route=%2Fwp%2Fv2%2Ftags&post=8111"}],"curies":[{"name":"wp","href":"https:\/\/api.w.org\/{rel}","templated":true}]}}