{"id":8107,"date":"2022-12-01T13:35:54","date_gmt":"2022-12-01T13:35:54","guid":{"rendered":"http:\/\/www.radiolimari.cl\/?p=8107"},"modified":"2022-12-01T13:45:40","modified_gmt":"2022-12-01T13:45:40","slug":"conaf-contara-con-unidad-aerea-para-combatir-incendios-durante-las-proximas-tres-temporadas","status":"publish","type":"post","link":"https:\/\/www.radiolimari.cl\/?p=8107","title":{"rendered":"Conaf contar\u00e1 con unidad a\u00e9rea para combatir incendios durante las pr\u00f3ximas tres temporadas"},"content":{"rendered":"<p>&nbsp;<\/p>\n<p>&nbsp;<\/p>\n<p><a href=\"https:\/\/www.radiolimari.cl\/wp-content\/uploads\/2022\/12\/AERONAVE-INCENDIO-img_4301-31.jpeg\"><img fetchpriority=\"high\" decoding=\"async\" class=\"alignnone size-medium wp-image-8109\" src=\"https:\/\/www.radiolimari.cl\/wp-content\/uploads\/2022\/12\/AERONAVE-INCENDIO-img_4301-31-300x168.jpeg\" alt=\"AERONAVE INCENDIO - img_4301 (3)\" width=\"300\" height=\"168\" srcset=\"https:\/\/www.radiolimari.cl\/wp-content\/uploads\/2022\/12\/AERONAVE-INCENDIO-img_4301-31-300x168.jpeg 300w, https:\/\/www.radiolimari.cl\/wp-content\/uploads\/2022\/12\/AERONAVE-INCENDIO-img_4301-31-1024x576.jpeg 1024w, https:\/\/www.radiolimari.cl\/wp-content\/uploads\/2022\/12\/AERONAVE-INCENDIO-img_4301-31.jpeg 1600w\" sizes=\"(max-width: 300px) 100vw, 300px\" \/><\/a><\/p>\n<p>&nbsp;<\/p>\n<p><strong><em>Como parte del compromiso del Presidente Gabriel Boric, el Gobierno anunci\u00f3 que a finales de diciembre llegar\u00e1 a la regi\u00f3n un helic\u00f3ptero liviano de capacidad de carga de hasta mil litros, reforzando, a su vez, las cuadrillas de combate.<\/em><\/strong><!--more--><\/p>\n<p>Si bien, la Regi\u00f3n de Coquimbo tiene la capacidad de respuesta ante emergencias, especialmente incendios forestales, el Gobierno ha estado trabajando para ir fortaleciendo las condiciones actuales para combatir estos siniestros.<\/p>\n<p>Actualmente, la zona cuenta con cinco cuadrillas de la Corporaci\u00f3n Nacional Forestal CONAF (Elqui, Ovalle, Fray Jorge y dos en Los Vilos), los que representan poco m\u00e1s de 80 personas, las que se despliegan en estos escenarios.<\/p>\n<p>En este contexto, el Delegado Presidencial Regional, Rub\u00e9n Quezada, anunci\u00f3 que <strong>\u201ccomo parte del Plan Forestal, vamos a cumplir el compromiso de nuestro Presidente Gabriel Boric y por eso anunciamos que contaremos con un\u00a0 helic\u00f3ptero durante esta temporada, que llegar\u00e1 los \u00faltimos d\u00edas de diciembre y por tres meses, pero no s\u00f3lo por ese tiempo, tendremos este apoyo adicional durante las dos temporadas siguientes\u201d<\/strong>.<\/p>\n<p>Se trata de una unidad a\u00e9rea de liviana con capacidad de carga y traslado de hasta mil litros y estar\u00e1 ubicado en el ae\u00f3dromo de Tuqui, en la comuna de Ovalle. Su llegada tambi\u00e9n implica el reforzamiento en una brigada m\u00e1s para CONAF.<\/p>\n<p>De esta manera la capacidad actual se fortalece, considerando que la Regi\u00f3n de Coquimbo pas\u00f3 a ser una zona de tener 0,1% de incendios forestales a nivel nacional, a un territorio de mayor severidad en las zonas de cuidado que mantiene CONAF y por la cercan\u00eda de viviendas a puntos donde se han concentrado la mayor cantidad de incendios.<\/p>\n<p>El Director Regional de ONEMI, Rub\u00e9n Contador, destac\u00f3 que <strong>\u201cresulta importante que podamos contar con una aeronave y reforzar las brigadas, que mantengamos las BRIFE del Ej\u00e9rcito y poder agilizar y dar una mejor respuesta para cuando ocurran estos incendios\u201d.<\/strong><\/p>\n<p>Y es que de acuerdo a CONAF, la regi\u00f3n ha vivido 33,4 incendios durante los \u00faltimos cinco a\u00f1os, abarcando una superficie de afectaci\u00f3n cercana a las 419 hect\u00e1reas en promedio, en el mismo lapso.<\/p>\n<p><strong>\u201cSi bien en el territorio los incendios son complejos, el elemento m\u00e1s importante es la prevenci\u00f3n, porque todos tenemos la obligaci\u00f3n y el deber ser parte de esto, de evitar estas emergencias, cuidar a los trabajadores, a los vecinos, porque si no trabajamos de esa forma, los incendios pueden acontecer y todos conocemos sus efectos\u201d<\/strong>, se\u00f1al\u00f3 Jos\u00e9 Miguel Torres, Director Regional de CONAF.<\/p>\n<p>Al respecto, cabe consignar que desde el primero de enero, ONEMI se transforma en el Servicio Nacional de Prevenci\u00f3n y Respuesta ante Desastres SENAPRED que tendr\u00e1 un rol activo en materia de prevenci\u00f3n y mitigaci\u00f3n que, en conjunto con el Gobierno Regional, permitir\u00e1 asignar recursos para implementar medidas de esta \u00edndole antes que ocurran estas emergencias que requieran una mayor coordinaci\u00f3n.<\/p>\n","protected":false},"excerpt":{"rendered":"<p>&nbsp; &nbsp; &nbsp; Como parte del compromiso del Presidente Gabriel Boric, el Gobierno anunci\u00f3 que a finales de diciembre llegar\u00e1 a la regi\u00f3n un helic\u00f3ptero liviano de capacidad de carga de hasta mil litros, reforzando, a su vez, las cuadrillas de combate.<\/p>\n","protected":false},"author":2,"featured_media":8108,"comment_status":"open","ping_status":"open","sticky":false,"template":"","format":"standard","meta":{"footnotes":""},"categories":[6],"tags":[],"class_list":["post-8107","post","type-post","status-publish","format-standard","has-post-thumbnail","hentry","category-regionales"],"_links":{"self":[{"href":"https:\/\/www.radiolimari.cl\/index.php?rest_route=\/wp\/v2\/posts\/8107","targetHints":{"allow":["GET"]}}],"collection":[{"href":"https:\/\/www.radiolimari.cl\/index.php?rest_route=\/wp\/v2\/posts"}],"about":[{"href":"https:\/\/www.radiolimari.cl\/index.php?rest_route=\/wp\/v2\/types\/post"}],"author":[{"embeddable":true,"href":"https:\/\/www.radiolimari.cl\/index.php?rest_route=\/wp\/v2\/users\/2"}],"replies":[{"embeddable":true,"href":"https:\/\/www.radiolimari.cl\/index.php?rest_route=%2Fwp%2Fv2%2Fcomments&post=8107"}],"version-history":[{"count":1,"href":"https:\/\/www.radiolimari.cl\/index.php?rest_route=\/wp\/v2\/posts\/8107\/revisions"}],"predecessor-version":[{"id":8110,"href":"https:\/\/www.radiolimari.cl\/index.php?rest_route=\/wp\/v2\/posts\/8107\/revisions\/8110"}],"wp:featuredmedia":[{"embeddable":true,"href":"https:\/\/www.radiolimari.cl\/index.php?rest_route=\/wp\/v2\/media\/8108"}],"wp:attachment":[{"href":"https:\/\/www.radiolimari.cl\/index.php?rest_route=%2Fwp%2Fv2%2Fmedia&parent=8107"}],"wp:term":[{"taxonomy":"category","embeddable":true,"href":"https:\/\/www.radiolimari.cl\/index.php?rest_route=%2Fwp%2Fv2%2Fcategories&post=8107"},{"taxonomy":"post_tag","embeddable":true,"href":"https:\/\/www.radiolimari.cl\/index.php?rest_route=%2Fwp%2Fv2%2Ftags&post=8107"}],"curies":[{"name":"wp","href":"https:\/\/api.w.org\/{rel}","templated":true}]}}