{"id":8102,"date":"2022-11-28T20:26:49","date_gmt":"2022-11-28T20:26:49","guid":{"rendered":"http:\/\/www.radiolimari.cl\/?p=8102"},"modified":"2022-11-28T20:26:49","modified_gmt":"2022-11-28T20:26:49","slug":"municipio-de-ovalle-entrego-ayuda-a-las-familias-que-fueron-afectadas-por-incendio-en-monte-patria","status":"publish","type":"post","link":"https:\/\/www.radiolimari.cl\/?p=8102","title":{"rendered":"Municipio de Ovalle entreg\u00f3 ayuda a las familias que fueron afectadas por incendio en Monte Patria"},"content":{"rendered":"<p><a href=\"https:\/\/www.radiolimari.cl\/wp-content\/uploads\/2022\/11\/28.11-Entrega-de-viviendas-de-emergencia-en-Monte-Patria-1.jpeg\"><img fetchpriority=\"high\" decoding=\"async\" class=\"alignnone size-medium wp-image-8103\" src=\"https:\/\/www.radiolimari.cl\/wp-content\/uploads\/2022\/11\/28.11-Entrega-de-viviendas-de-emergencia-en-Monte-Patria-1-300x225.jpeg\" alt=\"28.11 Entrega de viviendas de emergencia en Monte Patria (1)\" width=\"300\" height=\"225\" srcset=\"https:\/\/www.radiolimari.cl\/wp-content\/uploads\/2022\/11\/28.11-Entrega-de-viviendas-de-emergencia-en-Monte-Patria-1-300x225.jpeg 300w, https:\/\/www.radiolimari.cl\/wp-content\/uploads\/2022\/11\/28.11-Entrega-de-viviendas-de-emergencia-en-Monte-Patria-1.jpeg 1024w\" sizes=\"(max-width: 300px) 100vw, 300px\" \/><\/a><\/p>\n<p><strong><em>Este aporte municipal consisti\u00f3 en cinco viviendas de emergencia de 18 metros cuadrados, que fueron entregadas al alcalde de Monte Patria, Cristian Herrera, para ir en ayuda de quienes perdieron todo en el incendio que dej\u00f3 a 27 familias sin hogar, el pasado 1 de noviembre. <\/em><\/strong><!--more--><\/p>\n<p>Era un compromiso y se materializ\u00f3. El municipio de Ovalle entreg\u00f3 cinco viviendas de emergencia a la municipalidad de Monte Patria, con el fin de ir en ayuda de grupos familiares que fueron afectados por un incendio que afect\u00f3 al sector Los Laureles, en la madrugada del pasado martes 1 de noviembre. El siniestro dej\u00f3 a 27 familias desamparadas, puesto que perdieron sus viviendas y la totalidad de sus pertenencias, debido al paso del fuego que se propag\u00f3 r\u00e1pidamente y que quem\u00f3 m\u00e1s de tres hect\u00e1reas de terreno.<\/p>\n<p>Este hecho dej\u00f3 consternada a toda la regi\u00f3n de Coquimbo. Fue as\u00ed como el municipio de Ovalle concret\u00f3 esta ayuda consistente en cinco viviendas de emergencia de 18 metros cuadrados (6&#215;3 metros) aporte que fue aprobado por el Concejo Municipal.<\/p>\n<p>El alcalde protocolar, Blas Araya, el alcalde (S) de Ovalle, H\u00e9ctor Vega Campusano y la jefa del departamento Social, Edna Franulic entregaron esta ayuda al jefe comunal montepatrino, Cristian Herrera, quien agradeci\u00f3 el esp\u00edritu de solidaridad de la administraci\u00f3n municipal ovallina, puesta esta acci\u00f3n ser\u00e1 muy importante para darle bienestar a estas familias que vivieron una enorme tragedia.<\/p>\n<p>El alcalde de Monte Patria, Cristi\u00e1n Herrera se mostr\u00f3 muy contento y agradecido por este aporte. \u201cSolo Agradecer a quienes vienen a concretar esta ayuda y este apoyo que fue comprometido por el alcalde Claudio Renter\u00eda. Estamos contentos porque es un aporte que va a ayudar a muchas familias, porque hay viviendas de emergencias que se le han ido entregando a las personas afectadas en el sector Los Laureles y son muy pocos metros cuadrados, para el n\u00famero de integrantes del grupo familiar y estas van a venir a complementar esa necesidad, por lo que agradecemos el apoyo y la preocupaci\u00f3n de la comunidad ovallina\u201d.<\/p>\n<p>Al respecto, el alcalde Protocolar de Ovalle, Blas Araya reconoci\u00f3 que al interior del Concejo Municipal \u201caprobamos este aporte y lo hicimos con mucho gusto, porque nadie est\u00e1 libre de ser v\u00edctima de una tragedia como esta. Nosotros estamos dispuestos a ayudar como hermanos, como amigos y siempre estaremos para apoyar a las comunas vecinas\u201d. Finalmente, el alcalde (S) de Ovalle, H\u00e9ctor Vega Campusano indic\u00f3 que fue un compromiso \u201cque adquirimos y materializamos con la entrega de estas viviendas de emergencia que sabemos que ser\u00e1n de gran ayuda, para las familias que se vieron afectadas por este gran incendio que arras\u00f3 con sus hogares y sus pertenencias. Quisimos realizar esta donaci\u00f3n para mitigar en parte la tragedia que vivieron estas personas y esperamos que, a trav\u00e9s del Estado, se les d\u00e9 una soluci\u00f3n m\u00e1s definitiva.<\/p>\n<p>&nbsp;<\/p>\n","protected":false},"excerpt":{"rendered":"<p>Este aporte municipal consisti\u00f3 en cinco viviendas de emergencia de 18 metros cuadrados, que fueron entregadas al alcalde de Monte Patria, Cristian Herrera, para ir en ayuda de quienes perdieron todo en el incendio que dej\u00f3 a 27 familias sin hogar, el pasado 1 de noviembre.<\/p>\n","protected":false},"author":2,"featured_media":8103,"comment_status":"open","ping_status":"open","sticky":false,"template":"","format":"standard","meta":{"footnotes":""},"categories":[6],"tags":[],"class_list":["post-8102","post","type-post","status-publish","format-standard","has-post-thumbnail","hentry","category-regionales"],"_links":{"self":[{"href":"https:\/\/www.radiolimari.cl\/index.php?rest_route=\/wp\/v2\/posts\/8102","targetHints":{"allow":["GET"]}}],"collection":[{"href":"https:\/\/www.radiolimari.cl\/index.php?rest_route=\/wp\/v2\/posts"}],"about":[{"href":"https:\/\/www.radiolimari.cl\/index.php?rest_route=\/wp\/v2\/types\/post"}],"author":[{"embeddable":true,"href":"https:\/\/www.radiolimari.cl\/index.php?rest_route=\/wp\/v2\/users\/2"}],"replies":[{"embeddable":true,"href":"https:\/\/www.radiolimari.cl\/index.php?rest_route=%2Fwp%2Fv2%2Fcomments&post=8102"}],"version-history":[{"count":1,"href":"https:\/\/www.radiolimari.cl\/index.php?rest_route=\/wp\/v2\/posts\/8102\/revisions"}],"predecessor-version":[{"id":8104,"href":"https:\/\/www.radiolimari.cl\/index.php?rest_route=\/wp\/v2\/posts\/8102\/revisions\/8104"}],"wp:featuredmedia":[{"embeddable":true,"href":"https:\/\/www.radiolimari.cl\/index.php?rest_route=\/wp\/v2\/media\/8103"}],"wp:attachment":[{"href":"https:\/\/www.radiolimari.cl\/index.php?rest_route=%2Fwp%2Fv2%2Fmedia&parent=8102"}],"wp:term":[{"taxonomy":"category","embeddable":true,"href":"https:\/\/www.radiolimari.cl\/index.php?rest_route=%2Fwp%2Fv2%2Fcategories&post=8102"},{"taxonomy":"post_tag","embeddable":true,"href":"https:\/\/www.radiolimari.cl\/index.php?rest_route=%2Fwp%2Fv2%2Ftags&post=8102"}],"curies":[{"name":"wp","href":"https:\/\/api.w.org\/{rel}","templated":true}]}}