{"id":8094,"date":"2022-11-22T20:23:07","date_gmt":"2022-11-22T20:23:07","guid":{"rendered":"http:\/\/www.radiolimari.cl\/?p=8094"},"modified":"2022-11-22T20:23:07","modified_gmt":"2022-11-22T20:23:07","slug":"escuela-de-dirigentes-de-monte-patria-certifico-a-17-vecinos-de-flor-del-valle","status":"publish","type":"post","link":"https:\/\/www.radiolimari.cl\/?p=8094","title":{"rendered":"\u201cEscuela de Dirigentes\u201d de Monte Patria certific\u00f3 a 17 vecinos de Flor del Valle"},"content":{"rendered":"<p><a href=\"https:\/\/www.radiolimari.cl\/wp-content\/uploads\/2022\/11\/22.11-monte-patria.jpeg\"><img fetchpriority=\"high\" decoding=\"async\" class=\"alignnone size-medium wp-image-8095\" src=\"https:\/\/www.radiolimari.cl\/wp-content\/uploads\/2022\/11\/22.11-monte-patria-300x199.jpeg\" alt=\"22.11 monte patria\" width=\"300\" height=\"199\" srcset=\"https:\/\/www.radiolimari.cl\/wp-content\/uploads\/2022\/11\/22.11-monte-patria-300x199.jpeg 300w, https:\/\/www.radiolimari.cl\/wp-content\/uploads\/2022\/11\/22.11-monte-patria.jpeg 1024w\" sizes=\"(max-width: 300px) 100vw, 300px\" \/><\/a><\/p>\n<p><strong><em>Los beneficiarios de este programa de formaci\u00f3n son variados, entre ellos representantes de juntas de vecinos, clubes sociales, administradores agr\u00edcolas y de riego, entre otros.<\/em><\/strong><!--more--><\/p>\n<p>Elaboraci\u00f3n de proyectos; planificaci\u00f3n del trabajo en equipo; organizaci\u00f3n y m\u00e9todos; relaciones p\u00fablicas e informaciones, estas son solo algunas de las tem\u00e1ticas abordadas en las \u201cEscuelas de Dirigentes\u201d. Dicha propuesta, ya es una estrategia permanente de trabajo por parte de la Direcci\u00f3n de Desarrollo Comunitario (DIDECO) y que hoy tiene como principales beneficiarios a los dirigentes sociales de Flor del Valle.<\/p>\n<p>Uno de los pilares centrales declarados en la actual gesti\u00f3n municipal es la participaci\u00f3n ciudadana, frente a eso, el municipio de Monte Patria ha visto la necesidad de dotar a sus dirigentes de conocimientos y capacitaci\u00f3n en diversas materias, persiguiendo el objetivo de <em>\u201cdirigentes m\u00e1s empoderados\u201d. <\/em>Bajo esta premisa, es que a inicios de octubre del 2021 comenz\u00f3 la primera \u201cEscuela de dirigentes\u201d, la que se extiende hoy a distintas localidades.<\/p>\n<p>Este pasado viernes, 17 dirigentes de la localidad de Flor el Valle participaron de la \u00faltima clase de esta escuela de formaci\u00f3n, recibiendo de esta forma, su certificado de participaci\u00f3n. En la instancia estuvo presente el alcalde de la comuna, Cristian Herrera Pe\u00f1a y la directora de DIDECO, Ver\u00f3nica Z\u00e1rate, adem\u00e1s de los propios certificados y la monitora del taller.<\/p>\n<p>Maritza Garcia, integrante del club de adulto mayor \u201cSanta Mar\u00eda\u201d de Flor del Valle, valor\u00f3 la ense\u00f1anza entregada en estas jornadas de formaci\u00f3n de dirigencias, <strong>\u201cpara m\u00ed fue excelente, como no tenemos tanta sabidur\u00eda en esto, el taller nos viene de gran ayuda. Yo le dar\u00e9 a saber a la gente de mi club, somos 33, les explicar\u00e9 lo que aqu\u00ed nos ense\u00f1an. El alcalde ha hecho un bueno trabajo, por disponer a sus funcionarios para estas clases; ahora nosotros ya tenemos el camino listo, sabemos c\u00f3mo llegar y a quien acudir para lograr nuestros objetivos, vamos avanzando de a poco\u201d.<\/strong><strong>\u00a0<\/strong><\/p>\n<p>Desde la junta de vecinos de Flor del Valle Alto, Rosa Ver\u00f3nica \u00c1ngel, coment\u00f3 su impresi\u00f3n por las clases, destacando elementos como la informaci\u00f3n en materias de seguridad p\u00fablica y desarrollo de proyectos, <strong>\u201cfue s\u00faper entretenido, me sorprendi\u00f3 de buena forma, hablamos de distintas cosas, cosas de mucha utilidad que sirven para ayudar a la comunidad que uno representa. Nos ense\u00f1aron sobre seguridad ciudadana, a postular a proyectos, donde acudir y, en definitiva, formar a nuestras agrupaciones\u201d.<\/strong><\/p>\n<p>Para el alcalde de la comuna de Monte Patria, Cristian Herrera Pe\u00f1a, el t\u00e9rmino de esta escuela de dirigentes es significativo, pues no solo se trata de un aprendizaje individual para los dirigentes, sino que adem\u00e1s se potencia el fortalecimiento del tejido social de la comuna, <strong>\u201cdentro de nuestros ejes de gobierno est\u00e1 la participaci\u00f3n ciudadana como un pilar fundamental, nosotros construimos comuna con nuestros dirigentes, por eso decidimos entregarles herramientas. Hoy en Flor del Valle estamos certificando a diversos dirigentes, algunos antiguos con trayectoria y otros dirigentes nuevos, todos aprendiendo sobre postulaciones de proyectos. Hemos pasado la resoluci\u00f3n de conflictos al interior de las comunidades, temas de seguridad ciudadana, postulaciones y bueno, un sinf\u00edn de tem\u00e1ticas; Monte Patria eres t\u00fa, Monte Patria somos todos\u201d.<\/strong><\/p>\n<p>Desde la gesti\u00f3n municipal se reafirma el compromiso de mantener las \u201cEscuelas de dirigentes\u201d; en cuanto al os dirigentes del curso reci\u00e9n egreso, estos tendr\u00e1n la misi\u00f3n de transmitir dichos conocimientos a sus representados, sean juntas de vecinos, clubes sociales, administradoras agr\u00edcolas y de riego, entre otras.<\/p>\n","protected":false},"excerpt":{"rendered":"<p>Los beneficiarios de este programa de formaci\u00f3n son variados, entre ellos representantes de juntas de vecinos, clubes sociales, administradores agr\u00edcolas y de riego, entre otros.<\/p>\n","protected":false},"author":2,"featured_media":8095,"comment_status":"open","ping_status":"open","sticky":false,"template":"","format":"standard","meta":{"footnotes":""},"categories":[5],"tags":[],"class_list":["post-8094","post","type-post","status-publish","format-standard","has-post-thumbnail","hentry","category-actualidad-limarina"],"_links":{"self":[{"href":"https:\/\/www.radiolimari.cl\/index.php?rest_route=\/wp\/v2\/posts\/8094","targetHints":{"allow":["GET"]}}],"collection":[{"href":"https:\/\/www.radiolimari.cl\/index.php?rest_route=\/wp\/v2\/posts"}],"about":[{"href":"https:\/\/www.radiolimari.cl\/index.php?rest_route=\/wp\/v2\/types\/post"}],"author":[{"embeddable":true,"href":"https:\/\/www.radiolimari.cl\/index.php?rest_route=\/wp\/v2\/users\/2"}],"replies":[{"embeddable":true,"href":"https:\/\/www.radiolimari.cl\/index.php?rest_route=%2Fwp%2Fv2%2Fcomments&post=8094"}],"version-history":[{"count":2,"href":"https:\/\/www.radiolimari.cl\/index.php?rest_route=\/wp\/v2\/posts\/8094\/revisions"}],"predecessor-version":[{"id":8097,"href":"https:\/\/www.radiolimari.cl\/index.php?rest_route=\/wp\/v2\/posts\/8094\/revisions\/8097"}],"wp:featuredmedia":[{"embeddable":true,"href":"https:\/\/www.radiolimari.cl\/index.php?rest_route=\/wp\/v2\/media\/8095"}],"wp:attachment":[{"href":"https:\/\/www.radiolimari.cl\/index.php?rest_route=%2Fwp%2Fv2%2Fmedia&parent=8094"}],"wp:term":[{"taxonomy":"category","embeddable":true,"href":"https:\/\/www.radiolimari.cl\/index.php?rest_route=%2Fwp%2Fv2%2Fcategories&post=8094"},{"taxonomy":"post_tag","embeddable":true,"href":"https:\/\/www.radiolimari.cl\/index.php?rest_route=%2Fwp%2Fv2%2Ftags&post=8094"}],"curies":[{"name":"wp","href":"https:\/\/api.w.org\/{rel}","templated":true}]}}