{"id":8086,"date":"2022-11-17T18:41:11","date_gmt":"2022-11-17T18:41:11","guid":{"rendered":"http:\/\/www.radiolimari.cl\/?p=8086"},"modified":"2022-11-17T18:41:11","modified_gmt":"2022-11-17T18:41:11","slug":"en-ovalle-municipio-licitara-7-locales-comerciales-del-mercado-municipal","status":"publish","type":"post","link":"https:\/\/www.radiolimari.cl\/?p=8086","title":{"rendered":"En Ovalle Municipio licitar\u00e1 7 locales comerciales del Mercado Municipal."},"content":{"rendered":"<p><a href=\"https:\/\/www.radiolimari.cl\/wp-content\/uploads\/2022\/11\/17.11-MERCADO-MUNICIPAL-1.jpg\"><img fetchpriority=\"high\" decoding=\"async\" class=\"alignnone size-medium wp-image-8087\" src=\"https:\/\/www.radiolimari.cl\/wp-content\/uploads\/2022\/11\/17.11-MERCADO-MUNICIPAL-1-300x200.jpg\" alt=\"17.11 MERCADO MUNICIPAL (1)\" width=\"300\" height=\"200\" srcset=\"https:\/\/www.radiolimari.cl\/wp-content\/uploads\/2022\/11\/17.11-MERCADO-MUNICIPAL-1-300x200.jpg 300w, https:\/\/www.radiolimari.cl\/wp-content\/uploads\/2022\/11\/17.11-MERCADO-MUNICIPAL-1-1024x683.jpg 1024w\" sizes=\"(max-width: 300px) 100vw, 300px\" \/><\/a><\/p>\n<p><strong><em>Los interesados podr\u00e1n retirar las bases hasta el pr\u00f3ximo 25 de noviembre y optar a contar con un puesto en uno de los recintos comerciales m\u00e1s emblem\u00e1ticos de la comuna. El resultado del proceso se conocer\u00e1 el 15 de diciembre de este a\u00f1o<\/em><\/strong><!--more--><\/p>\n<p>El municipio de Ovalle abri\u00f3 un proceso de licitaci\u00f3n de 7 locales comerciales en el Mercado Municipal. Se trata de la Propuesta P\u00fablica 183\/2022, que permitir\u00e1 que un grupo de comerciantes se pueda formalizar, y ser parte de uno de los recintos de mayor tradici\u00f3n en nuestra comuna.<\/p>\n<p>La publicaci\u00f3n de la propuesta se realiz\u00f3 este jueves 17 de noviembre, por lo que las personas interesadas pueden retirar las bases hasta el 25 de este mes, en la Oficina de Partes del municipio de Ovalle, ubicada en Arizt\u00eda Poniente N\u00b07, en las ex dependencias del Hospital Antonio Tirado Lanas. Quienes participen tienen hasta el 25 de noviembre para realizar sus consultas, las cuales ser\u00e1n respondidas, a trav\u00e9s de un informativo que ser\u00e1 publicado en el hall central del municipio, el pr\u00f3ximo 2 de diciembre.<\/p>\n<p>\u201cLas personas que se hagan parte de este proceso tendr\u00e1n la posibilidad de hacer una visita a terreno, junto a profesionales del municipio, el pr\u00f3ximo 30 de noviembre a las 10.30 horas, para que puedan conocer los locales que se encuentran disponibles para ser ocupados, y los rubros que pueden ejercer\u201d sostuvo el jefe del departamento de Rentas, V\u00edctor Lara.<\/p>\n<p>La presentaci\u00f3n de las ofertas de los participantes ser\u00e1 desde el 5 al 9 de diciembre hasta las 14 horas, las cuales deber\u00e1n ser presentadas en la Oficina de Partes del municipio. Finalmente, la apertura se efectuar\u00e1 el 15 de diciembre a las 9.30 horas, en el sal\u00f3n auditorium del municipio.<\/p>\n<p>Por su parte, el alcalde (S) de Ovalle, H\u00e9ctor Vega Campusano indic\u00f3 que \u201ces una gran oportunidad para que sean parte del Mercado Municipal, donde diariamente llegan muchas personas, principalmente del sector rural, que vienen al centro urbano a realizar sus tr\u00e1mites y compras. Nosotros queremos que estos locales comerciales sean ocupados y que siete familias tengan la posibilidad de mejorar su calidad de vida\u201d.<\/p>\n<p>Recordemos, que la administraci\u00f3n municipal est\u00e1 trabajando en un proyecto de mejoramiento del Mercado Municipal, que alcanzar\u00e1 una inversi\u00f3n cercana a los 400 millones de pesos. Las obras incluir\u00e1n un sistema de alcantarillado, la modificaci\u00f3n del dise\u00f1o de los locales interiores, ampliaci\u00f3n de pasillos, instalaci\u00f3n de puertas de acceso autom\u00e1ticas y el mejoramiento general de la zona interior.<\/p>\n<p>&nbsp;<\/p>\n<p>&nbsp;<\/p>\n","protected":false},"excerpt":{"rendered":"<p>Los interesados podr\u00e1n retirar las bases hasta el pr\u00f3ximo 25 de noviembre y optar a contar con un puesto en uno de los recintos comerciales m\u00e1s emblem\u00e1ticos de la comuna. El resultado del proceso se conocer\u00e1 el 15 de diciembre de este a\u00f1o<\/p>\n","protected":false},"author":2,"featured_media":8087,"comment_status":"open","ping_status":"open","sticky":false,"template":"","format":"standard","meta":{"footnotes":""},"categories":[5],"tags":[],"class_list":["post-8086","post","type-post","status-publish","format-standard","has-post-thumbnail","hentry","category-actualidad-limarina"],"_links":{"self":[{"href":"https:\/\/www.radiolimari.cl\/index.php?rest_route=\/wp\/v2\/posts\/8086","targetHints":{"allow":["GET"]}}],"collection":[{"href":"https:\/\/www.radiolimari.cl\/index.php?rest_route=\/wp\/v2\/posts"}],"about":[{"href":"https:\/\/www.radiolimari.cl\/index.php?rest_route=\/wp\/v2\/types\/post"}],"author":[{"embeddable":true,"href":"https:\/\/www.radiolimari.cl\/index.php?rest_route=\/wp\/v2\/users\/2"}],"replies":[{"embeddable":true,"href":"https:\/\/www.radiolimari.cl\/index.php?rest_route=%2Fwp%2Fv2%2Fcomments&post=8086"}],"version-history":[{"count":1,"href":"https:\/\/www.radiolimari.cl\/index.php?rest_route=\/wp\/v2\/posts\/8086\/revisions"}],"predecessor-version":[{"id":8088,"href":"https:\/\/www.radiolimari.cl\/index.php?rest_route=\/wp\/v2\/posts\/8086\/revisions\/8088"}],"wp:featuredmedia":[{"embeddable":true,"href":"https:\/\/www.radiolimari.cl\/index.php?rest_route=\/wp\/v2\/media\/8087"}],"wp:attachment":[{"href":"https:\/\/www.radiolimari.cl\/index.php?rest_route=%2Fwp%2Fv2%2Fmedia&parent=8086"}],"wp:term":[{"taxonomy":"category","embeddable":true,"href":"https:\/\/www.radiolimari.cl\/index.php?rest_route=%2Fwp%2Fv2%2Fcategories&post=8086"},{"taxonomy":"post_tag","embeddable":true,"href":"https:\/\/www.radiolimari.cl\/index.php?rest_route=%2Fwp%2Fv2%2Ftags&post=8086"}],"curies":[{"name":"wp","href":"https:\/\/api.w.org\/{rel}","templated":true}]}}